{"id":1420,"date":"2014-12-05T18:00:46","date_gmt":"2014-12-05T17:00:46","guid":{"rendered":"http:\/\/wp.unil.ch\/geoblog\/?p=1420"},"modified":"2019-01-22T10:32:01","modified_gmt":"2019-01-22T09:32:01","slug":"habiter-lespace-habiter-le-temps-shabiter-soi-meme","status":"publish","type":"post","link":"https:\/\/wp.unil.ch\/geoblog\/2014\/12\/habiter-lespace-habiter-le-temps-shabiter-soi-meme\/","title":{"rendered":"Habiter l&rsquo;espace &#8211; Habiter le temps &#8211; S&rsquo;habiter soi-m\u00eame"},"content":{"rendered":"<h6>Construire et faire durer une \u00e9conomie soutenable<\/h6>\n<p>Une conf\u00e9rence donn\u00e9e par Monsieur Christian ARNSPERGER, professeur ordinaire \u00e0 l&rsquo;Institut de g\u00e9ographie et durabilit\u00e9 (IGD), le 5 d\u00e9cembre 2014 \u00e0 l&rsquo;occasion de la F\u00eate des dipl\u00f4m\u00e9s GSE.<br \/>\n<!--more--><\/p>\n<div style=\"width: 640px;\" class=\"wp-video\"><video class=\"wp-video-shortcode\" id=\"video-1420-1\" width=\"640\" height=\"360\" poster=\"https:\/\/av.unil.ch\/hva\/1818\/14-fgse-rdipl_hd.png\" controls=\"controls\"><source type=\"video\/mp4\" src=\"https:\/\/av.unil.ch\/hva\/1818\/14-fgse-rdipl_hd.mp4?_=1\" \/><source type=\"video\/webm\" src=\"https:\/\/av.unil.ch\/hva\/1818\/14-fgse-rdipl_hd.webm?_=1\" \/><a href=\"https:\/\/av.unil.ch\/hva\/1818\/14-fgse-rdipl_hd.mp4\">https:\/\/av.unil.ch\/hva\/1818\/14-fgse-rdipl_hd.mp4<\/a><\/video><\/div>\n","protected":false},"excerpt":{"rendered":"<p>Construire et faire durer une \u00e9conomie soutenable Une conf\u00e9rence donn\u00e9e par Monsieur Christian ARNSPERGER, professeur ordinaire \u00e0 l&rsquo;Institut de g\u00e9ographie et durabilit\u00e9 (IGD), le 5 d\u00e9cembre 2014 \u00e0 l&rsquo;occasion de la F\u00eate des dipl\u00f4m\u00e9s GSE.<\/p>\n","protected":false},"author":47,"featured_media":4036,"comment_status":"open","ping_status":"closed","sticky":false,"template":"","format":"video","meta":{"_seopress_robots_primary_cat":"","_seopress_titles_title":"","_seopress_titles_desc":"","_seopress_robots_index":"","footnotes":"","_links_to":"","_links_to_target":""},"categories":[5798],"tags":[66943],"class_list":{"0":"post-1420","1":"post","2":"type-post","3":"status-publish","4":"format-video","5":"has-post-thumbnail","7":"category-evenements","8":"tag-christian-arnsperger","9":"post_format-post-format-video"},"_links":{"self":[{"href":"https:\/\/wp.unil.ch\/geoblog\/wp-json\/wp\/v2\/posts\/1420","targetHints":{"allow":["GET"]}}],"collection":[{"href":"https:\/\/wp.unil.ch\/geoblog\/wp-json\/wp\/v2\/posts"}],"about":[{"href":"https:\/\/wp.unil.ch\/geoblog\/wp-json\/wp\/v2\/types\/post"}],"author":[{"embeddable":true,"href":"https:\/\/wp.unil.ch\/geoblog\/wp-json\/wp\/v2\/users\/47"}],"replies":[{"embeddable":true,"href":"https:\/\/wp.unil.ch\/geoblog\/wp-json\/wp\/v2\/comments?post=1420"}],"version-history":[{"count":0,"href":"https:\/\/wp.unil.ch\/geoblog\/wp-json\/wp\/v2\/posts\/1420\/revisions"}],"wp:featuredmedia":[{"embeddable":true,"href":"https:\/\/wp.unil.ch\/geoblog\/wp-json\/wp\/v2\/media\/4036"}],"wp:attachment":[{"href":"https:\/\/wp.unil.ch\/geoblog\/wp-json\/wp\/v2\/media?parent=1420"}],"wp:term":[{"taxonomy":"category","embeddable":true,"href":"https:\/\/wp.unil.ch\/geoblog\/wp-json\/wp\/v2\/categories?post=1420"},{"taxonomy":"post_tag","embeddable":true,"href":"https:\/\/wp.unil.ch\/geoblog\/wp-json\/wp\/v2\/tags?post=1420"}],"curies":[{"name":"wp","href":"https:\/\/api.w.org\/{rel}","templated":true}]}}