{"id":1784,"date":"2020-04-07T12:28:27","date_gmt":"2020-04-07T10:28:27","guid":{"rendered":"http:\/\/wp.unil.ch\/futurspossibles\/?p=1784"},"modified":"2020-04-08T16:08:29","modified_gmt":"2020-04-08T14:08:29","slug":"bruno-latour-et-la-crise-du-coronavirus-sur-france-inter","status":"publish","type":"post","link":"https:\/\/wp.unil.ch\/futurspossibles\/2020\/04\/bruno-latour-et-la-crise-du-coronavirus-sur-france-inter\/","title":{"rendered":"Bruno Latour et la crise du coronavirus sur France Inter"},"content":{"rendered":"<blockquote>\n<h5>\u00ab\u00a0En d\u00e9cembre, on allait vers une autre catastrophe qui est la mutation \u00e9cologique. Malgr\u00e9 la situation tragique que nous vivons, elle est moins tragique pour les gens qui s\u2019int\u00e9ressent \u00e0 la mutation \u00e9cologique\u00a0\u00bb<\/h5>\n<h5>(L&rsquo;invit\u00e9 de 8h20 : 3 avril 2020)<\/h5>\n<\/blockquote>\n<p>Bruno Latour est sociologue, anthropologue et philosophe des sciences.<\/p>\n<p><iframe loading=\"lazy\" title=\"&quot;Si on ne profite pas de cette situation incroyable pour changer, c\u2019est g\u00e2cher une crise&quot; B. Latour\" width=\"735\" height=\"413\" src=\"https:\/\/www.youtube.com\/embed\/KtmmfWZb8Ww?feature=oembed\" frameborder=\"0\" allow=\"accelerometer; autoplay; clipboard-write; encrypted-media; gyroscope; picture-in-picture; web-share\" allowfullscreen><\/iframe><br \/>\n<a href=\"https:\/\/www.franceinter.fr\/emissions\/l-invite-de-8h20-le-grand-entretien\/l-invite-de-8h20-le-grand-entretien-03-avril-2020\" target=\"_blank\" rel=\"noopener noreferrer\">Lien vers le site de France Inter<\/a><\/p>\n<p>Sur son site internet, Bruno Latour propose un article passionnant au titre \u00e9vocateur et \u00ab\u00a0un outil pour aider au discernement\u00a0\u00bb:<\/p>\n<h5>Exercice pour pr\u00e9parer l&rsquo;apr\u00e8s crise sanitaire pour \u00eatre s\u00fbr que tout ne reprenne pas comme avant<\/h5>\n<p><a href=\"https:\/\/www.bruno-latour.fr\/sites\/default\/files\/downloads\/P-202-AOC-03-20.pdf\" target=\"_blank\" rel=\"noopener noreferrer\">\u00c0 lire ici en PDF, l&rsquo;article <em>Imaginer les gestes-barri\u00e8res contre le retour \u00e0 la production d\u2019avant-crise<\/em><\/a><br \/>\n<a href=\"https:\/\/www.bruno-latour.fr\/fr\/node\/851.html\" target=\"_blank\" rel=\"noopener noreferrer\">\u00c0 retrouver sur son site <\/a><br \/>\n<a href=\"https:\/\/docs.google.com\/forms\/d\/e\/1FAIpQLScipFUu1cmZfou17Eo1x6JT-0D6nt7KsLtK0JTyS5VZEuUzfA\/viewform\" target=\"_blank\" rel=\"noopener noreferrer\">O\u00f9 atterrir apr\u00e8s la pand\u00e9mie ? <\/a><strong>Questions pour auto-description<\/strong>. \u00ab\u00a0Profitons de la suspension forc\u00e9e de nos activit\u00e9s pour dresser l&rsquo;inventaire de celles que nous aimerions voir reprendre \u00e0 l&rsquo;identique (comme avant), mieux, ou qu&rsquo;elles ne reprennent pas du tout. Le but est de faire la liste des activit\u00e9s dont vous vous sentez priv\u00e9es par la crise actuelle et qui vous donne la sensation d\u2019une atteinte \u00e0 vos conditions essentielles de subsistance\u00a0\u00bb<\/p>\n","protected":false},"excerpt":{"rendered":"<p>\u00ab\u00a0En d\u00e9cembre, on allait vers une autre catastrophe qui est la mutation \u00e9cologique. Malgr\u00e9 la situation tragique que nous vivons, elle est moins tragique pour les gens qui s\u2019int\u00e9ressent \u00e0 &hellip; <\/p>\n","protected":false},"author":1001409,"featured_media":1785,"comment_status":"open","ping_status":"closed","sticky":false,"template":"","format":"standard","meta":{"_seopress_robots_primary_cat":"","_seopress_titles_title":"","_seopress_titles_desc":"","_seopress_robots_index":"","_uag_custom_page_level_css":"","footnotes":""},"categories":[26,1,20],"tags":[],"class_list":{"0":"post-1784","1":"post","2":"type-post","3":"status-publish","4":"format-standard","5":"has-post-thumbnail","7":"category-effondrements","8":"category-stimulez-vos-imaginaires","9":"category-video"},"uagb_featured_image_src":{"full":["https:\/\/wp.unil.ch\/futurspossibles\/files\/2020\/04\/BrunoLatour.jpeg",610,341,false],"thumbnail":["https:\/\/wp.unil.ch\/futurspossibles\/files\/2020\/04\/BrunoLatour-150x150.jpeg",150,150,true],"medium":["https:\/\/wp.unil.ch\/futurspossibles\/files\/2020\/04\/BrunoLatour-300x168.jpeg",300,168,true],"medium_large":["https:\/\/wp.unil.ch\/futurspossibles\/files\/2020\/04\/BrunoLatour.jpeg",610,341,false],"large":["https:\/\/wp.unil.ch\/futurspossibles\/files\/2020\/04\/BrunoLatour.jpeg",610,341,false],"1536x1536":["https:\/\/wp.unil.ch\/futurspossibles\/files\/2020\/04\/BrunoLatour.jpeg",610,341,false],"2048x2048":["https:\/\/wp.unil.ch\/futurspossibles\/files\/2020\/04\/BrunoLatour.jpeg",610,341,false],"hitmag-landscape":["https:\/\/wp.unil.ch\/futurspossibles\/files\/2020\/04\/BrunoLatour.jpeg",610,341,false],"hitmag-featured":["https:\/\/wp.unil.ch\/futurspossibles\/files\/2020\/04\/BrunoLatour.jpeg",610,341,false],"hitmag-grid":["https:\/\/wp.unil.ch\/futurspossibles\/files\/2020\/04\/BrunoLatour-348x215.jpeg",348,215,true],"hitmag-list":["https:\/\/wp.unil.ch\/futurspossibles\/files\/2020\/04\/BrunoLatour-290x220.jpeg",290,220,true],"hitmag-thumbnail":["https:\/\/wp.unil.ch\/futurspossibles\/files\/2020\/04\/BrunoLatour-135x93.jpeg",135,93,true],"mailpoet_newsletter_max":["https:\/\/wp.unil.ch\/futurspossibles\/files\/2020\/04\/BrunoLatour.jpeg",610,341,false]},"uagb_author_info":{"display_name":"Nicolas Carrel","author_link":"https:\/\/wp.unil.ch\/futurspossibles\/author\/ncarrel\/"},"uagb_comment_info":0,"uagb_excerpt":"\u00ab\u00a0En d\u00e9cembre, on allait vers une autre catastrophe qui est la mutation \u00e9cologique. Malgr\u00e9 la situation tragique que nous vivons, elle est moins tragique pour les gens qui s\u2019int\u00e9ressent \u00e0 &hellip;","_links":{"self":[{"href":"https:\/\/wp.unil.ch\/futurspossibles\/wp-json\/wp\/v2\/posts\/1784","targetHints":{"allow":["GET"]}}],"collection":[{"href":"https:\/\/wp.unil.ch\/futurspossibles\/wp-json\/wp\/v2\/posts"}],"about":[{"href":"https:\/\/wp.unil.ch\/futurspossibles\/wp-json\/wp\/v2\/types\/post"}],"author":[{"embeddable":true,"href":"https:\/\/wp.unil.ch\/futurspossibles\/wp-json\/wp\/v2\/users\/1001409"}],"replies":[{"embeddable":true,"href":"https:\/\/wp.unil.ch\/futurspossibles\/wp-json\/wp\/v2\/comments?post=1784"}],"version-history":[{"count":0,"href":"https:\/\/wp.unil.ch\/futurspossibles\/wp-json\/wp\/v2\/posts\/1784\/revisions"}],"wp:featuredmedia":[{"embeddable":true,"href":"https:\/\/wp.unil.ch\/futurspossibles\/wp-json\/wp\/v2\/media\/1785"}],"wp:attachment":[{"href":"https:\/\/wp.unil.ch\/futurspossibles\/wp-json\/wp\/v2\/media?parent=1784"}],"wp:term":[{"taxonomy":"category","embeddable":true,"href":"https:\/\/wp.unil.ch\/futurspossibles\/wp-json\/wp\/v2\/categories?post=1784"},{"taxonomy":"post_tag","embeddable":true,"href":"https:\/\/wp.unil.ch\/futurspossibles\/wp-json\/wp\/v2\/tags?post=1784"}],"curies":[{"name":"wp","href":"https:\/\/api.w.org\/{rel}","templated":true}]}}