{"id":1669,"date":"2020-03-23T16:53:03","date_gmt":"2020-03-23T15:53:03","guid":{"rendered":"http:\/\/wp.unil.ch\/futurspossibles\/?p=1669"},"modified":"2020-04-11T15:24:20","modified_gmt":"2020-04-11T13:24:20","slug":"comment-raconter-lanthropocene-aux-humains","status":"publish","type":"post","link":"https:\/\/wp.unil.ch\/futurspossibles\/2020\/03\/comment-raconter-lanthropocene-aux-humains\/","title":{"rendered":"Comment raconter l&rsquo;anthropoc\u00e8ne aux humains ?"},"content":{"rendered":"<div class=\"\">\n<div class=\"\">\n<div class=\"\">\n<p>Nathalie Diaz nous conseille la vid\u00e9o \u00ab\u00a0<em><strong>Comment raconter l&rsquo;anthropoc\u00e8ne aux humains ?<\/strong><\/em>\u00a0\u00bb de Batiste Morizot, Professeur en philosophie \u00e0 l&rsquo;Universit\u00e9 Aix-Marseille.<\/p>\n<div><em>Intervention \u00e0 l&rsquo;occasion des journ\u00e9es de l&rsquo;Acad\u00e9mie du Royaume du Maroc tenues en octobre 2016 \u00e0 Marrakech<\/em><\/div>\n<div class=\"\">\n<div class=\"\"><a href=\"https:\/\/youtu.be\/UxtvmSHF4nA\"><img alt=\"\" loading=\"lazy\" decoding=\"async\" class=\"aligncenter size-full wp-image-1828\" src=\"https:\/\/wp.unil.ch\/futurspossibles\/files\/2020\/03\/video_Morizot_fleche.jpg\" alt=\"\" width=\"1426\" height=\"800\" srcset=\"https:\/\/wp.unil.ch\/futurspossibles\/files\/2020\/03\/video_Morizot_fleche.jpg 1426w, https:\/\/wp.unil.ch\/futurspossibles\/files\/2020\/03\/video_Morizot_fleche-300x168.jpg 300w, https:\/\/wp.unil.ch\/futurspossibles\/files\/2020\/03\/video_Morizot_fleche-1024x574.jpg 1024w, https:\/\/wp.unil.ch\/futurspossibles\/files\/2020\/03\/video_Morizot_fleche-768x431.jpg 768w, https:\/\/wp.unil.ch\/futurspossibles\/files\/2020\/03\/video_Morizot_fleche-1320x741.jpg 1320w\" sizes=\"auto, (max-width: 1426px) 100vw, 1426px\" \/><\/a><\/div>\n<\/div>\n<\/div>\n<\/div>\n<\/div>\n<div>\u00ad<\/div>\n<div><\/div>\n<div>\n<hr \/>\n<\/div>\n<div class=\"\">\n<div class=\"\">\n<div class=\"\">\n<div class=\"\">\n<div class=\"\">En compl\u00e9ment, Nathalie Diaz nous conseille \u00e9galement le dialogue \u00ab\u00a0<em><strong>Red\u00e9couvir la terre<\/strong><\/em>\u00ab\u00a0, texte passionnant sous forme d&rsquo;un dialogue entre Pierre Charbonnier, Baptiste Morizot et Bruno Latour sur le sujet de notre rapport \u00e0 la Terre.<\/div>\n<\/div>\n<\/div>\n<\/div>\n<div class=\"\">\n<div><\/div>\n<\/div>\n<\/div>\n<blockquote>\n<div>\u00ab\u00a0Le texte qui suit n\u2019est ni un entretien, comme il en para\u00eet r\u00e9guli\u00e8rement dans Trac\u00e9s, ni un article en bonne et due forme. Il s\u2019agit d\u2019un dialogue entre trois chercheurs qui entretiennent avec le pr\u00e9sent num\u00e9ro des relations diff\u00e9rentes : il associe l\u2019un de ses coordinateurs (Pierre Charbonnier), l\u2019un de ses auteurs (Baptiste Morizot) et le sociologue et philosophe Bruno Latour. L\u2019int\u00e9r\u00eat r\u00e9cemment aich\u00e9 par ce dernier pour la question terrienne a provoqu\u00e9 cette rencontre et l\u2019\u00e9change qu\u2019on va lire.\u00a0\u00bb<\/div>\n<\/blockquote>\n<div>Lien vers le pdf<a href=\"https:\/\/wp.unil.ch\/futurspossibles\/files\/2020\/03\/Redecouvrir_la_terre._Dialogue.pdf\"> Redecouvrir_la_terre._Dialogue<\/a><\/div>\n<div class=\"\">\n<div class=\"\">\n<div class=\"\"><\/div>\n<\/div>\n<\/div>\n","protected":false},"excerpt":{"rendered":"<p>Conseill\u00e9 par Nathalie Diaz \/\/ La vid\u00e9o cit\u00e9e, compl\u00e9t\u00e9e d&rsquo;un dialogue passionnant entre Pierre Charbonnier, Baptiste Morizot et Bruno Latour sur le sujet de notre rapport \u00e0 la Terre.<\/p>\n","protected":false},"author":1119,"featured_media":1828,"comment_status":"open","ping_status":"closed","sticky":false,"template":"","format":"standard","meta":{"_seopress_robots_primary_cat":"","_seopress_titles_title":"","_seopress_titles_desc":"","_seopress_robots_index":"","_uag_custom_page_level_css":"","footnotes":""},"categories":[11,1,20],"tags":[],"class_list":{"0":"post-1669","1":"post","2":"type-post","3":"status-publish","4":"format-standard","5":"has-post-thumbnail","7":"category-gouvernance-democratie","8":"category-stimulez-vos-imaginaires","9":"category-video"},"uagb_featured_image_src":{"full":["https:\/\/wp.unil.ch\/futurspossibles\/files\/2020\/03\/video_Morizot_fleche.jpg",1426,800,false],"thumbnail":["https:\/\/wp.unil.ch\/futurspossibles\/files\/2020\/03\/video_Morizot_fleche-150x150.jpg",150,150,true],"medium":["https:\/\/wp.unil.ch\/futurspossibles\/files\/2020\/03\/video_Morizot_fleche-300x168.jpg",300,168,true],"medium_large":["https:\/\/wp.unil.ch\/futurspossibles\/files\/2020\/03\/video_Morizot_fleche-768x431.jpg",735,412,true],"large":["https:\/\/wp.unil.ch\/futurspossibles\/files\/2020\/03\/video_Morizot_fleche-1024x574.jpg",735,412,true],"1536x1536":["https:\/\/wp.unil.ch\/futurspossibles\/files\/2020\/03\/video_Morizot_fleche.jpg",1426,800,false],"2048x2048":["https:\/\/wp.unil.ch\/futurspossibles\/files\/2020\/03\/video_Morizot_fleche.jpg",1426,800,false],"hitmag-landscape":["https:\/\/wp.unil.ch\/futurspossibles\/files\/2020\/03\/video_Morizot_fleche-1120x450.jpg",1120,450,true],"hitmag-featured":["https:\/\/wp.unil.ch\/futurspossibles\/files\/2020\/03\/video_Morizot_fleche-735x400.jpg",735,400,true],"hitmag-grid":["https:\/\/wp.unil.ch\/futurspossibles\/files\/2020\/03\/video_Morizot_fleche-348x215.jpg",348,215,true],"hitmag-list":["https:\/\/wp.unil.ch\/futurspossibles\/files\/2020\/03\/video_Morizot_fleche-290x220.jpg",290,220,true],"hitmag-thumbnail":["https:\/\/wp.unil.ch\/futurspossibles\/files\/2020\/03\/video_Morizot_fleche-135x93.jpg",135,93,true],"mailpoet_newsletter_max":["https:\/\/wp.unil.ch\/futurspossibles\/files\/2020\/03\/video_Morizot_fleche-1320x741.jpg",1320,741,true]},"uagb_author_info":{"display_name":"Delphine Ducoulombier","author_link":"https:\/\/wp.unil.ch\/futurspossibles\/author\/dducoulo\/"},"uagb_comment_info":0,"uagb_excerpt":"Conseill\u00e9 par Nathalie Diaz \/\/ La vid\u00e9o cit\u00e9e, compl\u00e9t\u00e9e d'un dialogue passionnant entre Pierre Charbonnier, Baptiste Morizot et Bruno Latour sur le sujet de notre rapport \u00e0 la Terre.","_links":{"self":[{"href":"https:\/\/wp.unil.ch\/futurspossibles\/wp-json\/wp\/v2\/posts\/1669","targetHints":{"allow":["GET"]}}],"collection":[{"href":"https:\/\/wp.unil.ch\/futurspossibles\/wp-json\/wp\/v2\/posts"}],"about":[{"href":"https:\/\/wp.unil.ch\/futurspossibles\/wp-json\/wp\/v2\/types\/post"}],"author":[{"embeddable":true,"href":"https:\/\/wp.unil.ch\/futurspossibles\/wp-json\/wp\/v2\/users\/1119"}],"replies":[{"embeddable":true,"href":"https:\/\/wp.unil.ch\/futurspossibles\/wp-json\/wp\/v2\/comments?post=1669"}],"version-history":[{"count":0,"href":"https:\/\/wp.unil.ch\/futurspossibles\/wp-json\/wp\/v2\/posts\/1669\/revisions"}],"wp:featuredmedia":[{"embeddable":true,"href":"https:\/\/wp.unil.ch\/futurspossibles\/wp-json\/wp\/v2\/media\/1828"}],"wp:attachment":[{"href":"https:\/\/wp.unil.ch\/futurspossibles\/wp-json\/wp\/v2\/media?parent=1669"}],"wp:term":[{"taxonomy":"category","embeddable":true,"href":"https:\/\/wp.unil.ch\/futurspossibles\/wp-json\/wp\/v2\/categories?post=1669"},{"taxonomy":"post_tag","embeddable":true,"href":"https:\/\/wp.unil.ch\/futurspossibles\/wp-json\/wp\/v2\/tags?post=1669"}],"curies":[{"name":"wp","href":"https:\/\/api.w.org\/{rel}","templated":true}]}}