{"id":1490,"date":"2020-02-15T16:51:54","date_gmt":"2020-02-15T15:51:54","guid":{"rendered":"http:\/\/wp.unil.ch\/futurspossibles\/?p=1490"},"modified":"2020-02-15T17:07:03","modified_gmt":"2020-02-15T16:07:03","slug":"engagement-planetaire","status":"publish","type":"post","link":"https:\/\/wp.unil.ch\/futurspossibles\/2020\/02\/engagement-planetaire\/","title":{"rendered":"Engagement plan\u00e9taire"},"content":{"rendered":"<p><a href=\"https:\/\/wp.unil.ch\/futurspossibles\/files\/2020\/02\/engagement_plane\u0301taire.png\"><img alt=\"\" loading=\"lazy\" decoding=\"async\" class=\"aligncenter wp-image-1493\" src=\"https:\/\/wp.unil.ch\/futurspossibles\/files\/2020\/02\/engagement_plane\u0301taire.png\" alt=\"\" width=\"507\" height=\"285\" srcset=\"https:\/\/wp.unil.ch\/futurspossibles\/files\/2020\/02\/engagement_plane\u0301taire.png 1920w, https:\/\/wp.unil.ch\/futurspossibles\/files\/2020\/02\/engagement_plane\u0301taire-300x169.png 300w, https:\/\/wp.unil.ch\/futurspossibles\/files\/2020\/02\/engagement_plane\u0301taire-1024x576.png 1024w, https:\/\/wp.unil.ch\/futurspossibles\/files\/2020\/02\/engagement_plane\u0301taire-768x432.png 768w, https:\/\/wp.unil.ch\/futurspossibles\/files\/2020\/02\/engagement_plane\u0301taire-1536x864.png 1536w, https:\/\/wp.unil.ch\/futurspossibles\/files\/2020\/02\/engagement_plane\u0301taire-1320x743.png 1320w\" sizes=\"auto, (max-width: 507px) 100vw, 507px\" \/><\/a><\/p>\n<div class=\"page\" title=\"Page 1\">\n<div class=\"section\">\n<div class=\"layoutArea\">\n<div class=\"column\">\n<blockquote><p>Cette me\u0301tamorphose de notre civilisation, pour e\u0301viter son effondrement, pourrait e\u0302tre amorce\u0301e par l\u2019<strong>e\u0301veil d\u2019une conscience plane\u0301taire<\/strong>, mobilise\u0301 avec un <strong>engagement plane\u0301taire<\/strong> a\u0300 respecter ces limites et guide\u0301 par un <strong>partage des responsabilite\u0301s<\/strong> entre les personnes, les organisations et les E\u0301tats. Cette responsabilite\u0301 humaine doit intervenir a\u0300 chaque e\u0301tape de toute activite\u0301 humaine. Au final, il faut que l\u2019e\u0302tre humain ne perde plus sa conscience et sa responsabilite\u0301. Devenir responsable, c\u2019est devenir humain.<\/p><\/blockquote>\n<\/div>\n<\/div>\n<\/div>\n<\/div>\n<p>Par Jean Ouimet,<\/p>\n<div class=\"page\" title=\"Page 1\">\n<div class=\"section\">\n<div class=\"layoutArea\">\n<div class=\"column\">\n<p>Voici un ensemble de propositions d\u2019action politique base\u0301es sur ma recherche pour mieux comprendre la complexite\u0301 du monde afin d\u2019e\u0301viter l\u2019effondrement de notre civilisation et mon engagement politique au Que\u0301bec comme chef du parti Vert du Que\u0301bec de 1989 a\u03001993.<\/p>\n<p>Actuellement, il n\u2019y a plus assez de ressources naturelles sur la Plane\u0300te, trop de pollution ge\u0301ne\u0301re\u0301e par les activite\u0301s humaines et trop de conse\u0301quences e\u0301cologiques plane\u0301taires ne\u0301fastes lie\u0301es a\u0300 la combustion des e\u0301nergies fossiles pour poursuivre la croissance e\u0301conomique, moteur du capitalisme, selon des e\u0301conomistes dans un rapport au secre\u0301taire ge\u0301ne\u0301ral des Nations- Unis (1) en de\u0301cembre 2018. Un an plus to\u0302t, en de\u0301cembre 2017, plus de 15 000 scientifiques ont lance\u0301 un appel a\u0300 l\u2019humanite\u0301 pour que nous changions le mode de vie occidental afin qu\u2019elle respecte les limites de la Plane\u0300te et que l\u2019humanite\u0301 re\u0301duise radicalement son impact sur le re\u0301chauffement plane\u0301taire. \u00ab En e\u0301chouant a\u0300 limiter ade\u0301quatement la croissance de la population, e\u0301crivent-ils, a\u0300 re\u0301e\u0301valuer le ro\u0302le d\u2019une e\u0301conomie fonde\u0301e sur la croissance (&#8230;), a\u0300 restaurer les e\u0301cosyste\u0300mes, a\u0300 enrayer la pollution, a\u0300 stopper la de\u0301faunation [perte de biodiversite\u0301] et a\u0300 limiter la propagation des espe\u0300ces exotiques envahissantes, l\u2019humanite\u0301 omet de prendre les mesures urgentes indispensables pour pre\u0301server notre biosphe\u0300re en danger. \u00bb<\/p>\n<div class=\"page\" title=\"Page 2\">\n<div class=\"section\">\n<div class=\"layoutArea\">\n<div class=\"column\">\n<p>Le capitalisme a permis, pendant quelques sie\u0300cles, a\u0300 une partie de l\u2019humanite\u0301 d\u2019ame\u0301liorer sa qualite\u0301 de vie et son espe\u0301rance de vie mais au de\u0301triment de l\u2019environnement et d\u2019une trop grande partie de l\u2019humanite\u0301. L\u2019e\u0300re du capitalisme est caracte\u0301rise\u0301e, entre autres, par la croissance e\u0301conomique, l\u2019e\u0301nergie fossile bon marche\u0301, la destruction de l\u2019environnement, l\u2019inconscience et l\u2019ignorance collectives. Avec la mondialisation de l\u2019e\u0301conomie capitaliste, les producteurs les plus irresponsables sont devenus trop souvent les plus compe\u0301titifs. Le capitalisme comme le communisme produisent, en plus de la pauvrete\u0301 et de la pollution, de la solitude, de la mise\u0300re et de l\u2019anxie\u0301te\u0301. Le capitalisme et le communisme carburent avec l\u2019individualisme, l\u2019inse\u0301curite\u0301, la peur, la cole\u0300re, la culpabilite\u0301 et la guerre.<\/p>\n<p>Les multiples chocs boursiers et financiers des trente dernie\u0300res anne\u0301es re\u0301ve\u0300lent l\u2019instabilite\u0301 croissante du capitalisme. Et nous nous approchons du de\u0301crochage finale avec la prochaine crise de la finance mondiale. Nous arrivons a\u0300 la fin du capitalisme que nous connaissons depuis des sie\u0300cles et qui a e\u0301te\u0301 le moteur du de\u0301veloppement de nos socie\u0301te\u0301s occidentales. Le capitalisme qui nous a amene\u0301 a\u0300 de\u0301passer les capacite\u0301s de charge de la plane\u0300te Terre et a\u0300 menacer la survie de l\u2019espe\u0300ce humaine.<\/p>\n<p>Pour Naomi Klein (2), journaliste engage\u0301e, \u00ab Le capitalisme est la cause du de\u0301re\u0300glement climatique \u00bb. \u00ab Rien n\u2019oblige les humains a\u0300 vivre sous le re\u0300gne du capitalisme; nous, les humains, sommes capables de nous organiser sous les formes de toutes sortes d\u2019ordres sociaux diffe\u0301rents, parmi lesquels des socie\u0301te\u0301s dont l\u2019horizon temporel serait beaucoup plus e\u0301loigne\u0301, ou plus aptes a\u0300 respecter les syste\u0300mes soucieux de pre\u0301server les conditions de survie de la nature. En fait, c\u2019est ainsi que les humains ve\u0301curent, sauf pendant une infime partie de notre histoire, et de nos jours encore bien des cultures indige\u0300nes perpe\u0301tuent des cosmologies ge\u0301ocentriques. Le capitalisme n\u2019est qu\u2019une anomalie minuscule dans l\u2019histoire collective de notre espe\u0300ce. \u00bb Capitalism killed our climate momentum, not \u201chuman nature\u201d.<\/p>\n<p>Alors, pluto\u0302t qu\u2019attendre le de\u0301crochage final du capitalisme engendre\u0301 par la prochaine crise financie\u0300re mondiale, visualisons collectivement ce qui est possible et souhaitable pour l\u2019avenir de l\u2019humanite\u0301 comme respecter les limites de la plane\u0300te, et engageons-nous a\u0300 le re\u0301aliser mondialement. Nous pouvons faire un virage complexe, avec une conscience et une volonte\u0301 collectives, pour entrer tout en e\u0301quilibre dans l\u2019e\u0300re du post-capitalisme. Cela pourrait e\u0302tre une <strong>R-e\u0301volution<\/strong> citoyenne pour une e\u0301volution de la re\u0301publique !<\/p>\n<p>Un post-capitalisme ou\u0300 nous pouvons sortir du re\u0301ductionnisme e\u0301conomique et composer avec la complexite\u0301 de la re\u0301alite\u0301. Sortir du capitalisme nous ame\u0300ne a\u0300 penser au-dela\u0300 de la se\u0301paration et de la fixation des ro\u0302les sociaux des individus en producteurs et en consommateurs. Ou\u0300 les de\u0301cisions ne se re\u0301duisent plus a\u0300 combien c\u0327a cou\u0302te.<\/p>\n<div class=\"page\" title=\"Page 3\">\n<div class=\"section\">\n<div class=\"layoutArea\">\n<div class=\"column\">\n<p>Penser et agir pour une alternative e\u0301conomique au capitalisme supposent donc de battre en bre\u0300che cette e\u0301quivalence entre e\u0301conomie et capitalisme qui plane aujourd\u2019hui comme une fatalite\u0301. Comme le soutient Karl Polanyi, l\u2019activite\u0301 e\u0301conomique est celle par laquelle une socie\u0301te\u0301 pourvoit a\u0300 ses besoins essentiels en produisant et distribuant des richesses.<\/p>\n<div class=\"page\" title=\"Page 3\">\n<div class=\"section\">\n<div class=\"page\" title=\"Page 3\">\n<div class=\"section\"><a href=\"https:\/\/wp.unil.ch\/futurspossibles\/files\/2020\/02\/1.png\"><img alt=\"\" loading=\"lazy\" decoding=\"async\" class=\"aligncenter wp-image-1496\" src=\"https:\/\/wp.unil.ch\/futurspossibles\/files\/2020\/02\/1.png\" alt=\"\" width=\"856\" height=\"482\" srcset=\"https:\/\/wp.unil.ch\/futurspossibles\/files\/2020\/02\/1.png 1580w, https:\/\/wp.unil.ch\/futurspossibles\/files\/2020\/02\/1-300x169.png 300w, https:\/\/wp.unil.ch\/futurspossibles\/files\/2020\/02\/1-1024x577.png 1024w, https:\/\/wp.unil.ch\/futurspossibles\/files\/2020\/02\/1-768x433.png 768w, https:\/\/wp.unil.ch\/futurspossibles\/files\/2020\/02\/1-1536x865.png 1536w, https:\/\/wp.unil.ch\/futurspossibles\/files\/2020\/02\/1-1320x744.png 1320w\" sizes=\"auto, (max-width: 856px) 100vw, 856px\" \/><\/a><\/div>\n<\/div>\n<\/div>\n<\/div>\n<p>Pour notre survie personnelle et collective, nous avons a\u0300 apprendre a\u0300 mieux naviguer dans la complexite\u0301 du monde. Nous avons collectivement a\u0300 effectuer un virage complexe avec une r- e\u0301volution citoyenne ou\u0300 les diffe\u0301rentes dynamiques e\u0301cologiques, sociales, e\u0301conomiques, informationnelles et politiques qui animent nos socie\u0301te\u0301s sont conside\u0301re\u0301es dans tous les processus de\u0301cisionnels collectifs lors du virage.<\/p>\n<p>Ce virage vers une e\u0300re post-capitaliste va se de\u0301rouler dans un contexte de bouleversements plane\u0301taires ou\u0300 une partie importante de la population mondiale a peur de perdre ce qu\u2019ils ont, une autre partie de l\u2019humanite\u0301 a peur de perdre le statu quo qui leur est tre\u0300s be\u0301ne\u0301fique. Des inse\u0301curite\u0301s e\u0301conomique, sociale, e\u0301cologique, politique, informationnelle ou militaire traversent l\u2019ensemble de la population des pays du monde. Ces inse\u0301curite\u0301s collectives ont des re\u0301percussions sur les angoisses existentielles (soif, faim, mise\u0300re, souffrance, mort ) d\u2019une grande partie de la population. Face a\u0300 tout cela, les personnes se sentent seules, isole\u0301es par l\u2019indiffe\u0301rence. Il est possible de cre\u0301er un espace spirituel en nous pour sentir le Tout en soi et trouver un e\u0301quilibre en soi face a\u0300 la re\u0301alite\u0301 complexe avec laquelle nous devons composer a\u0300 chaque instant.<\/p>\n<p>Nous sommes l\u2019espe\u0300ce qui a rendu malade l\u2019e\u0301cosyste\u0300me plane\u0301taire et nous pouvons <strong>collectivement amorcer un processus d\u2019autogue\u0301rison plane\u0301taire avec une conscience plane\u0301taire et une intelligence collective<\/strong>. La plane\u0300te a connu de tels e\u0301pisodes d\u2019autogue\u0301risons apre\u0300s chacune des cinq grandes institutions des espe\u0300ces. Nous en sommes la preuve vivante. Cette fois-ci, le de\u0301clencheur de la sixie\u0300me grande extinction des espe\u0300ces peut devenir le de\u0301clencheur de la sixie\u0300me grande autogue\u0301rison plane\u0301taire si nous nous y prenons de la bonne fac\u0327on.<\/p>\n<div class=\"page\" title=\"Page 4\">\n<div class=\"section\">\n<div class=\"layoutArea\">\n<div class=\"column\">\n<p>Nous pouvons nous inspirer pour cela des processus d\u2019autogue\u0301rison observe\u0301s chez les personnes affecte\u0301es par la cancer. Avec une conscience, une volonte\u0301 et une de\u0301termination personnelles, les personnes atteintes de cancer changent leur mode de vie et d\u2019alimentation tout en suivant des traitements de diffe\u0301rentes natures (immunothe\u0301rapie, chimiothe\u0301rapie, radiothe\u0301rapie, chirurgie, etc.) et la grande majorite\u0301 des personnes obtiennent des anne\u0301es de re\u0301mission et certaines, des gue\u0301risons comple\u0300tes. Il est possible d\u2019appliquer une telle approche d\u2019autogue\u0301rison plane\u0301taire.<\/p>\n<p>\u00ab L\u2019e\u0301coanxie\u0301te\u0301, c\u2019est un concept qui est beaucoup utilise\u0301 en Europe et dans d\u2019autres pays, et nous on commence a\u0300 le voir tranquillement, a dit la docteure Jalila Jbilou, qui est professeure agre\u0301ge\u0301e a\u0300 l\u2019E\u0301cole de psychologie de l\u2019Universite\u0301 de Moncton. C\u2019est comme une conceptualisation d\u2019une pre\u0301occupation qui existait de\u0301ja\u0300 dans le milieu. On a vraiment un terme par rapport a\u0300 c\u0327a. \u00bb<\/p>\n<p>\u00ab L\u2019anxie\u0301te\u0301 c\u2019est une pre\u0301occupation pour le futur, et c\u0327a c\u2019est le grand point qui est avance\u0301 surtout par les gens qui se pre\u0301occupent de l\u2019e\u0301cologie : oui, tout de suite, les choses vont plus ou moins bien, mais le proble\u0300me on l\u2019a devant nous, il arrive et il s\u2019en vient \u00bb, a-t-elle dit.<\/p>\n<p>L\u2019important, ajoute-t-elle, est de reconnai\u0302tre qu\u2019il y a dans la vie des choses sur lesquelles on peut agir seuls, des choses sur lesquelles on peut agir collectivement et des choses face auxquelles nous sommes impuissants, \u00ab et c\u2019est l\u2019acceptation de ces trois aspects qui fait qu\u2019on arrive a\u0300 avoir une vie e\u0301quilibre\u0301e \u00bb.<\/p>\n<p>La responsabilite\u0301 collective des me\u0301dias, des parents, des institutions est d\u2019outiller les jeunes pour que ce mouvement de revendications et d\u2019actions politiques et sociales ne devienne pas une zone d\u2019angoisse et de stress. \u00bb<\/p>\n<p>\u00ab Si on se concentre sur ce qu\u2019on ne peut pas changer et qu\u2019on en fait son cheval de bataille, c\u2019est difficile d\u2019avancer \u00bb, a-t-elle dit. Il est aussi crucial de remettre l\u2019e\u0301coanxie\u0301te\u0301 dans le contexte de \u00ab la vie au complet, dans toutes les sphe\u0300res de vie, et notamment les sphe\u0300res qui vont bien \u00bb, poursuit Mme Jbilou.<\/p>\n<p>\u00ab Il faut travailler sur les pense\u0301es sur ce qui ne va pas. Souvent on regarde les proble\u0300mes, mais on ne regarde pas les solutions, tout ce qui se passe de bien dans sa vie, a-t-elle explique\u0301. C\u2019est un peu de de\u0301placer la pense\u0301e par rapport a\u0300 l\u2019e\u0301cologie seulement. \u00bb<\/p>\n<p>\u00ab Le deuxie\u0300me point, c\u2019est l\u2019e\u0301ducation, a conclu, Mme Jbilou. \u201cOK, tu penses que c\u0327a ne va pas, mais tu peux y contribuer pour ame\u0301liorer\u201d. On peut s\u2019engager par rapport a\u0300 l\u2019e\u0301cologie a\u0300 tous les niveaux. C\u2019est de transformer sa source d\u2019anxie\u0301te\u0301 en une source de force re\u0301ge\u0301ne\u0301ratrice : il devient mai\u0302tre de la pense\u0301e ne\u0301gative et il commence a\u0300 agir dessus et il peut me\u0302me e\u0301duquer d\u2019autres personnes, donc c\u0327a transforme son inquie\u0301tude en valorisation d\u2019action. \u00bb<\/p>\n<div class=\"page\" title=\"Page 5\">\n<div class=\"section\">\n<div class=\"layoutArea\">\n<div class=\"column\">\n<h3>Comment ?<\/h3>\n<p>Cet engagement plane\u0301taire pourrait s\u2019articuler autour d\u2019un partage des responsabilite\u0301s e\u0301cologiques, sociales, e\u0301conomiques, informationnelles et politiques entre les citoyens, les entreprises et les E\u0301tats et e\u0302tre adopte\u0301 avec l\u2019appui de plus de deux milliards de personnes lors d\u2019un re\u0301fe\u0301rendum mondial. Cet engagement plane\u0301taire, tout en donnant des balises aux personnes, aux entreprises et aux E\u0301tats, leur laisserait la liberte\u0301 d\u2019imaginer diffe\u0301rents mode\u0300les de de\u0301veloppement refle\u0301tant leurs diffe\u0301rentes cultures nationales et les diffe\u0301rents de\u0301fis auxquels ils font face.<\/p>\n<p>Avec une partie de plus en plus grande de l\u2019humanite\u0301 ayant une conscience plane\u0301taire des limites de la Terre, il devient possible d\u2019e\u0301laborer et d\u2019adopter un tel engagement plane\u0301taire pour e\u0301viter de rentrer dans le mur des limites de la plane\u0300te Terre. Cet engagement plane\u0301taire pourrait guider le de\u0301veloppement de l\u2019humanite\u0301.<\/p>\n<p>Actuellement, l\u2019Humanite\u0301 est attire\u0301e par l\u2019 \u00ab American way of life \u00bb qui nous pre\u0301cipite contre le mur des limites de la plane\u0300te Terre. Les efforts ne\u0301cessaires pour de\u0301contaminer l\u2019environnement, restaurer les e\u0301cosyste\u0300mes plane\u0301taires et transformer la production industrielle pour qu\u2019elle cesse de contaminer l\u2019environnement vont cre\u0301er des centaines de millions d\u2019emplois a\u0300 travers le monde pendant des dizaines d\u2019anne\u0301es. Cela pourrait donner lieu a\u0300 une cinquie\u0300me re\u0301volution industrielle.<\/p>\n<p><a href=\"https:\/\/wp.unil.ch\/futurspossibles\/files\/2020\/02\/2.png\"><img alt=\"\" loading=\"lazy\" decoding=\"async\" class=\"wp-image-1497 alignleft\" src=\"https:\/\/wp.unil.ch\/futurspossibles\/files\/2020\/02\/2.png\" alt=\"\" width=\"517\" height=\"290\" srcset=\"https:\/\/wp.unil.ch\/futurspossibles\/files\/2020\/02\/2.png 1696w, https:\/\/wp.unil.ch\/futurspossibles\/files\/2020\/02\/2-300x168.png 300w, https:\/\/wp.unil.ch\/futurspossibles\/files\/2020\/02\/2-1024x575.png 1024w, https:\/\/wp.unil.ch\/futurspossibles\/files\/2020\/02\/2-768x431.png 768w, https:\/\/wp.unil.ch\/futurspossibles\/files\/2020\/02\/2-1536x862.png 1536w, https:\/\/wp.unil.ch\/futurspossibles\/files\/2020\/02\/2-1320x741.png 1320w\" sizes=\"auto, (max-width: 517px) 100vw, 517px\" \/><\/a>Un autre type de mondialisation pourrait permettre a\u0300 l\u2019humanite\u0301 de prendre une nouvelle direction pour participer a\u0300 son sauvetage pluto\u0302t qu\u2019a\u0300 maintenir son asservissement avec une croissance e\u0301conomique, devenue impossible a\u0300 poursuivre. Le de\u0301veloppement local pourrait devenir la base d\u2019un de\u0301veloppement durable des richesses collectives et soutenir la mondialisation des efforts pour respecter les limites de la plane\u0300te. Le de\u0301veloppement local ne sera plus menace\u0301 par la mondialisation comme nous le connaissons aujourd\u2019hui.<\/p>\n<\/div>\n<\/div>\n<\/div>\n<\/div>\n<\/div>\n<\/div>\n<\/div>\n<\/div>\n<\/div>\n<\/div>\n<\/div>\n<\/div>\n<\/div>\n<p>Cet engagement plane\u0301taire pourrait permettre d\u2019amorcer un processus d\u2019autogue\u0301rison plane\u0301taire comme il y en a eu suite aux cinq autres grandes extinctions des espe\u0300ces depuis le de\u0301but de la vie sur Terre. Ce processus d\u2019autogue\u0301rison plane\u0301taire de\u0301butera avec l\u2019e\u0301veil d\u2019une conscience plane\u0301taire comme l\u2019autogue\u0301rison personnelle de\u0301bute le plus souvent avec une conscience personnelle de sa maladie. Cette autogue\u0301rison plane\u0301taire sera de nature e\u0301cologique mais e\u0301galement humaine pour sortir des multiples chocs post-traumatiques qu\u2019a subit l\u2019humanite\u0301 depuis des sie\u0300cles avec les guerres, les ge\u0301nocides, les famines, les crises e\u0301conomiques et l\u2019e\u0301cocide actuel.<\/p>\n<div class=\"column\">\n<div class=\"page\" title=\"Page 3\">\n<div class=\"section\">\n<div class=\"layoutArea\">\n<div class=\"column\">\n<div class=\"page\" title=\"Page 4\">\n<div class=\"section\">\n<div class=\"layoutArea\">\n<div class=\"column\">\n<div class=\"page\" title=\"Page 5\">\n<div class=\"section\">\n<div class=\"layoutArea\">\n<div class=\"column\">\n<div class=\"page\" title=\"Page 6\">\n<div class=\"section\">\n<div class=\"layoutArea\">\n<div class=\"column\">\n<p><a href=\"https:\/\/wp.unil.ch\/futurspossibles\/files\/2020\/02\/3.png\"><img alt=\"\" loading=\"lazy\" decoding=\"async\" class=\"wp-image-1498 alignleft\" src=\"https:\/\/wp.unil.ch\/futurspossibles\/files\/2020\/02\/3.png\" alt=\"\" width=\"527\" height=\"308\" srcset=\"https:\/\/wp.unil.ch\/futurspossibles\/files\/2020\/02\/3.png 1398w, https:\/\/wp.unil.ch\/futurspossibles\/files\/2020\/02\/3-300x175.png 300w, https:\/\/wp.unil.ch\/futurspossibles\/files\/2020\/02\/3-1024x598.png 1024w, https:\/\/wp.unil.ch\/futurspossibles\/files\/2020\/02\/3-768x448.png 768w, https:\/\/wp.unil.ch\/futurspossibles\/files\/2020\/02\/3-1320x770.png 1320w\" sizes=\"auto, (max-width: 527px) 100vw, 527px\" \/><\/a>Cet engagement plane\u0301taire articule\u0301 par des citoyens du monde autour d\u2019un partage des responsabilite\u0301s entre les citoyens, les entreprises et les E\u0301tats, pourrait nous guider collectivement dans l\u2019ensemble de nos de\u0301cisions personnelles et collectives. Cet engagement plane\u0301taire pourrait devenir une sorte d\u2019objectif mondial et remplacer l\u2019<strong>American way of life<\/strong> qui est l\u2019objectif actuel qui nous pre\u0301cipite, avec une croissance e\u0301conomique sans limite, contre ce mur des limites de notre plane\u0300te.<\/p>\n<p>&nbsp;<\/p>\n<p>Avec cet engagement plane\u0301taire, nous cre\u0301erons collectivement une mise a\u0300 jour de contrat social qui formera un <strong>nouvel espace politico-juridique<\/strong> pour guider l\u2019ensemble de nos de\u0301cisions personnelles et collectives afin d\u2019atteindre notre objectif de respecter les limites de la plane\u0300te et de l\u2019e\u0302tre humain.<\/p>\n<p><strong>Comment formuler un tel engagement collectif et plane\u0301taire ?<\/strong><\/p>\n<p>La formulation de notre engagement ne doit pas e\u0302tre une liste d\u2019e\u0301picerie, a\u0300 court terme, mais pluto\u0302t une engagement a\u0300 long terme que la population vent prendre pour guider ses choix de socie\u0301te\u0301 afin de mieux s\u2019adapter aux de\u0301fis plane\u0301taires. L\u2019engagement de la population pour respecter les limites de la Plane\u0300te peut s\u2019e\u0301laborer en commenc\u0327ant par se donner comme base e\u0301thique des valeurs et des principes. Des valeurs comme la paix, l\u2019harmonie, l\u2019amour, la liberte\u0301, le bien commun, la famille et la communaute\u0301. Des principes comme la solidarite\u0301, la justice sociale, le de\u0301veloppement durable, le droit, la responsabilite\u0301, la pre\u0301caution et la subsidiarite\u0301.<\/p>\n<div class=\"page\" title=\"Page 7\">\n<div class=\"section\">\n<div class=\"layoutArea\">\n<div class=\"column\">\n<p>L\u2019engagement de la population devrait e\u0302tre formule\u0301 en des termes pour guider clairement l\u2019ensemble des partenaires de la socie\u0301te\u0301. Dans un E\u0301tat de droit, l\u2019engagement d\u2019une population pourrait se formuler, pour e\u0302tre efficace et ope\u0301rationnel, autour d\u2019un partage des responsabilite\u0301s entre les personnes, les organisations et l\u2019E\u0301tat et y inclure les droits et liberte\u0301s de la personne reconnus par les chartes actuelles. Ainsi, aux droits de proprie\u0301te\u0301 pourrait e\u0302tre associe\u0301 les responsabilite\u0301s du proprie\u0301taire, aux droits du consommateur pourrait e\u0302tre associe\u0301 les responsabilite\u0301s du consommateur, aux droits du producteur, les responsabilite\u0301s du producteur.<\/p>\n<p>Strate\u0301gie pour l\u2019e\u0301laboration de notre engagement collectif pour obtenir un consensus par re\u0301fe\u0301rendum. L\u2019ide\u0301e d\u2019un consensus par recoupement repose sur la possibilite\u0301 d\u2019ajustement des compre\u0301hension du monde pour un engagement collectif. Elle n\u2019implique nullement que les visions du monde aient une intersection commune, il suffit qu\u2019elles s\u2019entendent sur la priorite\u0301 a\u0300 accorder aux questions politiques comme la ne\u0301cessite\u0301 d\u2019une mobilisation ge\u0301ne\u0301rale avec un engagement collectif a\u0300 respecter les limites de la plane\u0300te Terre et de l\u2019e\u0302tre humain.<\/p>\n<ul>\n<li>Re\u0301unir les personnes conscientes de la ne\u0301cessite\u0301 de s\u2019engager personnellement et mondialement a\u0300 respecter les limites de notre Plane\u0300te et de l\u2019e\u0302tre humain<\/li>\n<li>Choisir des situations proble\u0301matiques pour lesquelles la population, dans ce contexte plane\u0301taire, est pre\u0302te a\u0300 s\u2019engager : pauvrete\u0301, pollution, corruption, euthanasie, drogue, de\u0301sinte\u0301gration des re\u0301gions, violence, formation, &#8230;<\/li>\n<li>Pre\u0301senter des interventions communautaires re\u0301ussies et le partage des responsabilite\u0301s associe\u0301es afin de de\u0301gager une proposition de partage souhaitable des responsabilite\u0301s entre les personnes, les organisations et l\u2019E\u0301tat. La re\u0301alisation de cet engagement plane\u0301taire dans une e\u0300re du post-capitalisme pourrait permettre de re\u0301aliser des projets qui relient les gens, cre\u0301ent de nouveaux types d\u2019emplois, permettent d\u2019investir l\u2019argent ne\u0301cessaire dans la transition e\u0301cologique, donnent acce\u0300s a\u0300 une meilleure nourriture que les gens peuvent se payer. Cette voie dans un post-capitalisme favoriserait les comportements responsables des consommateurs et des producteurs. Une telle de\u0301marche mondiale dans un post-capitalisme pourrait e\u0302tre pre\u0301sente\u0301 a\u0300 l\u2019ONU et alimente\u0301 localement par la conscience collective, l\u2019altruisme, le bonheur et la paix.Pour arriver a\u0300 re\u0301aliser cet engagement plane\u0301taire, nous aurons besoin d\u2019un syste\u0300me e\u0301conomique mondial qui soit au service de l\u2019humanite\u0301 et soutienne cette mobilisation ge\u0301ne\u0301rale comme durant la seconde guerre mondiale. Un syste\u0300me e\u0301conomique ou\u0300 l\u2019inte\u0301re\u0302t ge\u0301ne\u0301ral pre\u0301vaut sur les inte\u0301re\u0302ts particuliers. Un syste\u0300me e\u0301conomique mondial compatible avec l\u2019engagement collectif de respecter les limites de la plane\u0300te et de l\u2019e\u0302tre humain. Un syste\u0300me e\u0301conomique qui respecte dont le partage des responsabilite\u0301s e\u0301cologiques, sociales, e\u0301conomiques, informationnelles et politiques entre les personnes, les organisations et les E\u0301tats adopte\u0301 par les citoyens. Un syste\u0300me e\u0301conomique qui conside\u0300re l\u2019ensemble des richesses de manie\u0300re a\u0300 en assurer un de\u0301veloppement durable de ces richesses collectives. Ou\u0300 les projets, les produits et les services ne contribuent plus a\u0300 l\u2019appauvrissement e\u0301cologique, social et e\u0301conomique de la socie\u0301te\u0301 parce qu\u2019ils respectent les limites et les seuils e\u0301cologiques, sociales et e\u0301conomiques. D\u2019une e\u0301conomie de marche\u0301 ou\u0300 les prix refle\u0300tent les cou\u0302ts re\u0301els c\u2019est- a\u0300-dire que les prix inte\u0300grent les cou\u0302ts sociaux et e\u0301cologiques. Une e\u0301conomie de marche\u0301 ou\u0300 les producteurs responsables sont les plus compe\u0301titifs.\n<div class=\"page\" title=\"Page 8\">\n<div class=\"section\">\n<div class=\"layoutArea\">\n<div class=\"column\">\n<p>Tout un ensemble d\u2019initiatives citoyennes de transition au niveau local, comme la permaculture ou la monnaie comple\u0301mentaire locale pourraient e\u0301galement nous permettre collectivement de mieux faire face aux changements climatiques, au pic pe\u0301trolier, a\u0300 la pollution de l\u2019eau, de l\u2019air et des sols de me\u0302me qu\u2019a\u0300 la 6ie\u0300me grande extinction des espe\u0300ces.<\/p>\n<p>Collectivement, nous pourrions re\u0301duire les inse\u0301curite\u0301s dans cette pe\u0301riode de bouleversements plane\u0301taires en :<\/p>\n<p>\u2022 assurant une qualite\u0301 de vie a\u0300 tous permettant l\u2019e\u0301panouissement de l\u2019e\u0302tre humain et de la nature.<\/p>\n<p>\u2022 apprenant a\u0300 vivre, personnellement et collectivement, avec les limites de la Plane\u0300te et \u2028 de l\u2019e\u0302tre humain.<\/p>\n<p>\u2022 de\u0301contaminant l\u2019eau, l\u2019air et les sols<br \/>\n\u2022 restaurant les e\u0301cosyste\u0300mes<br \/>\n\u2022 re\u0301volutionnant l\u2019industrie avec une R&amp;D mondiale pour atteindre \u00ab 0 \u00bb pollution d\u2019ici 20 ans\u2028 \u2022 re\u0301duisant la pollution lie\u0301 a\u0300 la consommation pour atteindre \u00ab 0 \u00bb d\u2019ici 20 ans<br \/>\n\u2022 re\u0301duisant notre empreinte e\u0301cologique pour atteindre \u00ab 1 \u00bb d\u2019ici 20 ans<br \/>\n\u2022 re\u0301duisant notre combustion d\u2019e\u0301nergies fossiles pour atteindre \u00ab 0 \u00bb d\u2019ici 20 ans<\/p>\n<p>La re\u0301alisation de cet engagement plane\u0301taire dans une e\u0300re post-capitalisme repose sur une <strong>de\u0301mocratie cognitive<\/strong>, une<strong> souverainete\u0301 populaire<\/strong> et un <strong>de\u0301veloppement durable des richesses collectives<\/strong>. Tout cela est possible seulement avec <strong>une conscience collective et plane\u0301taire<\/strong>.<\/p>\n<div class=\"page\" title=\"Page 9\">\n<div class=\"section\">\n<div class=\"layoutArea\">\n<div class=\"column\">\n<p>Une <strong>de\u0301mocratie cognitive<\/strong><\/p>\n<\/div>\n<\/div>\n<div class=\"layoutArea\">\n<div class=\"column\">\n<p>La re\u0301alisation de notre engagement collectif va ne\u0301cessiter la prise de nombreuses de\u0301cisions collectives dans ce nouvel espace politico-juridique lie\u0301 a\u0300 la mise jour de notre contrat social. La responsabilite\u0301, au coeur de cette mise a\u0300 jour, repose sur la conscience collective dont nous devons favoriser l\u2019e\u0301mergence dans notre de\u0301mocratie. A\u0300 cette conscience devra se lier une intelligence collective ou\u0300 la de\u0301mocratie cognitive viendra enrichir la de\u0301mocratie repre\u0301sentative et participative. La de\u0301mocratie cognitive permettra d\u2019e\u0301viter que l\u2019inconscience et l\u2019ignorance ne soit au pouvoir de notre syste\u0300me de\u0301mocratique comme cela est la cas pre\u0301sentement au E\u0301tats- Unis. Cette inte\u0301gration de la de\u0301mocratie cognitive a\u0300 la de\u0301mocratie repre\u0301sentative et a\u0300 la de\u0301mocratie participative constituera une forme de mise a\u0300 jour de la de\u0301mocratie qui e\u0301volue depuis l\u2019e\u0301poque de la Gre\u0300ce antique.<\/p>\n<p><a href=\"https:\/\/wp.unil.ch\/futurspossibles\/files\/2020\/02\/4.png\"><img alt=\"\" loading=\"lazy\" decoding=\"async\" class=\"wp-image-1500 alignleft\" src=\"https:\/\/wp.unil.ch\/futurspossibles\/files\/2020\/02\/4.png\" alt=\"\" width=\"421\" height=\"232\" srcset=\"https:\/\/wp.unil.ch\/futurspossibles\/files\/2020\/02\/4.png 1800w, https:\/\/wp.unil.ch\/futurspossibles\/files\/2020\/02\/4-300x165.png 300w, https:\/\/wp.unil.ch\/futurspossibles\/files\/2020\/02\/4-1024x564.png 1024w, https:\/\/wp.unil.ch\/futurspossibles\/files\/2020\/02\/4-768x423.png 768w, https:\/\/wp.unil.ch\/futurspossibles\/files\/2020\/02\/4-1536x847.png 1536w, https:\/\/wp.unil.ch\/futurspossibles\/files\/2020\/02\/4-1320x727.png 1320w\" sizes=\"auto, (max-width: 421px) 100vw, 421px\" \/><\/a>Ainsi l\u2019e\u0301veil d\u2019une conscience collective et l\u2019e\u0301mergence d\u2019une intelligence collective seront au coeur d\u2019un nouvel espace de\u0301mocratique qui s\u2019e\u0301largie et qui renforce la volonte\u0301 de nos socie\u0301te\u0301s a\u0300 faire face aux immenses de\u0301fis plane\u0301taires.<\/p>\n<div class=\"page\" title=\"Page 9\">\n<div class=\"section\">\n<div class=\"layoutArea\">\n<div class=\"column\">\n<div class=\"page\" title=\"Page 10\">\n<div class=\"section\">\n<div class=\"layoutArea\">\n<div class=\"column\">\n<p>&nbsp;<\/p>\n<p>&nbsp;<\/p>\n<p>&nbsp;<\/p>\n<p>Une <strong>souverainete\u0301 populaire<\/strong><\/p>\n<\/div>\n<\/div>\n<div class=\"layoutArea\">\n<div class=\"column\">\n<p>Cet engagement collectif a\u0300 respecter les limites de la plane\u0300te, alimente\u0301 par une conscience collective et l\u2019inte\u0301re\u0302t ge\u0301ne\u0301ral de l\u2019humanite\u0301, ne peut se re\u0301aliser qu\u2019avec une souverainete\u0301 populaire.<\/p>\n<p>En droit constitutionnel, on retrouve deux types de souverainete\u0301: populaire et nationale. La souverainete\u0301 populaire repose sur la population et sa volonte\u0301 de participer aux de\u0301cisions collectives, soit par e\u0301lection ou re\u0301fe\u0301rendum. Dans la souverainete\u0301 populaire, la population est souveraine sur les choix de socie\u0301te\u0301 pour de\u0301fendre l\u2019inte\u0301re\u0302t ge\u0301ne\u0301ral. La souverainete\u0301 nationale repose sur la nation et est exerce\u0301e par ses repre\u0301sentants. L\u2019Assemble\u0301e le\u0301gislative compose\u0301e des repre\u0301sentants e\u0301lus est souveraine. Malheureusement, depuis la re\u0301volution franc\u0327aise, la bourgeoisie en France et au Que\u0301bec s\u2019est impose\u0301e comme repre\u0301sentant de la nation et l\u2019inte\u0301re\u0302t ge\u0301ne\u0301ral s\u2019est trouve\u0301 re\u0301duit a\u0300 ceux de la bourgeoisie nationale, a\u0300 des inte\u0301re\u0302ts particuliers. Une autre caracte\u0301ristique de la souverainete\u0301 nationale, c\u2019est que sur un territoire, une nation est de\u0301termine\u0301e comme souveraine alors que la population peut regrouper plusieurs nations.Il y a pre\u0300s de 200 pays et plus de 4 000 nations sur la Terre. Au Que\u0301bec, la population est compose\u0301e des Premie\u0300res Nations, de la nation Que\u0301be\u0301coise, de la nation Canadienne et des communaute\u0301s culturelles.<\/p>\n<p>Pour palier aux lacunes de ces deux types de souverainete\u0301, il est possible, comme en Suisse, de les combiner de manie\u0300re constructive pour permettre l\u2019e\u0301mergence d\u2019une souverainete\u0301 politique ou\u0300 la population, compose\u0301e de plusieurs nations, peut de\u0301cider ultimement par re\u0301fe\u0301rendum pour ses choix de socie\u0301te\u0301 tout en ayant des repre\u0301sentants de la population des diffe\u0301rentes nations qui sie\u0300gent aux assemble\u0301es le\u0301gislatives. Le processus de\u0301mocratique de re\u0301fe\u0301rendum permet de s\u2019assurer que l\u2019inte\u0301re\u0302t ge\u0301ne\u0301ral de la population et de l\u2019humanite\u0301 pre\u0301vaut sur les inte\u0301re\u0302ts particuliers.<\/p>\n<\/div>\n<\/div>\n<\/div>\n<\/div>\n<\/div>\n<\/div>\n<\/div>\n<\/div>\n<p><a href=\"https:\/\/wp.unil.ch\/futurspossibles\/files\/2020\/02\/5.png\"><img alt=\"\" loading=\"lazy\" decoding=\"async\" class=\"wp-image-1501 alignleft\" src=\"https:\/\/wp.unil.ch\/futurspossibles\/files\/2020\/02\/5.png\" alt=\"\" width=\"390\" height=\"253\" srcset=\"https:\/\/wp.unil.ch\/futurspossibles\/files\/2020\/02\/5.png 1348w, https:\/\/wp.unil.ch\/futurspossibles\/files\/2020\/02\/5-300x195.png 300w, https:\/\/wp.unil.ch\/futurspossibles\/files\/2020\/02\/5-1024x665.png 1024w, https:\/\/wp.unil.ch\/futurspossibles\/files\/2020\/02\/5-768x499.png 768w, https:\/\/wp.unil.ch\/futurspossibles\/files\/2020\/02\/5-1320x858.png 1320w\" sizes=\"auto, (max-width: 390px) 100vw, 390px\" \/><\/a><\/p>\n<div class=\"page\" title=\"Page 10\">\n<div class=\"section\">\n<div class=\"layoutArea\">\n<div class=\"column\">\n<p>La souverainete\u0301 politique, e\u0301mergeant de la combinaison de la souverainete\u0301 populaire et de la souverainete\u0301 nationale, confe\u0300re a\u0300 la population des droits, des responsabilite\u0301s et des pouvoirs collectifs dans diffe\u0301rents domaines qui sont de\u0301le\u0301gue\u0301 a\u0300 l\u2019E\u0301tat par la constitution.<\/p>\n<div class=\"page\" title=\"Page 11\">\n<div class=\"section\">\n<div class=\"layoutArea\">\n<div class=\"column\">\n<p>&nbsp;<\/p>\n<p>&nbsp;<\/p>\n<p>&nbsp;<\/p>\n<p>Un <strong>de\u0301veloppement durable des richesses collectives<\/strong><\/p>\n<p>Les changements climatiques et la sixie\u0300me grande extinction des espe\u0300ces entrainent de\u0301ja\u0300 une diminution majeure des richesses naturelles plane\u0301taires. La pollution (eau, air, sols) et la de\u0301gradations des e\u0301cosyste\u0300mes plane\u0301taires entraine une diminution du nombre des animaux et la disparition de plus en plus d\u2019espe\u0300ces. Cela a e\u0301galement un impact sur la sante\u0301 des e\u0302tres humains qui souffrent de plus en plus de famine et de diverses maladies lie\u0301es a\u0300 la pollution comme les cancers.<\/p>\n<p>Pour changer cette direction ne\u0301faste du de\u0301veloppement des richesses plane\u0301taires, une volonte\u0301 de l\u2019espe\u0300ce humaine est ne\u0301cessaire avec un engagement plane\u0301taire a\u0300 cesser de polluer les e\u0301cosyste\u0300mes plane\u0301taires, a\u0300 les restaurer et a\u0300 vivre en tant qu\u2019espe\u0300ce avec une empreinte e\u0301cologique de 1. Cela devra se faire tout en s\u2019adaptant aux bouleversements que nous avons engendre\u0301s.<\/p>\n<p>No<a href=\"https:\/\/wp.unil.ch\/futurspossibles\/files\/2020\/02\/6.png\"><img alt=\"\" loading=\"lazy\" decoding=\"async\" class=\"wp-image-1502 alignleft\" src=\"https:\/\/wp.unil.ch\/futurspossibles\/files\/2020\/02\/6.png\" alt=\"\" width=\"369\" height=\"207\" srcset=\"https:\/\/wp.unil.ch\/futurspossibles\/files\/2020\/02\/6.png 1680w, https:\/\/wp.unil.ch\/futurspossibles\/files\/2020\/02\/6-300x169.png 300w, https:\/\/wp.unil.ch\/futurspossibles\/files\/2020\/02\/6-1024x575.png 1024w, https:\/\/wp.unil.ch\/futurspossibles\/files\/2020\/02\/6-768x432.png 768w, https:\/\/wp.unil.ch\/futurspossibles\/files\/2020\/02\/6-1536x863.png 1536w, https:\/\/wp.unil.ch\/futurspossibles\/files\/2020\/02\/6-1320x742.png 1320w\" sizes=\"auto, (max-width: 369px) 100vw, 369px\" \/><\/a>us devons prendre plane\u0301tairement et dans chacune de nos socie\u0301te\u0301s une nouvelle trajectoire pour notre de\u0301veloppement ou\u0300 les contraintes e\u0301cologiques, sociales et e\u0301conomiques sont conside\u0301re\u0301s en me\u0302me temps dans nos choix de socie\u0301te\u0301. C\u2019est ce que j\u2019ai appele\u0301 un de\u0301veloppement durable des richesses collectives alors que j\u2019e\u0301tais chef du parti Vert du Que\u0301bec en 1989.<\/p>\n<\/div>\n<\/div>\n<\/div>\n<\/div>\n<\/div>\n<\/div>\n<\/div>\n<\/div>\n<p>&nbsp;<\/p>\n<p>&nbsp;<\/p>\n<p>Une <strong>conscience collective et plane\u0301taire<\/strong><\/p>\n<div class=\"page\" title=\"Page 12\">\n<div class=\"section\">\n<div class=\"layoutArea\">\n<div class=\"column\">\n<p>Cette e\u0300re du post-capitalisme peut de\u0301buter par une prise de conscience collective de l\u2019impossibilite\u0301 de poursuivre une croissance e\u0301conomique plane\u0301taire. Des prises de conscience collective, il y a en de\u0301ja\u0300, au sujet de l\u2019e\u0301cart e\u0301norme entre les riches et les pauvres, des violences sexuelles commises a\u0300 l\u2019e\u0301gard des femmes, de la pollution qui tuent de plus en plus de personnes, etc.. Pour continuer a\u0300 mettre fin a\u0300 cette e\u0300re de l\u2019inconscience collective, du de\u0301ni collectif face a\u0300 l\u2019urgence plane\u0301taire et se libe\u0301rer de l\u2019emprise des pulsions collectives de domination qui hantent l\u2019humanite\u0301 depuis la nuit des temps, nous pourrions favoriser l\u2019e\u0301mergence de la conscience tant individuelle que collective. C\u2019est le meilleur moyen d\u2019y arriver quand la conscience est combine\u0301e a\u0300 une volonte\u0301. Cela pourrait e\u0301galement nous permettre de se libe\u0301rer des comportements individuels et collectifs qui menacent la survie de notre civilisation et me\u0302me de l\u2019humanite\u0301.<\/p>\n<p>Les socie\u0301te\u0301s qui auront su maintenir l\u2019e\u0301veil d\u2019une conscience collective et plane\u0301taire auront des capacite\u0301s d\u2019adaptation et de survie plus grandes face aux multiples bouleversements que l\u2019humanite\u0301 va vivre dans les prochaines de\u0301cennies et sie\u0300cles. Lors de la dernie\u0300re grande extinction des espe\u0300ces cause\u0301e par la chute d\u2019un me\u0301te\u0301orite il y a 65 millions d\u2019anne\u0301es, les dinosaures sont disparus et les mammife\u0300res, petits a\u0300 l\u2019e\u0301poque, ont surve\u0301cus dans leur abris sous-terre. Avec la sixie\u0300me grande extinction des espe\u0300ces actuelle et les changements climatiques grandissant, les socie\u0301te\u0301s conscientes de la ne\u0301cessite\u0301 de respecter les limites de la plane\u0300te et des e\u0301cosyste\u0300mes dans lesquels elles e\u0301voluent seront peut-e\u0302tre les seules a\u0300 survivre a\u0300 ces bouleversements plane\u0301taires. Les socie\u0301te\u0301s inconscientes dirige\u0301s par des dirigeants \u00ab dinosaures \u00bb, c\u2019est-a\u0300-dire des dirigeants guide\u0301s par leur cerveau reptilien, auront sombre\u0301 dans le chaos.<\/p>\n<\/div>\n<\/div>\n<\/div>\n<\/div>\n<p><a href=\"https:\/\/wp.unil.ch\/futurspossibles\/files\/2020\/02\/7.png\"><img alt=\"\" loading=\"lazy\" decoding=\"async\" class=\"wp-image-1503 alignleft\" src=\"https:\/\/wp.unil.ch\/futurspossibles\/files\/2020\/02\/7.png\" alt=\"\" width=\"420\" height=\"236\" srcset=\"https:\/\/wp.unil.ch\/futurspossibles\/files\/2020\/02\/7.png 1682w, https:\/\/wp.unil.ch\/futurspossibles\/files\/2020\/02\/7-300x168.png 300w, https:\/\/wp.unil.ch\/futurspossibles\/files\/2020\/02\/7-1024x575.png 1024w, https:\/\/wp.unil.ch\/futurspossibles\/files\/2020\/02\/7-768x431.png 768w, https:\/\/wp.unil.ch\/futurspossibles\/files\/2020\/02\/7-1536x862.png 1536w, https:\/\/wp.unil.ch\/futurspossibles\/files\/2020\/02\/7-1320x741.png 1320w\" sizes=\"auto, (max-width: 420px) 100vw, 420px\" \/><\/a>L\u2019e\u0301veil d\u2019une conscience personnelle qui s\u2019e\u0301largit avec une conscience collective et plane\u0301taire permet l\u2019e\u0301mergence d\u2019un espace spirituel en soi. Cet espace spirituel est un espace ou\u0300 des dynamiques spirituelles comme la foi, la croyance, la me\u0301ditation, la prie\u0300re, la mystique, le symbole religieux sont pre\u0301sentes chez un individu ou une collectivite\u0301.<\/p>\n<p>&nbsp;<\/p>\n<p>&nbsp;<\/p>\n<p>Dans la vision du monde sous-jacente a\u0300 ce document disponible sur mon site jeanouimet.info, la foi de\u0301signe le fait d\u2019avoir confiance, d\u2019e\u0302tre ouvert a\u0300 quelqu\u2019un ou quelque chose comme une foi en la vie. Cet espace spirituel permet de garder ou de retrouver un e\u0301quilibre en soi et nous aide a\u0300 traverser des situations difficiles sans s\u2019effondrer. Nous en avons besoin pour les temps plane\u0301taires difficiles qui s\u2019en viennent. De plus, cet espace spirituel favorise, avec une conscience collective et plane\u0301taire, une auto-gue\u0301rison personnelle, collective et plane\u0301taire des blessures subites par les e\u0302tres humains et la nature depuis des sie\u0300cles avec les conflits voire les guerres et la destruction de l\u2019environnement.<\/p>\n<div class=\"page\" title=\"Page 13\">\n<div class=\"section\">\n<div class=\"layoutArea\">\n<div class=\"column\">\n<p>Dans l\u2019animation ci-dessus, la sphe\u0300re rouge repre\u0301sente l\u2019espace spirituel d\u2019une personne ou d\u2019un groupe de personnes qui e\u0301merge avec l\u2019e\u0301veil de la conscience. Cet espace spirituel est un espace de dynamiques spirituelles par lesquelles nous pouvons e\u0302tre en re\u0301sonance avec tout ce qui est. La re\u0301sonance spirituelle pouvant varier entre l\u2019inspiration, l\u2019illumination, le nirvana, &#8230;<\/p>\n<p>L\u2019espace spirituel peut e\u0302tre vue comme une autre forme d\u2019inte\u0301riorisation du Tout en Soi. Ainsi, nous l\u2019inte\u0301riorisons physiquement avec les poussie\u0300res d\u2019e\u0301toiles qui composent notre corps. Nous inte\u0301riorisons chimiquement notre environnement avec l\u2019ADN, me\u0301moire biochimique des interactions avec cet environnement, qui guident chacune de nos cellules. Puis, nous inte\u0301riorisons biologiquement notre environnement avec les sensations que nous stockons dans la me\u0301moire de notre cerveau. Et, nous inte\u0301riorisons conceptuellement notre environnement avec les concepts et les connaissances que nous apprenons. Cette inte\u0301riorisation spirituelle du Tout en soi est la continuation de ce long processus de complexification de\u0301bute\u0301 avec le Big Bang. Nous pouvons dire, plus largement, que notre capacite\u0301 a\u0300 e\u0302tre en e\u0301quilibre voire en harmonie en soi et autour de soi repose notre capacite\u0301 a\u0300 inte\u0301rioriser le Tout en soi, tant individuellement que collectivement. i.e. tant pour une personne, une organisation qu\u2019une socie\u0301te\u0301.<\/p>\n<p>L\u2019e\u0301mergence d\u2019un tel espace spirituel en chacun de nous a\u0300 l\u2019e\u0301chelle mondiale permettra a\u0300 l\u2019humanite\u0301 de faire face aux multiples situations que nous rencontrerons gra\u0302ce a\u0300 cette foi en la Vie et cette foi en l\u2019Inconnu. Une foi en la Vie et en l\u2019Inconnu qui devient une source ine\u0301puisable d\u2019e\u0301nergie cre\u0301atrice.<\/p>\n<p>Comme l\u2019aurait dit Andre\u0301 Malraux \u00ab Le XXIie\u0300me sie\u0300cle sera spirituel ou ne sera pas \u00bb.<\/p>\n<div class=\"page\" title=\"Page 14\">\n<div class=\"section\">\n<div class=\"layoutArea\">\n<div class=\"column\">\n<h3>Plan d\u2019action plane\u0301taire<\/h3>\n<p>Dans le contexte actuel d\u2019urgence plane\u0301taire ou\u0300 l\u2019ensemble des peuples de la Terre doivent se mobiliser pour faire face aux changements climatiques et a\u0300 la sixie\u0300me grande extinction des espe\u0300ces, et devant l\u2019inaction des repre\u0301sentants des E\u0301tats a\u0300 l\u2019ONU qui de\u0301fendent leurs inte\u0301re\u0302ts nationaux particuliers, un engagement collectif a\u0300 respecter les limites de la plane\u0300te et de l\u2019e\u0302tre humain pourrait e\u0302tre e\u0301labore\u0301 et adopte\u0301 par la population consciente de cette urgence plane\u0301taire dans le plus de pays possibles ou\u0300 une telle de\u0301marche de\u0301mocratique est possible.<\/p>\n<p>Cet engagement collectif dans un pays pourrait s\u2019articuler autour d\u2019un partage des responsabilite\u0301s entre les personnes, les organisations et l\u2019E\u0301tat, tout en incluant les liberte\u0301s et les droits de la personne. Et ces engagements collectifs, e\u0301mergeant dans diffe\u0301rents pays, pourraient faire converger l\u2019humanite\u0301 vers un engagement plane\u0301taire pour guider nos de\u0301cisions mondiales.<\/p>\n<p>Un engagement plane\u0301taire pour changer la trajectoire actuelle du de\u0301veloppement de l\u2019humanite\u0301, e\u0301mergeant d\u2019une conscience plane\u0301taire de l\u2019inte\u0301re\u0302t ge\u0301ne\u0301ral de l\u2019humanite\u0301, peut nous permettre d\u2019effectuer ce virage ne\u0301cessaire et souhaite\u0301 par une partie de plus en plus grande de l\u2019humanite\u0301. Cet engagement plane\u0301taire, articule\u0301 autour d\u2019un partage des responsabilite\u0301s entre les personnes, les organisations et les E\u0301tats, pourrait s\u2019ajouter, comme une mise a\u0300 jour, a\u0300 la de\u0301claration universelle des droits et liberte\u0301s de la personne adopte\u0301e par l\u2019ONU en 1948. Cela mettrait cet engagement plane\u0301taire au coeur du fonctionnement de l\u2019ONU et me\u0300nerait a\u0300 une re\u0301forme des institutions onusiennes pour guider l\u2019humanite\u0301 dans cette grande transition e\u0301cologique mondiale souhaite\u0301e par une majorite\u0301 de l\u2019humanite\u0301. Avec la participation de plus de 2 milliards de personnes a\u0300 l\u2019e\u0301laboration et a\u0300 l\u2019adoption d\u2019un engagement plane\u0301taire lors d\u2019un re\u0301fe\u0301rendum citoyen mondial, il serait possible de donner toute la le\u0301gitimite\u0301 ne\u0301cessaire a\u0300 une telle transformation des institutions de l\u2019ONU.<\/p>\n<\/div>\n<\/div>\n<\/div>\n<\/div>\n<\/div>\n<\/div>\n<\/div>\n<\/div>\n<p><a href=\"https:\/\/wp.unil.ch\/futurspossibles\/files\/2020\/02\/8.png\"><img alt=\"\" loading=\"lazy\" decoding=\"async\" class=\"aligncenter wp-image-1504\" src=\"https:\/\/wp.unil.ch\/futurspossibles\/files\/2020\/02\/8.png\" alt=\"\" width=\"510\" height=\"311\" srcset=\"https:\/\/wp.unil.ch\/futurspossibles\/files\/2020\/02\/8.png 1640w, https:\/\/wp.unil.ch\/futurspossibles\/files\/2020\/02\/8-300x183.png 300w, https:\/\/wp.unil.ch\/futurspossibles\/files\/2020\/02\/8-1024x624.png 1024w, https:\/\/wp.unil.ch\/futurspossibles\/files\/2020\/02\/8-768x468.png 768w, https:\/\/wp.unil.ch\/futurspossibles\/files\/2020\/02\/8-1536x937.png 1536w, https:\/\/wp.unil.ch\/futurspossibles\/files\/2020\/02\/8-1320x805.png 1320w\" sizes=\"auto, (max-width: 510px) 100vw, 510px\" \/><\/a><\/p>\n<div class=\"page\" title=\"Page 15\">\n<div class=\"section\">\n<div class=\"layoutArea\">\n<div class=\"column\">\n<p>Pour l\u2019e\u0301mergence d\u2019une conscience et d\u2019une volonte\u0301 plane\u0301taires suffisantes a\u0300 l\u2019e\u0301laboration et l\u2019adoption d\u2019un <strong>engagement plane\u0301taire<\/strong>, tout un ensemble d\u2019actions, comme l\u2019illustre le tableau ci-dessus, pourraient e\u0302tre entreprise dans plusieurs pays de la plane\u0300te par des citoyens du monde conscients de l\u2019urgence plane\u0301taire.<\/p>\n<p>La re\u0301alisation et la coordination de l\u2019ensemble de ces actions pour un engagement plane\u0301taire pourrait e\u0302tre sous la supervision d\u2019une fondation internationale qui re\u0301unirait des financiers philanthropes, des entrepreneurs, des intellectuels, des e\u0301cologistes, des artistes et des chercheurs. Un engagement plane\u0301taire qui pourrait <strong>redonner espoir en l\u2019avenir de l\u2019Humanite\u0301 !<\/strong> Voici la vision que je de\u0301veloppe depuis des anne\u0301es et que je partage maintenant avec vous.<\/p>\n<p>Et rappelons-nous que : <strong>L\u2019impossible recule a\u0300 chaque pas que l\u2019on fait !<\/strong><\/p>\n<div class=\"page\" title=\"Page 16\">\n<div class=\"section\">\n<div class=\"layoutArea\">\n<div class=\"column\">\n<h3>Paradigme anticipatif comme base e\u0301piste\u0301mologique d\u2019une e\u0300re post-capitaliste<\/h3>\n<p>La complexification d\u2019une socie\u0301te\u0301 ou de l\u2019humanite\u0301 pour mieux s\u2019adapter aux changements de son environnement s\u2019inscrit dans le sens de la complexification de l\u2019univers et elle est une voie souhaitable qui de\u0301pend de la capacite\u0301 de la socie\u0301te\u0301 de conside\u0301rer son environnement dans ses choix de socie\u0301te\u0301 par la conscience collective, les connaissances et l\u2019intelligence collective.<\/p>\n<p>La conception du plan d\u2019action plane\u0301taire de me\u0302me que les notions pre\u0301sente\u0301es pre\u0301ce\u0301demment dans ce document multime\u0301dia sur le post-capitalisme ont e\u0301te\u0301 de\u0301veloppe\u0301 avec une fac\u0327on de penser le monde grandement influence\u0301e par ma lecture d\u2019un livre de Robert Rosen, Anticipatory system (3) publie\u0301 en 1984.<\/p>\n<p>Pour mieux comprendre les syste\u0300mes complexes dont les syste\u0300mes vivants font partis, Robert Rosen a propose\u0301 la notion de syste\u0300me anticipatif dans son livre. Il y de\u0301crit les syste\u0300mes complexes vivants a\u0300 partir d\u2019un paradigme qu\u2019il appelle anticipatif pluto\u0302t qu\u2019en utilisant le paradigme re\u0301actif commune\u0301ment utilise\u0301 en science.<\/p>\n<\/div>\n<\/div>\n<\/div>\n<\/div>\n<\/div>\n<\/div>\n<\/div>\n<\/div>\n<p><a href=\"https:\/\/wp.unil.ch\/futurspossibles\/files\/2020\/02\/9.png\"><img alt=\"\" loading=\"lazy\" decoding=\"async\" class=\"aligncenter wp-image-1505\" src=\"https:\/\/wp.unil.ch\/futurspossibles\/files\/2020\/02\/9.png\" alt=\"\" width=\"601\" height=\"378\" srcset=\"https:\/\/wp.unil.ch\/futurspossibles\/files\/2020\/02\/9.png 1626w, https:\/\/wp.unil.ch\/futurspossibles\/files\/2020\/02\/9-300x189.png 300w, https:\/\/wp.unil.ch\/futurspossibles\/files\/2020\/02\/9-1024x644.png 1024w, https:\/\/wp.unil.ch\/futurspossibles\/files\/2020\/02\/9-768x483.png 768w, https:\/\/wp.unil.ch\/futurspossibles\/files\/2020\/02\/9-1536x965.png 1536w, https:\/\/wp.unil.ch\/futurspossibles\/files\/2020\/02\/9-1320x830.png 1320w\" sizes=\"auto, (max-width: 601px) 100vw, 601px\" \/><\/a><\/p>\n<div class=\"page\" title=\"Page 16\">\n<div class=\"section\">\n<div class=\"layoutArea\">\n<div class=\"column\">\n<p>Le paradigme re\u0301actif permet de de\u0301crire le comportement d\u2019un syste\u0300me dans un mode purement re\u0301actif; c\u2019est-a\u0300-dire que le changement d\u2019e\u0301tat d\u2019un syste\u0300me de\u0301pend seulement des e\u0301tats pre\u0301sents et passe\u0301s. Le paradigme re\u0301actif permet d\u2019obtenir, pour le comportement d\u2019un syste\u0300me simple, des compre\u0301hensions qui sont de bonnes approximations comme la ligne droite peut e\u0302tre une bonne approximation d\u2019une ligne courbe sur une courte voire tre\u0300s courte distance.<\/p>\n<div class=\"page\" title=\"Page 17\">\n<div class=\"section\">\n<div class=\"layoutArea\">\n<div class=\"column\">\n<p>Mais pour les syste\u0300mes complexes comme les e\u0302tres vivants ou les socie\u0301te\u0301s humaines, le paradigme re\u0301actif devient inapproprie\u0301 car les syste\u0300mes complexes sont non-line\u0301aires et les approximations de ces compre\u0301hensions du comportement de syste\u0300me complexe faites dans un paradigme re\u0301actif engendrent trop souvent la destruction de la complexite\u0301 des environnements naturel et social.<\/p>\n<p>Tant que les socie\u0301te\u0301s e\u0301voluaient lentement, que les inter-interactions e\u0301taient plus simples, la gouvernance de nos socie\u0301te\u0301s pouvait se faire avec de telles approximations. Aujourd\u2019hui, ce genre de gouvernance \u00ab re\u0301active \u00bb menace la survie de l\u2019Humanite\u0301. Pour naviguer dans la complexite\u0301 du monde moderne, une gouvernance \u00ab anticipative \u00bb est plus approprie\u0301 comme l\u2019accord de Montre\u0301al sur la couche d\u2019ozone en 1985 l\u2019a de\u0301montre\u0301. Dans une e\u0300re post- capitaliste, le paradigme anticipatif est plus approprie\u0301 pour assurer une bonne navigation dans la complexite\u0301 du monde.<\/p>\n<p>Dans une e\u0300re post-capitaliste ou\u0300 les limites de la plane\u0300te veulent e\u0302tre respecter, une gouvernance \u00ab anticipative \u00bb est plus approprie\u0301 pour naviguer dans la complexite\u0301 du monde moderne comme l\u2019accord de Montre\u0301al sur la couche d\u2019ozone en 1985 l\u2019a de\u0301montre\u0301.<\/p>\n<p>Regardons de plus pre\u0300s la compre\u0301hension que nous propose Robert Rosen d\u2019un syste\u0300me complexe. Ce syste\u0300me complexe, soumis a\u0300 un environnement, a un comportement adapte\u0301 a\u0300 son environnement. Pour Rosen, la complexite\u0301 d\u2019un syste\u0300me est de\u0301termine\u0301 par les diffe\u0301rentes dynamiques non-e\u0301quivalentes mais compatibles ne\u0301cessaires a\u0300 la description et a\u0300 la compre\u0301hension d\u2019un syste\u0300me. Pour un e\u0302tre humain, les cate\u0301gories de dynamiques a\u0300 conside\u0301rer pour une compre\u0301hension du comportement peuvent e\u0302tre physique, chimique, biologique, conceptuelle et spirituelle. Pour comprendre le comportement d\u2019une socie\u0301te\u0301, les cate\u0301gories de dynamiques a\u0300 conside\u0301rer sont e\u0301cologique, sociale, e\u0301conomique, informationnelle et politique.<\/p>\n<p>Avec un paradigme anticipatif, la compre\u0301hension des comportements d\u2019un syste\u0300me complexe repose sur ses mode\u0300les pre\u0301dictifs de diffe\u0301rentes cate\u0301gories de dynamiques et ses anticipations de futurs possibles, souhaitables ou non, de l\u2019environnement et de ses comportements qui lui procurent diffe\u0301rents types de mode\u0300les pre\u0301dictifs.<\/p>\n<p>Les mode\u0300les pre\u0301dictifs, en plus de porter sur diffe\u0301rentes cate\u0301gories de dynamiques, peuvent e\u0302tre de diffe\u0301rentes nature. Des mode\u0300les physiques comme des maquettes de bateau ou d\u2019avion permettent d\u2019anticiper des comportements non-souhaitables du bateau ou de l\u2019avion comme de couler ou de s\u2019e\u0301craser. Des mode\u0300les chimiques comme l\u2019ADN qui est une repre\u0301sentation chimique d\u2019interaction possible entre la cellule ho\u0302te de l\u2019ADN et son environnement et qui guide les comportements de toutes les cellules d\u2019un organisme vivant.<\/p>\n<\/div>\n<\/div>\n<div class=\"layoutArea\">\n<div class=\"column\">\n<p>Des mode\u0300les biologiques comme les repre\u0301sentations sensorielles me\u0301morise\u0301es par le permettant des anticipations comme l\u2019instinct le fait chez les animaux. Chez les e\u0302tres des mode\u0300les conceptuels sont de\u0301velopp\u00e9s gra\u0302ce a\u0300 la conceptualisation que permet la conscience. Ces mode\u0300les conceptuels peuvent e\u0302tre des mode\u0300les mathe\u0301matiques de mole\u0301cule nous permettent d\u2019anticiper the\u0301oriquement des combinaisons chimiques possibles. Nous pouvons e\u0301galement voir une charte des droits et liberte\u0301s de la personne comme un mode\u0300le juridique qui permet d\u2019infe\u0301rer les comportements souhaitables et non-souhaitables de la population.<\/p>\n<\/div>\n<\/div>\n<div class=\"layoutArea\">\n<div class=\"column\">\n<div class=\"page\" title=\"Page 18\">\n<div class=\"section\">\n<div class=\"layoutArea\">\n<div class=\"column\">\n<p>Ces mode\u0300les pre\u0301dictifs produisent des anticipations plus ou moins solides qui peuvent e\u0302tre de diffe\u0301rents genre: des pre\u0301dictions, des pre\u0301visions, des probabilite\u0301s et des possibilite\u0301s.<\/p>\n<p>Les mode\u0300les pre\u0301dictifs et leurs anticipations permettent au syste\u0300me vivant d\u2019ame\u0301liorer ses capacite\u0301s d\u2019adaptation a\u0300 son environnement si des effecteurs, des intervenants sont cre\u0301e\u0301s pour donner suite aux anticipations. Ces effecteurs, pour intervenir sur le syste\u0300me ou son environnement, peuvent varier de l\u2019outil au savoir-faire d\u2019une personne, et pour une socie\u0301te\u0301 humaine, les effecteurs peuvent varier de la personne, l\u2019organisation ou l \u2018E\u0301tat. Les interventions des effecteurs sur le syste\u0300me ou son environnement permettent de faire e\u0301voluer les mode\u0300les pre\u0301dictifs.<\/p>\n<p>Un mode\u0300le pre\u0301dictif dans un syste\u0300me anticipatif permet de stabiliser une proprie\u0301te\u0301 P comme la vie avec l\u2019ADN comme mode\u0300le pre\u0301dictif, la survie avec la me\u0301moire comme mode\u0300le pre\u0301dictif, la conscience avec le cerveau comme mode\u0300le pre\u0301dictif, un projet personnel avec un contrat comme mode\u0300le pre\u0301dictif, un projet de socie\u0301te\u0301 avec un contrat social comme mode\u0300le pre\u0301dictif ou un engagement plane\u0301taire avec une charte mondiale des droits, liberte\u0301s et responsabilite\u0301s comme mode\u0300le pre\u0301dictif.<\/p>\n<p>Ainsi, un syste\u0300me vivant utilise ses mode\u0300les pre\u0301dictifs pour rechercher les situations souhaitables afin de survivre, se reproduire et s\u2019e\u0301panouir, et e\u0301viter les situations non- souhaitables afin de ne pas souffrir ou mourir. Les mode\u0300les pre\u0301dictifs inte\u0301gre\u0301s a\u0300 un syste\u0300me anticipatif constituent des caracte\u0301ristiques qui s\u2019ajoutent a\u0300 l\u2019identite\u0301 du syste\u0300me. Nous appellerons ces caracte\u0301ristiques \u00ab ge\u0301notypiques \u00bb par opposition aux caracte\u0301ristiques \u00ab phe\u0301notypiques \u00bb lie\u0301es aux comportements. Ainsi, l\u2019e\u0301volution de l\u2019identite\u0301 est en relation e\u0301troite avec l\u2019e\u0301volution des mode\u0300les pre\u0301dictifs qui changent avec l\u2019apprentissage.<\/p>\n<p>Pour pouvoir agir sur le monde et sur soi, il faut d\u2019abord e\u0302tre en e\u0301quilibre au moment pre\u0301sent avec les diffe\u0301rentes dynamiques qui nous touchent. Pour une personne, c\u2019est l\u2019e\u0301quilibre physique d\u2019une personne. L\u2019e\u0301quilibre chimique qui de\u0301termine le caracte\u0300re pouvant e\u0302tre, entre autres, joyeux, angoisse\u0301, nerveux, audacieux, te\u0301me\u0301raire. L\u2019e\u0301quilibre biologique se manifeste avec la sante\u0301 physique et mentale. L\u2019e\u0301quilibre conceptuelle se de\u0301veloppe avec la conscience et l\u2019intelligence. L\u2019e\u0301quilibre spirituelle est possible avec une foi en la vie et une foi en l\u2019inconnu.<\/p>\n<p>Maintenant, regardons <strong>a\u0300 quoi correspondent les mode\u0300les pre\u0301dictifs et les effecteurs pour un syste\u0300me anticipatif comme une socie\u0301te\u0301.<\/strong><\/p>\n<p>Les mode\u0300les pre\u0301dictifs pour une socie\u0301te\u0301 sont, entre autres, la constitution de l\u2019E\u0301tat, le contrat social et les cartes cognitives collectives qui sont un recueil de connaissances, de compre\u0301hensions partage\u0301es par la population qui leur permet de faire des anticipations de futurs possibles. Le contrat social et les cartes cognitives collectives portent sur les dynamiques e\u0301cologique, sociale, e\u0301conomique, informationnelle et politique qui animent la socie\u0301te\u0301.<\/p>\n<div class=\"page\" title=\"Page 19\">\n<div class=\"section\">\n<div class=\"layoutArea\">\n<div class=\"column\">\n<p>Les effecteurs dans la cas d\u2019une socie\u0301te\u0301 comme syste\u0300me anticipatif sont d\u2019abord la population avec, entre autres, l\u2019e\u0301ducation, la consommation et la votation, puis l\u2019E\u0301tat constitue\u0301 par la population avec une assemble\u0301e constituante pour faire, entre autres, la le\u0301gislation et la re\u0300glementation et les organisations dont les entreprises, produisant des biens et des services pour la socie\u0301te\u0301.<\/p>\n<p>Un syste\u0300me anticipatif comme une socie\u0301te\u0301 peut avancer, en e\u0301quilibre a\u0300 chaque pas, dans la re\u0301alisation d\u2019un contrat social comme futur possible souhaitable avec une navigation consciente de la complexite\u0301 du monde ou\u0300 les dynamiques e\u0301cologique, sociale, e\u0301conomique, informationnelle et politique sont toujours pre\u0301sentes.<\/p>\n<p>&#8212;&#8212;&#8212;&#8212;&#8212;&#8212;&#8212;&#8212;&#8212;&#8212;&#8212;&#8212;&#8212;&#8212;&#8212;&#8212;&#8212;&#8212;&#8212;&#8212;&#8212;&#8212;&#8212;&#8212;&#8212;&#8212;&#8212;&#8212;&#8212;&#8212;&#8212;&#8212;&#8212;&#8212;&#8212;&#8212;&#8212;&#8212;&#8212;&#8212;&#8212;&#8212;&#8212;&#8212;&#8212;-<\/p>\n<p>1- <em>Global Sustainable Development Report 2019 drafted by the Group of independent scientists. <\/em>Invited background document on economic transformation, to chapter: Transformation: The Economy August 14, 2018. Paavo Ja\u0308rvensivu (1*,2*), Tero Toivanen (1,3*), Tere Vade\u0301n (1), Ville La\u0308hde (1), Antti Majava (1), Jussi T. Eronen (1,4*)<\/p>\n<p>2- Naomi Klein Elle est journaliste, re\u0301alisatrice et l\u2019auteure de plusieurs essais remarque\u0301s : <em>No Logo : La tyrannie des marques<\/em> (Actes Sud, 2001), <em>La Strate\u0301gie du choc : Monte\u0301e d\u2019un capitalisme du de\u0301sastre<\/em> (Actes Sud, 2008) et <em>Tout peut changer : Capitalisme et changement climatique<\/em> (Actes Sud, 2015).<\/p>\n<p>3- Robert Rosen, <em>Anticipatory systems, Philosophical, Mathematical and Methodological Foundations<\/em>. IFSR international Series on Systems Science and Engineering, Volume 1, Pergamon Press, New York, 1985<\/p>\n<p><em><strong>\u00ab\u00a0D\u00e9couvrez une pr\u00e9sentation multim\u00e9dia avec animation de cette proposition d&rsquo;engagement plan\u00e9taire sur le site <a href=\"https:\/\/www.jeanouimet.info\/\">www.jeanouimet.info<\/a> sur lequel vous pouvez trouver la vision du monde qui a m&rsquo;amen\u00e9 \u00e0 d\u00e9velopper cette proposition de d\u00e9marche citoyenne pour que l&rsquo;int\u00e9r\u00eat g\u00e9n\u00e9ral soit au cour de nos d\u00e9cisions collectives et plan\u00e9taires. Egalement sur mon site : plans d&rsquo;actions possibles au niveau local et soci\u00e9tal associ\u00e9s \u00e0 un tel engagement plan\u00e9taire.\u00a0\u00bb<\/strong><\/em><\/p>\n<\/div>\n<\/div>\n<\/div>\n<\/div>\n<\/div>\n<\/div>\n<\/div>\n<\/div>\n<\/div>\n<\/div>\n<\/div>\n<\/div>\n<\/div>\n<\/div>\n<\/div>\n<\/div>\n<\/div>\n<\/div>\n<\/div>\n<\/div>\n<\/div>\n<\/div>\n<\/div>\n<\/div>\n<\/li>\n<\/ul>\n<\/div>\n<\/div>\n<\/div>\n<\/div>\n<\/div>\n<\/div>\n<\/div>\n<\/div>\n<\/div>\n<\/div>\n<\/div>\n<\/div>\n<\/div>\n<\/div>\n<\/div>\n<\/div>\n<\/div>\n<\/div>\n<\/div>\n<\/div>\n<\/div>\n<\/div>\n<\/div>\n<\/div>\n<\/div>\n<\/div>\n<\/div>\n<\/div>\n","protected":false},"excerpt":{"rendered":"<p>Par Jean Ouimet \/\/ Un engagement plane\u0301taire pour une me\u0301tamorphose de notre civilisation et de nos socie\u0301te\u0301s complexes.<\/p>\n","protected":false},"author":1119,"featured_media":1493,"comment_status":"open","ping_status":"closed","sticky":false,"template":"","format":"standard","meta":{"_seopress_robots_primary_cat":"","_seopress_titles_title":"","_seopress_titles_desc":"","_seopress_robots_index":"","_uag_custom_page_level_css":"","footnotes":""},"categories":[11,28,4],"tags":[],"class_list":{"0":"post-1490","1":"post","2":"type-post","3":"status-publish","4":"format-standard","5":"has-post-thumbnail","7":"category-gouvernance-democratie","8":"category-nouveaux-paradigmes","9":"category-contributions"},"uagb_featured_image_src":{"full":["https:\/\/wp.unil.ch\/futurspossibles\/files\/2020\/02\/engagement_plane\u0301taire.png",1920,1080,false],"thumbnail":["https:\/\/wp.unil.ch\/futurspossibles\/files\/2020\/02\/engagement_plane\u0301taire-150x150.png",150,150,true],"medium":["https:\/\/wp.unil.ch\/futurspossibles\/files\/2020\/02\/engagement_plane\u0301taire-300x169.png",300,169,true],"medium_large":["https:\/\/wp.unil.ch\/futurspossibles\/files\/2020\/02\/engagement_plane\u0301taire-768x432.png",735,413,true],"large":["https:\/\/wp.unil.ch\/futurspossibles\/files\/2020\/02\/engagement_plane\u0301taire-1024x576.png",735,413,true],"1536x1536":["https:\/\/wp.unil.ch\/futurspossibles\/files\/2020\/02\/engagement_plane\u0301taire-1536x864.png",1536,864,true],"2048x2048":["https:\/\/wp.unil.ch\/futurspossibles\/files\/2020\/02\/engagement_plane\u0301taire.png",1920,1080,false],"hitmag-landscape":["https:\/\/wp.unil.ch\/futurspossibles\/files\/2020\/02\/engagement_plane\u0301taire-1120x450.png",1120,450,true],"hitmag-featured":["https:\/\/wp.unil.ch\/futurspossibles\/files\/2020\/02\/engagement_plane\u0301taire-735x400.png",735,400,true],"hitmag-grid":["https:\/\/wp.unil.ch\/futurspossibles\/files\/2020\/02\/engagement_plane\u0301taire-348x215.png",348,215,true],"hitmag-list":["https:\/\/wp.unil.ch\/futurspossibles\/files\/2020\/02\/engagement_plane\u0301taire-290x220.png",290,220,true],"hitmag-thumbnail":["https:\/\/wp.unil.ch\/futurspossibles\/files\/2020\/02\/engagement_plane\u0301taire-135x93.png",135,93,true],"mailpoet_newsletter_max":["https:\/\/wp.unil.ch\/futurspossibles\/files\/2020\/02\/engagement_plane\u0301taire-1320x743.png",1320,743,true]},"uagb_author_info":{"display_name":"Delphine Ducoulombier","author_link":"https:\/\/wp.unil.ch\/futurspossibles\/author\/dducoulo\/"},"uagb_comment_info":1,"uagb_excerpt":"Par Jean Ouimet \/\/ Un engagement plane\u0301taire pour une me\u0301tamorphose de notre civilisation et de nos socie\u0301te\u0301s complexes.","_links":{"self":[{"href":"https:\/\/wp.unil.ch\/futurspossibles\/wp-json\/wp\/v2\/posts\/1490","targetHints":{"allow":["GET"]}}],"collection":[{"href":"https:\/\/wp.unil.ch\/futurspossibles\/wp-json\/wp\/v2\/posts"}],"about":[{"href":"https:\/\/wp.unil.ch\/futurspossibles\/wp-json\/wp\/v2\/types\/post"}],"author":[{"embeddable":true,"href":"https:\/\/wp.unil.ch\/futurspossibles\/wp-json\/wp\/v2\/users\/1119"}],"replies":[{"embeddable":true,"href":"https:\/\/wp.unil.ch\/futurspossibles\/wp-json\/wp\/v2\/comments?post=1490"}],"version-history":[{"count":0,"href":"https:\/\/wp.unil.ch\/futurspossibles\/wp-json\/wp\/v2\/posts\/1490\/revisions"}],"wp:featuredmedia":[{"embeddable":true,"href":"https:\/\/wp.unil.ch\/futurspossibles\/wp-json\/wp\/v2\/media\/1493"}],"wp:attachment":[{"href":"https:\/\/wp.unil.ch\/futurspossibles\/wp-json\/wp\/v2\/media?parent=1490"}],"wp:term":[{"taxonomy":"category","embeddable":true,"href":"https:\/\/wp.unil.ch\/futurspossibles\/wp-json\/wp\/v2\/categories?post=1490"},{"taxonomy":"post_tag","embeddable":true,"href":"https:\/\/wp.unil.ch\/futurspossibles\/wp-json\/wp\/v2\/tags?post=1490"}],"curies":[{"name":"wp","href":"https:\/\/api.w.org\/{rel}","templated":true}]}}