{"id":1145,"date":"2019-12-03T12:00:03","date_gmt":"2019-12-03T11:00:03","guid":{"rendered":"http:\/\/wp.unil.ch\/futurspossibles\/?p=1145"},"modified":"2019-12-03T13:39:47","modified_gmt":"2019-12-03T12:39:47","slug":"le-lac-leman-comme-un-talisman","status":"publish","type":"post","link":"https:\/\/wp.unil.ch\/futurspossibles\/2019\/12\/le-lac-leman-comme-un-talisman\/","title":{"rendered":"Le lac L\u00e9man comme un talisman"},"content":{"rendered":"<p style=\"text-align: center\"><a href=\"https:\/\/wp.unil.ch\/futurspossibles\/files\/2019\/12\/IMG_3602.jpg\"><img alt=\"\" loading=\"lazy\" decoding=\"async\" class=\"aligncenter wp-image-1147\" src=\"https:\/\/wp.unil.ch\/futurspossibles\/files\/2019\/12\/IMG_3602.jpg\" alt=\"\" width=\"823\" height=\"617\" srcset=\"https:\/\/wp.unil.ch\/futurspossibles\/files\/2019\/12\/IMG_3602.jpg 1600w, https:\/\/wp.unil.ch\/futurspossibles\/files\/2019\/12\/IMG_3602-300x225.jpg 300w, https:\/\/wp.unil.ch\/futurspossibles\/files\/2019\/12\/IMG_3602-1024x768.jpg 1024w, https:\/\/wp.unil.ch\/futurspossibles\/files\/2019\/12\/IMG_3602-768x576.jpg 768w, https:\/\/wp.unil.ch\/futurspossibles\/files\/2019\/12\/IMG_3602-1536x1152.jpg 1536w, https:\/\/wp.unil.ch\/futurspossibles\/files\/2019\/12\/IMG_3602-1320x990.jpg 1320w\" sizes=\"auto, (max-width: 823px) 100vw, 823px\" \/><\/a>\u00a9 Aude Charlon<\/p>\n<p>Par Aude Charlon de Nexon<\/p>\n<p>Chronique amoureuse d&rsquo;une fran\u00e7aise \u00e0 Lausanne&#8230;<\/p>\n<p>J\u2019arrive \u00e0 Lausanne.<br \/>\nJe suis une nouvelle.<br \/>\nUne nouvelle qui contemple, qui se charge de vous, se recharge de vous.<br \/>\nJe suis sans voix mais pas sans maux<br \/>\nLes mots d\u00e9gueulent.<br \/>\nIl y a le lac<br \/>\nSes fureurs<br \/>\nSes ciels<br \/>\nSes humeurs, ses d\u00e9nivel\u00e9s de gris bleus mousseux n\u00e9buleux aqueux\u2026<br \/>\nIl y a ses \u00e9vanouissements, ses odeurs\u2026<br \/>\nIl y a ses montagnes<br \/>\nSes vertiges, ses altitudes obs\u00e9dantes<br \/>\nMorphine<br \/>\nSentir son corps en vie<br \/>\nIci<br \/>\nMaintenant<br \/>\nDevant\u2026<br \/>\nNe pas peindre l\u2019\u00eatre, peindre le passage<br \/>\nNe pas peindre l\u2019\u00eatre, peindre le passage<br \/>\nMontaigne<br \/>\nMarthaler Vidy<br \/>\nTchekhov Monteverdi Lamentations<br \/>\nLe poumon de la terre, leurs feuilles, les racines du ciel<br \/>\nOn y est<br \/>\nLe vivant du spectacle<br \/>\nOn fait se raconter parce que la vie c\u2019est pas assez\u2026<br \/>\nOn fait se vibrer pour se modifier, se mettre en bascule avec cet espace de toi<br \/>\nAvec moi<br \/>\nVous\u2026<br \/>\nJe vous \u00e9coute\u2026<br \/>\nJe vous observe\u2026<br \/>\nJe suis une petite figurante qui travaille, un spectateur fertile.<br \/>\nUne fourmi \u00e0 l\u2019\u0153uvre\u2026<br \/>\nQue les pens\u00e9es fassent s\u2019articuler le sens et la physique quantique son ouvrage.<br \/>\nMerci.<br \/>\nA suivre\u2026<\/p>\n","protected":false},"excerpt":{"rendered":"<p>Par Aude Charlon de Nexon \/\/ Chronique amoureuse d&rsquo;une fran\u00e7aise \u00e0 Lausanne&#8230;<\/p>\n","protected":false},"author":1119,"featured_media":1147,"comment_status":"open","ping_status":"closed","sticky":false,"template":"","format":"standard","meta":{"_seopress_robots_primary_cat":"","_seopress_titles_title":"","_seopress_titles_desc":"","_seopress_robots_index":"","_uag_custom_page_level_css":"","footnotes":""},"categories":[15,26,4],"tags":[],"class_list":{"0":"post-1145","1":"post","2":"type-post","3":"status-publish","4":"format-standard","5":"has-post-thumbnail","7":"category-art-culture","8":"category-effondrements","9":"category-contributions"},"uagb_featured_image_src":{"full":["https:\/\/wp.unil.ch\/futurspossibles\/files\/2019\/12\/IMG_3602.jpg",1600,1200,false],"thumbnail":["https:\/\/wp.unil.ch\/futurspossibles\/files\/2019\/12\/IMG_3602-150x150.jpg",150,150,true],"medium":["https:\/\/wp.unil.ch\/futurspossibles\/files\/2019\/12\/IMG_3602-300x225.jpg",300,225,true],"medium_large":["https:\/\/wp.unil.ch\/futurspossibles\/files\/2019\/12\/IMG_3602-768x576.jpg",735,551,true],"large":["https:\/\/wp.unil.ch\/futurspossibles\/files\/2019\/12\/IMG_3602-1024x768.jpg",735,551,true],"1536x1536":["https:\/\/wp.unil.ch\/futurspossibles\/files\/2019\/12\/IMG_3602-1536x1152.jpg",1536,1152,true],"2048x2048":["https:\/\/wp.unil.ch\/futurspossibles\/files\/2019\/12\/IMG_3602.jpg",1600,1200,false],"hitmag-landscape":["https:\/\/wp.unil.ch\/futurspossibles\/files\/2019\/12\/IMG_3602-1120x450.jpg",1120,450,true],"hitmag-featured":["https:\/\/wp.unil.ch\/futurspossibles\/files\/2019\/12\/IMG_3602-735x400.jpg",735,400,true],"hitmag-grid":["https:\/\/wp.unil.ch\/futurspossibles\/files\/2019\/12\/IMG_3602-348x215.jpg",348,215,true],"hitmag-list":["https:\/\/wp.unil.ch\/futurspossibles\/files\/2019\/12\/IMG_3602-290x220.jpg",290,220,true],"hitmag-thumbnail":["https:\/\/wp.unil.ch\/futurspossibles\/files\/2019\/12\/IMG_3602-135x93.jpg",135,93,true],"mailpoet_newsletter_max":["https:\/\/wp.unil.ch\/futurspossibles\/files\/2019\/12\/IMG_3602-1320x990.jpg",1320,990,true]},"uagb_author_info":{"display_name":"Delphine Ducoulombier","author_link":"https:\/\/wp.unil.ch\/futurspossibles\/author\/dducoulo\/"},"uagb_comment_info":0,"uagb_excerpt":"Par Aude Charlon de Nexon \/\/ Chronique amoureuse d'une fran\u00e7aise \u00e0 Lausanne...","_links":{"self":[{"href":"https:\/\/wp.unil.ch\/futurspossibles\/wp-json\/wp\/v2\/posts\/1145","targetHints":{"allow":["GET"]}}],"collection":[{"href":"https:\/\/wp.unil.ch\/futurspossibles\/wp-json\/wp\/v2\/posts"}],"about":[{"href":"https:\/\/wp.unil.ch\/futurspossibles\/wp-json\/wp\/v2\/types\/post"}],"author":[{"embeddable":true,"href":"https:\/\/wp.unil.ch\/futurspossibles\/wp-json\/wp\/v2\/users\/1119"}],"replies":[{"embeddable":true,"href":"https:\/\/wp.unil.ch\/futurspossibles\/wp-json\/wp\/v2\/comments?post=1145"}],"version-history":[{"count":0,"href":"https:\/\/wp.unil.ch\/futurspossibles\/wp-json\/wp\/v2\/posts\/1145\/revisions"}],"wp:featuredmedia":[{"embeddable":true,"href":"https:\/\/wp.unil.ch\/futurspossibles\/wp-json\/wp\/v2\/media\/1147"}],"wp:attachment":[{"href":"https:\/\/wp.unil.ch\/futurspossibles\/wp-json\/wp\/v2\/media?parent=1145"}],"wp:term":[{"taxonomy":"category","embeddable":true,"href":"https:\/\/wp.unil.ch\/futurspossibles\/wp-json\/wp\/v2\/categories?post=1145"},{"taxonomy":"post_tag","embeddable":true,"href":"https:\/\/wp.unil.ch\/futurspossibles\/wp-json\/wp\/v2\/tags?post=1145"}],"curies":[{"name":"wp","href":"https:\/\/api.w.org\/{rel}","templated":true}]}}