{"id":1136,"date":"2019-12-02T16:19:10","date_gmt":"2019-12-02T15:19:10","guid":{"rendered":"http:\/\/wp.unil.ch\/futurspossibles\/?p=1136"},"modified":"2019-12-02T16:30:10","modified_gmt":"2019-12-02T15:30:10","slug":"forum-des-idees-comment-renouveler-les-imaginaires-du-futur-face-aux-urgences-climatiques","status":"publish","type":"post","link":"https:\/\/wp.unil.ch\/futurspossibles\/2019\/12\/forum-des-idees-comment-renouveler-les-imaginaires-du-futur-face-aux-urgences-climatiques\/","title":{"rendered":"Forum des id\u00e9es &#8211; Comment renouveler les imaginaires du futur face aux urgences climatiques"},"content":{"rendered":"<p><a href=\"https:\/\/wp.unil.ch\/futurspossibles\/files\/2019\/12\/RTS_Forum-1.png\"><img alt=\"\" loading=\"lazy\" decoding=\"async\" class=\"aligncenter size-full wp-image-1140\" src=\"https:\/\/wp.unil.ch\/futurspossibles\/files\/2019\/12\/RTS_Forum-1.png\" alt=\"\" width=\"379\" height=\"217\" srcset=\"https:\/\/wp.unil.ch\/futurspossibles\/files\/2019\/12\/RTS_Forum-1.png 379w, https:\/\/wp.unil.ch\/futurspossibles\/files\/2019\/12\/RTS_Forum-1-300x172.png 300w\" sizes=\"auto, (max-width: 379px) 100vw, 379px\" \/><\/a><br \/>\nVendredi 29 novembre 2019 sur la RTS, Vincent Baudriller, directeur du Th\u00e9\u00e2tre de Vidy et Gabriel Salerno, assistant doctorant \u00e0 la Facult\u00e9 des g\u00e9osciences et de l\u2019environnement de l\u2019Universit\u00e9 de Lausanne, pr\u00e9sentaient le cycle Imaginaires des futurs possibles.<\/p>\n<p><a href=\"https:\/\/www.rts.ch\/play\/radio\/forum\/audio\/forum-des-idees-comment-renouveler-les-imaginaires-du-futur-face-aux-urgences-climatiques?id=10884605\" target=\"_blank\" rel=\"noopener noreferrer\">Lien \u00e9mission Forum<\/a><\/p>\n","protected":false},"excerpt":{"rendered":"<p>Vendredi 29 novembre 2019 sur la RTS, Vincent Baudriller, directeur du Th\u00e9\u00e2tre de Vidy et Gabriel Salerno, assistant doctorant \u00e0 la Facult\u00e9 des g\u00e9osciences et de l\u2019environnement de l\u2019Universit\u00e9 de &hellip; <\/p>\n","protected":false},"author":1001409,"featured_media":1140,"comment_status":"open","ping_status":"closed","sticky":false,"template":"","format":"standard","meta":{"_seopress_robots_primary_cat":"","_seopress_titles_title":"","_seopress_titles_desc":"","_seopress_robots_index":"","_uag_custom_page_level_css":"","footnotes":""},"categories":[29],"tags":[],"class_list":{"0":"post-1136","1":"post","2":"type-post","3":"status-publish","4":"format-standard","5":"has-post-thumbnail","7":"category-on-parle-du-cycle"},"uagb_featured_image_src":{"full":["https:\/\/wp.unil.ch\/futurspossibles\/files\/2019\/12\/RTS_Forum-1.png",379,217,false],"thumbnail":["https:\/\/wp.unil.ch\/futurspossibles\/files\/2019\/12\/RTS_Forum-1-150x150.png",150,150,true],"medium":["https:\/\/wp.unil.ch\/futurspossibles\/files\/2019\/12\/RTS_Forum-1-300x172.png",300,172,true],"medium_large":["https:\/\/wp.unil.ch\/futurspossibles\/files\/2019\/12\/RTS_Forum-1.png",379,217,false],"large":["https:\/\/wp.unil.ch\/futurspossibles\/files\/2019\/12\/RTS_Forum-1.png",379,217,false],"1536x1536":["https:\/\/wp.unil.ch\/futurspossibles\/files\/2019\/12\/RTS_Forum-1.png",379,217,false],"2048x2048":["https:\/\/wp.unil.ch\/futurspossibles\/files\/2019\/12\/RTS_Forum-1.png",379,217,false],"hitmag-landscape":["https:\/\/wp.unil.ch\/futurspossibles\/files\/2019\/12\/RTS_Forum-1.png",379,217,false],"hitmag-featured":["https:\/\/wp.unil.ch\/futurspossibles\/files\/2019\/12\/RTS_Forum-1.png",379,217,false],"hitmag-grid":["https:\/\/wp.unil.ch\/futurspossibles\/files\/2019\/12\/RTS_Forum-1-348x215.png",348,215,true],"hitmag-list":["https:\/\/wp.unil.ch\/futurspossibles\/files\/2019\/12\/RTS_Forum-1-290x217.png",290,217,true],"hitmag-thumbnail":["https:\/\/wp.unil.ch\/futurspossibles\/files\/2019\/12\/RTS_Forum-1-135x93.png",135,93,true],"mailpoet_newsletter_max":["https:\/\/wp.unil.ch\/futurspossibles\/files\/2019\/12\/RTS_Forum-1.png",379,217,false]},"uagb_author_info":{"display_name":"Nicolas Carrel","author_link":"https:\/\/wp.unil.ch\/futurspossibles\/author\/ncarrel\/"},"uagb_comment_info":0,"uagb_excerpt":"Vendredi 29 novembre 2019 sur la RTS, Vincent Baudriller, directeur du Th\u00e9\u00e2tre de Vidy et Gabriel Salerno, assistant doctorant \u00e0 la Facult\u00e9 des g\u00e9osciences et de l\u2019environnement de l\u2019Universit\u00e9 de &hellip;","_links":{"self":[{"href":"https:\/\/wp.unil.ch\/futurspossibles\/wp-json\/wp\/v2\/posts\/1136","targetHints":{"allow":["GET"]}}],"collection":[{"href":"https:\/\/wp.unil.ch\/futurspossibles\/wp-json\/wp\/v2\/posts"}],"about":[{"href":"https:\/\/wp.unil.ch\/futurspossibles\/wp-json\/wp\/v2\/types\/post"}],"author":[{"embeddable":true,"href":"https:\/\/wp.unil.ch\/futurspossibles\/wp-json\/wp\/v2\/users\/1001409"}],"replies":[{"embeddable":true,"href":"https:\/\/wp.unil.ch\/futurspossibles\/wp-json\/wp\/v2\/comments?post=1136"}],"version-history":[{"count":0,"href":"https:\/\/wp.unil.ch\/futurspossibles\/wp-json\/wp\/v2\/posts\/1136\/revisions"}],"wp:featuredmedia":[{"embeddable":true,"href":"https:\/\/wp.unil.ch\/futurspossibles\/wp-json\/wp\/v2\/media\/1140"}],"wp:attachment":[{"href":"https:\/\/wp.unil.ch\/futurspossibles\/wp-json\/wp\/v2\/media?parent=1136"}],"wp:term":[{"taxonomy":"category","embeddable":true,"href":"https:\/\/wp.unil.ch\/futurspossibles\/wp-json\/wp\/v2\/categories?post=1136"},{"taxonomy":"post_tag","embeddable":true,"href":"https:\/\/wp.unil.ch\/futurspossibles\/wp-json\/wp\/v2\/tags?post=1136"}],"curies":[{"name":"wp","href":"https:\/\/api.w.org\/{rel}","templated":true}]}}