{"id":1295,"date":"2023-05-11T10:07:00","date_gmt":"2023-05-11T08:07:00","guid":{"rendered":"https:\/\/wp.unil.ch\/filmsdepoche\/?p=1295"},"modified":"2026-08-20T10:20:15","modified_gmt":"2026-08-20T08:20:15","slug":"unis-par-la-diversite-linclusion-intergenerationnelle","status":"publish","type":"post","link":"https:\/\/wp.unil.ch\/filmsdepoche\/2023\/unis-par-la-diversite-linclusion-intergenerationnelle\/","title":{"rendered":"Unis par la diversit\u00e9 : l&rsquo;inclusion interg\u00e9n\u00e9rationnelle"},"content":{"rendered":"\n<p class=\"wp-block-paragraph\">Par: Diversia<\/p>\n\n\n\n<figure class=\"wp-block-video\"><video controls poster=\"https:\/\/wp.unil.ch\/filmsdepoche\/files\/2023\/05\/diversia.jpg\" src=\"https:\/\/podcast.unil.ch\/podcast\/unil\/23-filmsdepoche\/diversia.mp4\"><\/video><\/figure>\n\n\n\n<p class=\"wp-block-paragraph\">L&rsquo;\u00e9galit\u00e9, la diversit\u00e9 et l&rsquo;inclusion sont des valeurs essentielles pour cr\u00e9er une communaut\u00e9 universitaire accueillante et respectueuse envers toutes et tous. Il est crucial de prendre en compte les singularit\u00e9s et les diff\u00e9rences de chacun, y compris en termes d&rsquo;\u00e2ge, qui touchent chacune et chacun d&rsquo;entre nous.<\/p>\n\n\n\n<p class=\"wp-block-paragraph\">A travers cette vid\u00e9o, je souhaite partager une exp\u00e9rience concr\u00e8te que je men\u00e9e depuis octobre 2022 \u00e0 l&rsquo;Universit\u00e9 de Lausanne, dans laquelle je compare diff\u00e9rents programmes d&rsquo;entra\u00eenement sur la sant\u00e9 et la condition physique avec des personnes \u00e2g\u00e9es recrut\u00e9es \u00e0 l\u2019ext\u00e9rieur de l&rsquo;universit\u00e9. Mon objectif est de d\u00e9montrer comment l\u2019inclusion peut s&rsquo;exprimer au-del\u00e0 des fronti\u00e8res de notre communaut\u00e9 universitaire \u00e0 travers cette \u00e9tude impliquant des personnes \u00e2g\u00e9es venant de tout horizon. Les volontaires m\u2019ont permis d\u2019approfondir les connaissances scientifiques li\u00e9es \u00e0 cette cat\u00e9gorie d\u2019\u00e2ge mais les rencontres avec les participant\u00b7e\u00b7s ont \u00e9galement \u00e9t\u00e9 enrichissantes \u00e0 travers le partage de leurs v\u00e9cus qui a nourri ma compr\u00e9hension de la diversit\u00e9 humaine. Les participant\u00b7e\u00b7s ont souvent exprim\u00e9 leur reconnaissance d\u2019avoir pu participer avant m\u00eame que je ne puisse les remercier, \u00e9voquant notamment la satisfaction d\u2019avoir eu une occupation qui \u00e9tait b\u00e9n\u00e9fique pour leur sant\u00e9, tout en contribution \u00e0 la recherche.&nbsp;<\/p>\n\n\n\n<p class=\"wp-block-paragraph\">A travers cette exp\u00e9rience, j\u2019ai aussi voulu d\u00e9montrer qu&rsquo;il est essentiel de favoriser l&rsquo;inclusion de toutes et tous, ind\u00e9pendamment des diff\u00e9rences, car ce sont ces derni\u00e8res qui font la richesse de la communaut\u00e9 universitaire. J&rsquo;esp\u00e8re que cette illustration concr\u00e8te pourra inspirer chacune et chacun \u00e0 s&rsquo;engager pour faire avancer ces valeurs fondamentales.<\/p>\n","protected":false},"excerpt":{"rendered":"<p>Par: Diversia L&rsquo;\u00e9galit\u00e9, la diversit\u00e9 et l&rsquo;inclusion sont des valeurs essentielles pour cr\u00e9er une communaut\u00e9 universitaire accueillante et respectueuse envers toutes et tous. Il est crucial de prendre&hellip;<\/p>\n","protected":false},"author":47,"featured_media":0,"comment_status":"open","ping_status":"open","sticky":false,"template":"","format":"standard","meta":{"_seopress_titles_title":"","_seopress_titles_desc":"","_seopress_robots_index":"","_seopress_robots_follow":"","_seopress_robots_imageindex":"","_seopress_robots_snippet":"","_seopress_robots_primary_cat":"","_seopress_robots_breadcrumbs":"","_seopress_robots_freeze_modified_date":"","_seopress_robots_custom_modified_date":"","_seopress_robots_canonical":"","_seopress_social_fb_title":"","_seopress_social_fb_desc":"","_seopress_social_fb_img":"","_seopress_social_fb_img_attachment_id":0,"_seopress_social_fb_img_width":0,"_seopress_social_fb_img_height":0,"_seopress_social_twitter_title":"","_seopress_social_twitter_desc":"","_seopress_social_twitter_img":"","_seopress_social_twitter_img_attachment_id":0,"_seopress_social_twitter_img_width":0,"_seopress_social_twitter_img_height":0,"_seopress_redirections_value":"","_seopress_redirections_enabled":"","_seopress_redirections_enabled_regex":"","_seopress_redirections_logged_status":"","_seopress_redirections_param":"","_seopress_redirections_type":0,"_seopress_analysis_target_kw":"","_seopress_news_disabled":"","_seopress_video_disabled":"","_seopress_video":[],"_seopress_pro_schemas_manual":[],"_seopress_pro_rich_snippets_disable_all":"","_seopress_pro_rich_snippets_disable":[],"_seopress_pro_schemas":[],"footnotes":""},"categories":[58412],"tags":[],"class_list":["post-1295","post","type-post","status-publish","format-standard","has-post-thumbnail","category-concours-2023-egalite-diversite-et-inclusion-a-lunil"],"_links":{"self":[{"href":"https:\/\/wp.unil.ch\/filmsdepoche\/wp-json\/wp\/v2\/posts\/1295","targetHints":{"allow":["GET"]}}],"collection":[{"href":"https:\/\/wp.unil.ch\/filmsdepoche\/wp-json\/wp\/v2\/posts"}],"about":[{"href":"https:\/\/wp.unil.ch\/filmsdepoche\/wp-json\/wp\/v2\/types\/post"}],"author":[{"embeddable":true,"href":"https:\/\/wp.unil.ch\/filmsdepoche\/wp-json\/wp\/v2\/users\/47"}],"replies":[{"embeddable":true,"href":"https:\/\/wp.unil.ch\/filmsdepoche\/wp-json\/wp\/v2\/comments?post=1295"}],"version-history":[{"count":4,"href":"https:\/\/wp.unil.ch\/filmsdepoche\/wp-json\/wp\/v2\/posts\/1295\/revisions"}],"predecessor-version":[{"id":1302,"href":"https:\/\/wp.unil.ch\/filmsdepoche\/wp-json\/wp\/v2\/posts\/1295\/revisions\/1302"}],"wp:attachment":[{"href":"https:\/\/wp.unil.ch\/filmsdepoche\/wp-json\/wp\/v2\/media?parent=1295"}],"wp:term":[{"taxonomy":"category","embeddable":true,"href":"https:\/\/wp.unil.ch\/filmsdepoche\/wp-json\/wp\/v2\/categories?post=1295"},{"taxonomy":"post_tag","embeddable":true,"href":"https:\/\/wp.unil.ch\/filmsdepoche\/wp-json\/wp\/v2\/tags?post=1295"}],"curies":[{"name":"wp","href":"https:\/\/api.w.org\/{rel}","templated":true}]}}