{"id":9389,"date":"2025-01-27T09:43:26","date_gmt":"2025-01-27T08:43:26","guid":{"rendered":"https:\/\/wp.unil.ch\/esspace\/?p=9389"},"modified":"2025-01-28T08:58:51","modified_gmt":"2025-01-28T07:58:51","slug":"a-matter-of-life-and-debt-the-lost-decade-and-rise-of-neoliberalism-in-latin-america-1982-1994","status":"publish","type":"post","link":"https:\/\/wp.unil.ch\/esspace\/2025\/01\/a-matter-of-life-and-debt-the-lost-decade-and-rise-of-neoliberalism-in-latin-america-1982-1994\/","title":{"rendered":"A matter of life and debt: the lost decade and rise of neoliberalism in Latin America (1982-1994)"},"content":{"rendered":"\n<p><a href=\"https:\/\/www.unil.ch\/ssp\/fr\/home\/menuinst\/formations\/enseignantes\/promotions-et-nominations\/2024\/edoardo-altamura.html\">Carlo Edoardo Altamura<\/a> a rejoint l\u2019Institut d\u2019\u00e9tudes politiques (IEP) en ao\u00fbt 2024 gr\u00e2ce \u00e0 l\u2019obtention d\u2019un <em>Starting Grant<\/em> du Fonds national suisse (FNS). Afin d\u2019investiguer le tournant n\u00e9olib\u00e9ral en Am\u00e9rique latine suite \u00e0 la crise de la dette des ann\u00e9es 1980 \u2013 la pire crise du vingti\u00e8me si\u00e8cle dans la r\u00e9gion, son projet de recherche s\u2019appuie sur de nouvelles archives en Europe, Am\u00e9rique du Nord et Am\u00e9rique latine ainsi que de nouvelles techniques d\u2019analyse de texte.<\/p>\n\n\n\n<!--more-->\n\n\n<div class=\"wp-block-image\">\n<figure class=\"alignleft size-full\"><a href=\"https:\/\/wp.unil.ch\/esspace\/files\/2025\/01\/neoliberalisme.jpg\"><img alt=\"\" loading=\"lazy\" decoding=\"async\" width=\"300\" height=\"220\" src=\"https:\/\/wp.unil.ch\/esspace\/files\/2025\/01\/neoliberalisme.jpg\" alt=\"\" class=\"wp-image-9402\" \/><\/a><figcaption class=\"wp-element-caption\">\u00a9 Elkov Oleg | Dreamstime.com <\/figcaption><\/figure>\n<\/div>\n\n\n<p>Afin d\u2019\u00e9viter le pire, les pays de la r\u00e9gion furent en effet forc\u00e9s par les cr\u00e9diteurs internationaux \u00e0 ouvrir leurs march\u00e9s internes, lib\u00e9raliser leurs \u00e9conomies, d\u00e9r\u00e8glementer leurs industries et r\u00e9duire le r\u00f4le de l\u2019\u00e9tat apr\u00e8s un demi-si\u00e8cle de protectionnisme. En d\u00e9pit du r\u00f4le d\u00e9terminant de cette crise pour le Sud du monde et, en particulier, pour l\u2019Am\u00e9rique \u2013 la r\u00e9gion la plus endett\u00e9e de la plan\u00e8te \u00e0 cette \u00e9poque \u2013 la \u00ab&nbsp;d\u00e9cennie perdue&nbsp;\u00bb reste encore inexplor\u00e9e par les historien\u00b7nes. A travers ce projet qui a d\u00e9marr\u00e9 en ao\u00fbt 2024, l\u2019\u00e9quipe de recherche souhaite \u00e9crire la premi\u00e8re histoire de la d\u00e9cennie en analysant quatre aspects cruciaux de la p\u00e9riode&nbsp;: la crise&nbsp;; la g\u00e9n\u00e9alogie des reformes n\u00e9olib\u00e9rales&nbsp;; les alternatives \u00e0 l\u2019orthodoxie n\u00e9olib\u00e9rale et, finalement, les liens entre la crise \u00e9conomique et la d\u00e9mocratisation dans la r\u00e9gion en se focalisant sur le cas du Mexique.<\/p>\n\n\n\n<p>Les r\u00e9sultats de ce projet de recherche s&rsquo;av\u00e9reront particuli\u00e8rement pertinents pour un large \u00e9ventail de chercheur\u00b7es int\u00e9ress\u00e9\u00b7es par les transformations des soci\u00e9t\u00e9s latino-am\u00e9ricaines et les origines mondiales du n\u00e9olib\u00e9ralisme, pour les chercheur\u00b7es en \u00e9tudes r\u00e9gionales sp\u00e9cialis\u00e9\u00b7es dans l&rsquo;histoire \u00e9conomique et politique contemporaine de l&rsquo;Am\u00e9rique latine, mais aussi pour les praticien\u00b7nes et les chercheur\u00b7es des gouvernements, des organisations internationales et des ONG qui s&rsquo;int\u00e9ressent aux transformations \u00e9conomiques dans les pays du sud de la plan\u00e8te.<\/p>\n\n\n\n<p><em>Carlo Edoardo Altamura, <\/em><em>Professeur assistant boursier FNS \u00e0 l\u2019Institut d\u2019\u00e9tudes politiques et <\/em><em>membre du <a href=\"https:\/\/www.unil.ch\/crhim\/fr\/home.html\">CRHIM<\/a><\/em><\/p>\n\n\n\n<p><\/p>\n","protected":false},"excerpt":{"rendered":"<p>Carlo Edoardo Altamura a rejoint l\u2019Institut d\u2019\u00e9tudes politiques (IEP) en ao\u00fbt 2024 gr\u00e2ce \u00e0 l\u2019obtention d\u2019un Starting Grant du Fonds national suisse (FNS). Afin d\u2019investiguer le tournant n\u00e9olib\u00e9ral en Am\u00e9rique &hellip; <\/p>\n","protected":false},"author":1001335,"featured_media":0,"comment_status":"closed","ping_status":"closed","sticky":false,"template":"","format":"standard","meta":{"_seopress_robots_primary_cat":"","_seopress_titles_title":"","_seopress_titles_desc":"","_seopress_robots_index":"","_uag_custom_page_level_css":"","_EventAllDay":false,"_EventTimezone":"","_EventStartDate":"","_EventEndDate":"","_EventStartDateUTC":"","_EventEndDateUTC":"","_EventShowMap":false,"_EventShowMapLink":false,"_EventURL":"","_EventCost":"","_EventCostDescription":"","_EventCurrencySymbol":"","_EventCurrencyCode":"","_EventCurrencyPosition":"","_EventDateTimeSeparator":"","_EventTimeRangeSeparator":"","_EventOrganizerID":[],"_EventVenueID":[],"_OrganizerEmail":"","_OrganizerPhone":"","_OrganizerWebsite":"","_VenueAddress":"","_VenueCity":"","_VenueCountry":"","_VenueProvince":"","_VenueState":"","_VenueZip":"","_VenuePhone":"","_VenueURL":"","_VenueStateProvince":"","_VenueLat":"","_VenueLng":"","_VenueShowMap":false,"_VenueShowMapLink":false,"footnotes":""},"categories":[19452],"tags":[],"class_list":["post-9389","post","type-post","status-publish","format-standard","category-nouveaux-projets-de-recherche"],"uagb_featured_image_src":{"full":false,"thumbnail":false,"medium":false,"medium_large":false,"large":false,"1536x1536":false,"2048x2048":false,"hitmag-landscape":false,"hitmag-featured":false,"hitmag-grid":false,"hitmag-list":false,"hitmag-thumbnail":false,"gform-image-choice-sm":false,"gform-image-choice-md":false,"gform-image-choice-lg":false,"mailpoet_newsletter_max":false},"uagb_author_info":{"display_name":"Oana Barsin","author_link":"https:\/\/wp.unil.ch\/esspace\/author\/obarsin\/"},"uagb_comment_info":0,"uagb_excerpt":"Carlo Edoardo Altamura a rejoint l\u2019Institut d\u2019\u00e9tudes politiques (IEP) en ao\u00fbt 2024 gr\u00e2ce \u00e0 l\u2019obtention d\u2019un Starting Grant du Fonds national suisse (FNS). Afin d\u2019investiguer le tournant n\u00e9olib\u00e9ral en Am\u00e9rique &hellip;","_links":{"self":[{"href":"https:\/\/wp.unil.ch\/esspace\/wp-json\/wp\/v2\/posts\/9389","targetHints":{"allow":["GET"]}}],"collection":[{"href":"https:\/\/wp.unil.ch\/esspace\/wp-json\/wp\/v2\/posts"}],"about":[{"href":"https:\/\/wp.unil.ch\/esspace\/wp-json\/wp\/v2\/types\/post"}],"author":[{"embeddable":true,"href":"https:\/\/wp.unil.ch\/esspace\/wp-json\/wp\/v2\/users\/1001335"}],"replies":[{"embeddable":true,"href":"https:\/\/wp.unil.ch\/esspace\/wp-json\/wp\/v2\/comments?post=9389"}],"version-history":[{"count":5,"href":"https:\/\/wp.unil.ch\/esspace\/wp-json\/wp\/v2\/posts\/9389\/revisions"}],"predecessor-version":[{"id":9473,"href":"https:\/\/wp.unil.ch\/esspace\/wp-json\/wp\/v2\/posts\/9389\/revisions\/9473"}],"wp:attachment":[{"href":"https:\/\/wp.unil.ch\/esspace\/wp-json\/wp\/v2\/media?parent=9389"}],"wp:term":[{"taxonomy":"category","embeddable":true,"href":"https:\/\/wp.unil.ch\/esspace\/wp-json\/wp\/v2\/categories?post=9389"},{"taxonomy":"post_tag","embeddable":true,"href":"https:\/\/wp.unil.ch\/esspace\/wp-json\/wp\/v2\/tags?post=9389"}],"curies":[{"name":"wp","href":"https:\/\/api.w.org\/{rel}","templated":true}]}}