{"id":753,"date":"2013-04-23T11:38:48","date_gmt":"2013-04-23T09:38:48","guid":{"rendered":"http:\/\/wp.unil.ch\/esspace\/?p=753"},"modified":"2013-05-03T11:16:02","modified_gmt":"2013-05-03T09:16:02","slug":"la-prospective-comme-enjeu-science-politique-et-societe","status":"publish","type":"post","link":"https:\/\/wp.unil.ch\/esspace\/2013\/04\/la-prospective-comme-enjeu-science-politique-et-societe\/","title":{"rendered":"La prospective comme enjeu science, politique et soci\u00e9t\u00e9"},"content":{"rendered":"<p><i>En ao\u00fbt 2008<\/i><i>, dans le prolongement de l\u2019article 72 de la nouvelle Constitution vaudoise de 2003, un Arr\u00eat\u00e9 porte sur la cr\u00e9ation de l\u2019Organe de prospective (OP) du Conseil d\u2019Etat vaudois. Le Prof<b>. Jean-Philippe Leresche<\/b>, qui en fait partie, en souligne la mission et interroge les liens entre expertise scientifique et action publique.<!--more--><\/i><\/p>\n<p>L\u2019Organe de prospective est compos\u00e9 de neuf membres (3 Conseillers d\u2019Etat, dont le Pr\u00e9sident du Conseil d\u2019Etat, le Chancelier, le Recteur de l\u2019UNIL, le Pr\u00e9sident de l\u2019EPFL, 1 repr\u00e9sentant de la HES-SO et 2 professeurs de l\u2019UNIL) et a une mission tr\u00e8s g\u00e9n\u00e9rale\u00a0: \u00ab\u00a0identifier les \u00e9volutions sociales, techniques, scientifiques, \u00e9conomiques, politiques, environnementales, culturelles et philosophiques et d\u2019en rendre compte aux autorit\u00e9s politiques\u00a0\u00bb.<\/p>\n<p>A vrai dire, la pr\u00e9sence dans l\u2019OP de cinq repr\u00e9sentants des hautes \u00e9coles domicili\u00e9es dans le canton de Vaud s\u2019inscrit davantage dans la probl\u00e9matique des relations entre science et politique qu\u2019entre science et soci\u00e9t\u00e9. Elle soul\u00e8ve en effet la double question du r\u00f4le de l\u2019expertise scientifique dans l\u2019action publique et de la possibilit\u00e9 de transf\u00e9rer des travaux des hautes \u00e9coles \u00ab\u00a0pour appuyer les autorit\u00e9s \u00e9tatiques \u00e0 long terme\u00a0\u00bb. Autrement dit, cela soul\u00e8ve la question \u00e0 la fois du lien entre d\u00e9cision politique et r\u00e9sultats des travaux de chercheurs\/euses, et de la possibilit\u00e9 de valoriser ces savoirs scientifiques \u00e0 diff\u00e9rents horizons temporels, dans un exercice de prospective pilot\u00e9 par un gouvernement cantonal.<\/p>\n<p>En sollicitant plusieurs coll\u00e8gues de la Facult\u00e9 des sciences sociales et politiques dans le cadre de conf\u00e9rences, d\u2019ateliers th\u00e9matiques et de focus groupes organis\u00e9s par l\u2019OP, l\u2019id\u00e9e \u00e9tait de valoriser des savoirs sp\u00e9cialis\u00e9s auxquels la politique n\u2019acc\u00e8de pas toujours. Ces interventions appr\u00e9ci\u00e9es ont permis de nourrir les travaux de l\u2019OP et notamment les \u00ab\u00a0sc\u00e9narios\u00a0\u00bb \u00e9labor\u00e9s dans le cadre du rapport final \u00ab\u00a0Vaud 2030\u00a0\u00bb rendu fin 2011 au Conseil d\u2019Etat et approuv\u00e9 par le Grand conseil\u00a0 en janvier 2013.<\/p>\n<p>Conscient des limites de la prospective qui ne pr\u00e9dit pas l\u2019avenir mais qui en esquisse les possibles, le rapport identifie quatre \u00ab\u00a0sc\u00e9narios\u00a0\u00bb principaux pour le canton de Vaud \u00e0 l\u2019horizon 2030\u00a0: statu quo, r\u00e9cession, ma\u00eetrise de la croissance, dynamisme par la croissance. S\u2019ils reposent beaucoup sur les variables de croissances \u00e9conomiques et d\u00e9mographiques, ces sc\u00e9narios prennent aussi en consid\u00e9ration les \u00e9volutions du r\u00f4le de l\u2019Etat, des modes de vie, des politiques territoriales et de coh\u00e9sion sociale.<\/p>\n<p>A la suite de cette premi\u00e8re p\u00e9riode exp\u00e9rimentale, l\u2019OP a \u00e9t\u00e9 reconduit par Arr\u00eat\u00e9 du 29 ao\u00fbt 2012 pour la l\u00e9gislature 2012-2017 avec la m\u00eame composition. Parmi d\u2019autres, ses principaux d\u00e9fis seront d\u2019enrichir les bases de donn\u00e9es cantonales constitu\u00e9es dans le premier exercice et de consolider la m\u00e9thodologie prospective, tout en gardant \u00e0 l\u2019esprit les tr\u00e8s fortes interd\u00e9pendances entre les espaces cantonaux, nationaux et internationaux.<\/p>\n","protected":false},"excerpt":{"rendered":"<p>En ao\u00fbt 2008, dans le prolongement de l\u2019article 72 de la nouvelle Constitution vaudoise de 2003, un Arr\u00eat\u00e9 porte sur la cr\u00e9ation de l\u2019Organe de prospective (OP) du Conseil d\u2019Etat &hellip; <\/p>\n","protected":false},"author":163,"featured_media":0,"comment_status":"closed","ping_status":"closed","sticky":false,"template":"","format":"standard","meta":{"_seopress_robots_primary_cat":"","_seopress_titles_title":"","_seopress_titles_desc":"","_seopress_robots_index":"","_uag_custom_page_level_css":"","_EventAllDay":false,"_EventTimezone":"","_EventStartDate":"","_EventEndDate":"","_EventStartDateUTC":"","_EventEndDateUTC":"","_EventShowMap":false,"_EventShowMapLink":false,"_EventURL":"","_EventCost":"","_EventCostDescription":"","_EventCurrencySymbol":"","_EventCurrencyCode":"","_EventCurrencyPosition":"","_EventDateTimeSeparator":"","_EventTimeRangeSeparator":"","_EventOrganizerID":[],"_EventVenueID":[],"_OrganizerEmail":"","_OrganizerPhone":"","_OrganizerWebsite":"","_VenueAddress":"","_VenueCity":"","_VenueCountry":"","_VenueProvince":"","_VenueState":"","_VenueZip":"","_VenuePhone":"","_VenueURL":"","_VenueStateProvince":"","_VenueLat":"","_VenueLng":"","_VenueShowMap":false,"_VenueShowMapLink":false,"footnotes":""},"categories":[19457,9911],"tags":[],"class_list":["post-753","post","type-post","status-publish","format-standard","category-numero-4","category-science-et-societe"],"uagb_featured_image_src":{"full":false,"thumbnail":false,"medium":false,"medium_large":false,"large":false,"1536x1536":false,"2048x2048":false,"hitmag-landscape":false,"hitmag-featured":false,"hitmag-grid":false,"hitmag-list":false,"hitmag-thumbnail":false,"gform-image-choice-sm":false,"gform-image-choice-md":false,"gform-image-choice-lg":false,"mailpoet_newsletter_max":false},"uagb_author_info":{"display_name":"sschlat1","author_link":"https:\/\/wp.unil.ch\/esspace\/author\/sschlat1\/"},"uagb_comment_info":0,"uagb_excerpt":"En ao\u00fbt 2008, dans le prolongement de l\u2019article 72 de la nouvelle Constitution vaudoise de 2003, un Arr\u00eat\u00e9 porte sur la cr\u00e9ation de l\u2019Organe de prospective (OP) du Conseil d\u2019Etat &hellip;","_links":{"self":[{"href":"https:\/\/wp.unil.ch\/esspace\/wp-json\/wp\/v2\/posts\/753","targetHints":{"allow":["GET"]}}],"collection":[{"href":"https:\/\/wp.unil.ch\/esspace\/wp-json\/wp\/v2\/posts"}],"about":[{"href":"https:\/\/wp.unil.ch\/esspace\/wp-json\/wp\/v2\/types\/post"}],"author":[{"embeddable":true,"href":"https:\/\/wp.unil.ch\/esspace\/wp-json\/wp\/v2\/users\/163"}],"replies":[{"embeddable":true,"href":"https:\/\/wp.unil.ch\/esspace\/wp-json\/wp\/v2\/comments?post=753"}],"version-history":[{"count":0,"href":"https:\/\/wp.unil.ch\/esspace\/wp-json\/wp\/v2\/posts\/753\/revisions"}],"wp:attachment":[{"href":"https:\/\/wp.unil.ch\/esspace\/wp-json\/wp\/v2\/media?parent=753"}],"wp:term":[{"taxonomy":"category","embeddable":true,"href":"https:\/\/wp.unil.ch\/esspace\/wp-json\/wp\/v2\/categories?post=753"},{"taxonomy":"post_tag","embeddable":true,"href":"https:\/\/wp.unil.ch\/esspace\/wp-json\/wp\/v2\/tags?post=753"}],"curies":[{"name":"wp","href":"https:\/\/api.w.org\/{rel}","templated":true}]}}