{"id":541,"date":"2012-11-09T12:59:05","date_gmt":"2012-11-09T11:59:05","guid":{"rendered":"http:\/\/wp.unil.ch\/esspace\/?p=541"},"modified":"2024-02-28T13:07:55","modified_gmt":"2024-02-28T12:07:55","slug":"les-fonds-erc-european-research-council","status":"publish","type":"post","link":"https:\/\/wp.unil.ch\/esspace\/2012\/11\/les-fonds-erc-european-research-council\/","title":{"rendered":"Les fonds ERC (European Research Council)"},"content":{"rendered":"\n<p><em>Ayant particip\u00e9 le 12 juin dernier \u00e0 Bruxelles \u00e0 un s\u00e9minaire consacr\u00e9 au European Research Council (ERC), la Prof. et Vice-doyenne <strong>Marie Santiago<\/strong> nous pr\u00e9sente <\/em><em>ces nouveaux fonds europ\u00e9ens (ERC)<\/em><em> s\u2019adressant explicitement aux sciences humaines et sociales. Ils visent les chercheur-e-s ayant un PhD et souhaitant d\u00e9velopper des recherches individuelles et originales.<\/em><\/p>\n\n\n\n<p><em>1. Starting Grant<\/em><br>Destin\u00e9 aux \u00ab&nbsp;jeunes&nbsp;\u00bb chercheur-e-s (entre 2 et 7 ans apr\u00e8s le PhD), ce fonds vient soutenir le d\u00e9veloppement de leur premier programme ind\u00e9pendant de recherche. Il leur apporte une grande visibilit\u00e9. Le montant allou\u00e9 va jusqu\u2019\u00e0 2 millions d\u2019Euros.<\/p>\n\n\n\n<p><em>2. Consolidator Grant<\/em><br>Destin\u00e9 aux chercheur-e-s entre 7 et 12 ans apr\u00e8s le PhD, ce fonds vient soutenir la visibilit\u00e9 et le d\u00e9veloppement de recherches ind\u00e9pendantes. Les exigences scientifiques sont sup\u00e9rieures \u00e0 celles attendues pour un Starting Grant. Le montant allou\u00e9 va jusqu\u2019\u00e0 2,75 millions d\u2019Euros.<\/p>\n\n\n\n<p><em>2.3. Advanced Grant<\/em><br>Destin\u00e9s aux chercheurs confirm\u00e9s dans leur domaine, ce fonds donne l\u2019opportunit\u00e9 de s\u2019affirmer comme leaders dans un domaine innovant qu\u2019on souhaite d\u00e9velopper. Les promoteurs des fonds ERC l\u2019envisagent comme un \u00ab&nbsp;Little Nobel Prize&nbsp;\u00bb. L\u2019excellence scientifique durant les dix derni\u00e8res ann\u00e9es est attendue. Le montant allou\u00e9 va jusqu\u2019\u00e0 3,5 millions d\u2019Euros.<\/p>\n\n\n\n<p><em>2.4. Synergy Grant (in progress)<\/em><br>Il s\u2019agit d\u2019un fonds tr\u00e8s exigeant au niveau scientifique. Il permet \u00e0 des petits groupes de chercheur-e-s (entre 2 et 4) de d\u00e9velopper des recherches en synergie et d\u2019ouvrir de nouveaux champs de d\u00e9veloppement. Le montant allou\u00e9 va jusqu\u2019\u00e0 15 millions d\u2019Euros.<\/p>\n\n\n\n<p><strong>Les dates&nbsp; \u00e0 retenir<\/strong><br>Consolidator Grant&nbsp;: call 7 nov. \/deadline 21 f\u00e9vrier 2013<br>Advanced Grant&nbsp;: call 10 juillet \/deadline 22 novembre 2012<br>Synergy Grant&nbsp;:&nbsp; call 10 oct. 2012 \/ deadline&nbsp; 10 janvier 2013<\/p>\n\n\n\n<p><strong>Pour de plus amples informations\u00a0:<\/strong><br><a href=\"https:\/\/www.euresearch.ch\/en\/horizon-europe\/excellent-science\/european-research-council-(erc)-27.html\">Euresearch<\/a><br><a href=\"https:\/\/erc.europa.eu\/\">Site officiel de l&rsquo;Union Europ\u00e9enne<\/a><\/p>\n\n\n\n<p><strong>Contact :<\/strong><br>Anne-Emmanuelle.deCrousaz@unil.ch (021 693 47 50)<\/p>\n","protected":false},"excerpt":{"rendered":"<p>Ayant particip\u00e9 le 12 juin dernier \u00e0 Bruxelles \u00e0 un s\u00e9minaire consacr\u00e9 au European Research Council (ERC), la Prof. et Vice-doyenne Marie Santiago nous pr\u00e9sente ces nouveaux fonds europ\u00e9ens (ERC) &hellip; <\/p>\n","protected":false},"author":163,"featured_media":0,"comment_status":"closed","ping_status":"closed","sticky":false,"template":"","format":"standard","meta":{"_seopress_robots_primary_cat":"","_seopress_titles_title":"","_seopress_titles_desc":"","_seopress_robots_index":"","_uag_custom_page_level_css":"","_EventAllDay":false,"_EventTimezone":"","_EventStartDate":"","_EventEndDate":"","_EventStartDateUTC":"","_EventEndDateUTC":"","_EventShowMap":false,"_EventShowMapLink":false,"_EventURL":"","_EventCost":"","_EventCostDescription":"","_EventCurrencySymbol":"","_EventCurrencyCode":"","_EventCurrencyPosition":"","_EventDateTimeSeparator":"","_EventTimeRangeSeparator":"","_EventOrganizerID":[],"_EventVenueID":[],"_OrganizerEmail":"","_OrganizerPhone":"","_OrganizerWebsite":"","_VenueAddress":"","_VenueCity":"","_VenueCountry":"","_VenueProvince":"","_VenueState":"","_VenueZip":"","_VenuePhone":"","_VenueURL":"","_VenueStateProvince":"","_VenueLat":"","_VenueLng":"","_VenueShowMap":false,"_VenueShowMapLink":false,"footnotes":""},"categories":[19456,9912],"tags":[],"class_list":["post-541","post","type-post","status-publish","format-standard","category-numero-3","category-politique-de-la-recherche"],"uagb_featured_image_src":{"full":false,"thumbnail":false,"medium":false,"medium_large":false,"large":false,"1536x1536":false,"2048x2048":false,"hitmag-landscape":false,"hitmag-featured":false,"hitmag-grid":false,"hitmag-list":false,"hitmag-thumbnail":false,"gform-image-choice-sm":false,"gform-image-choice-md":false,"gform-image-choice-lg":false,"mailpoet_newsletter_max":false},"uagb_author_info":{"display_name":"sschlat1","author_link":"https:\/\/wp.unil.ch\/esspace\/author\/sschlat1\/"},"uagb_comment_info":0,"uagb_excerpt":"Ayant particip\u00e9 le 12 juin dernier \u00e0 Bruxelles \u00e0 un s\u00e9minaire consacr\u00e9 au European Research Council (ERC), la Prof. et Vice-doyenne Marie Santiago nous pr\u00e9sente ces nouveaux fonds europ\u00e9ens (ERC) &hellip;","_links":{"self":[{"href":"https:\/\/wp.unil.ch\/esspace\/wp-json\/wp\/v2\/posts\/541","targetHints":{"allow":["GET"]}}],"collection":[{"href":"https:\/\/wp.unil.ch\/esspace\/wp-json\/wp\/v2\/posts"}],"about":[{"href":"https:\/\/wp.unil.ch\/esspace\/wp-json\/wp\/v2\/types\/post"}],"author":[{"embeddable":true,"href":"https:\/\/wp.unil.ch\/esspace\/wp-json\/wp\/v2\/users\/163"}],"replies":[{"embeddable":true,"href":"https:\/\/wp.unil.ch\/esspace\/wp-json\/wp\/v2\/comments?post=541"}],"version-history":[{"count":1,"href":"https:\/\/wp.unil.ch\/esspace\/wp-json\/wp\/v2\/posts\/541\/revisions"}],"predecessor-version":[{"id":8694,"href":"https:\/\/wp.unil.ch\/esspace\/wp-json\/wp\/v2\/posts\/541\/revisions\/8694"}],"wp:attachment":[{"href":"https:\/\/wp.unil.ch\/esspace\/wp-json\/wp\/v2\/media?parent=541"}],"wp:term":[{"taxonomy":"category","embeddable":true,"href":"https:\/\/wp.unil.ch\/esspace\/wp-json\/wp\/v2\/categories?post=541"},{"taxonomy":"post_tag","embeddable":true,"href":"https:\/\/wp.unil.ch\/esspace\/wp-json\/wp\/v2\/tags?post=541"}],"curies":[{"name":"wp","href":"https:\/\/api.w.org\/{rel}","templated":true}]}}