{"id":1666,"date":"2015-10-21T09:08:22","date_gmt":"2015-10-21T07:08:22","guid":{"rendered":"http:\/\/wp.unil.ch\/esspace\/?p=1666"},"modified":"2015-11-02T11:02:05","modified_gmt":"2015-11-02T10:02:05","slug":"rose-myrlie-joseph","status":"publish","type":"post","link":"https:\/\/wp.unil.ch\/esspace\/2015\/10\/rose-myrlie-joseph\/","title":{"rendered":"Rose-Myrlie Joseph"},"content":{"rendered":"<p><strong>L\u2019articulation des rapports sociaux de sexe, de classe et de race dans la migration et le travail des femmes ha\u00eftiennes<\/strong><!--more--><\/p>\n<p><em>Apr\u00e8s une Licence \u00e0 l\u2019Universit\u00e9 d\u2019\u00c9tat d\u2019Ha\u00efti, Rose-Myrlie Joseph a effectu\u00e9 un Master 1 en sociologie a l\u2019Universit\u00e9 Denis Diderot (Paris 7), puis un master 2 pr\u00e9par\u00e9 parall\u00e8lement \u00e0 un dipl\u00f4me inter-universitaire (Universit\u00e9 Paris 6 et Universit\u00e9 Paris 3) en \u00e9tudes genre. Elle a poursuivi ses \u00e9tudes doctorales en sociologie et \u00e9tudes genre \u00e0 l\u2019Universit\u00e9 Paris 7 et \u00e0 l\u2019Universit\u00e9 de Lausanne, dans le cadre d\u2019une cotutelle internationale, b\u00e9n\u00e9ficiant d\u2019un financement du Fonds National Suisse. Ses recherches en sociologie clinique et en \u00e9tudes genre portent sur l\u2019articulation des rapports sociaux, le travail et migration des femmes, le genre et le d\u00e9veloppement, ainsi que sur la sexualit\u00e9 des adolescentes.<\/em><\/p>\n<p>Nombre de femmes paysannes ha\u00eftiennes migrent vers Port-au-Prince o\u00f9 elles deviennent travailleuses domestiques. Leur service domestique permet aux femmes qui les emploient de s\u2019investir dans le travail non-domestique et de pouvoir acc\u00e9der ainsi \u00e0 la migration internationale. En France, ces migrantes deviennent \u00e0 leur tour travailleuses domestiques, ce qui permet aux femmes fran\u00e7aises de s\u2019investir dans le travail non-domestique. Ces ph\u00e9nom\u00e8nes t\u00e9moignent de l\u2019existence d\u2019une cha\u00eene de travail et de migration o\u00f9 s\u2019articulent les rapports sociaux de sexe, de classe, de race et les confrontations Nord\/Sud, au coeur de la mondialisation n\u00e9olib\u00e9rale. Quelques-unes de ces femmes racontent leur histoire qui exprime \u00e0 la fois la violence des rapports sociaux et leurs strat\u00e9gies pour devenir sujet. Pour penser ces \u00abSujettes\u00bb, je propose une approche qui croise la recherche f\u00e9ministe et la sociologie clinique sur les plans th\u00e9orique, m\u00e9thodologique et \u00e9pist\u00e9mologique.<\/p>\n","protected":false},"excerpt":{"rendered":"<p>L\u2019articulation des rapports sociaux de sexe, de classe et de race dans la migration et le travail des femmes ha\u00eftiennes<\/p>\n","protected":false},"author":163,"featured_media":0,"comment_status":"closed","ping_status":"closed","sticky":false,"template":"","format":"standard","meta":{"_seopress_robots_primary_cat":"","_seopress_titles_title":"","_seopress_titles_desc":"","_seopress_robots_index":"","_uag_custom_page_level_css":"","_EventAllDay":false,"_EventTimezone":"","_EventStartDate":"","_EventEndDate":"","_EventStartDateUTC":"","_EventEndDateUTC":"","_EventShowMap":false,"_EventShowMapLink":false,"_EventURL":"","_EventCost":"","_EventCostDescription":"","_EventCurrencySymbol":"","_EventCurrencyCode":"","_EventCurrencyPosition":"","_EventDateTimeSeparator":"","_EventTimeRangeSeparator":"","_EventOrganizerID":[],"_EventVenueID":[],"_OrganizerEmail":"","_OrganizerPhone":"","_OrganizerWebsite":"","_VenueAddress":"","_VenueCity":"","_VenueCountry":"","_VenueProvince":"","_VenueState":"","_VenueZip":"","_VenuePhone":"","_VenueURL":"","_VenueStateProvince":"","_VenueLat":"","_VenueLng":"","_VenueShowMap":false,"_VenueShowMapLink":false,"footnotes":""},"categories":[19451],"tags":[],"class_list":["post-1666","post","type-post","status-publish","format-standard","category-theses"],"uagb_featured_image_src":{"full":false,"thumbnail":false,"medium":false,"medium_large":false,"large":false,"1536x1536":false,"2048x2048":false,"hitmag-landscape":false,"hitmag-featured":false,"hitmag-grid":false,"hitmag-list":false,"hitmag-thumbnail":false,"gform-image-choice-sm":false,"gform-image-choice-md":false,"gform-image-choice-lg":false,"mailpoet_newsletter_max":false},"uagb_author_info":{"display_name":"sschlat1","author_link":"https:\/\/wp.unil.ch\/esspace\/author\/sschlat1\/"},"uagb_comment_info":0,"uagb_excerpt":"L\u2019articulation des rapports sociaux de sexe, de classe et de race dans la migration et le travail des femmes ha\u00eftiennes","_links":{"self":[{"href":"https:\/\/wp.unil.ch\/esspace\/wp-json\/wp\/v2\/posts\/1666","targetHints":{"allow":["GET"]}}],"collection":[{"href":"https:\/\/wp.unil.ch\/esspace\/wp-json\/wp\/v2\/posts"}],"about":[{"href":"https:\/\/wp.unil.ch\/esspace\/wp-json\/wp\/v2\/types\/post"}],"author":[{"embeddable":true,"href":"https:\/\/wp.unil.ch\/esspace\/wp-json\/wp\/v2\/users\/163"}],"replies":[{"embeddable":true,"href":"https:\/\/wp.unil.ch\/esspace\/wp-json\/wp\/v2\/comments?post=1666"}],"version-history":[{"count":0,"href":"https:\/\/wp.unil.ch\/esspace\/wp-json\/wp\/v2\/posts\/1666\/revisions"}],"wp:attachment":[{"href":"https:\/\/wp.unil.ch\/esspace\/wp-json\/wp\/v2\/media?parent=1666"}],"wp:term":[{"taxonomy":"category","embeddable":true,"href":"https:\/\/wp.unil.ch\/esspace\/wp-json\/wp\/v2\/categories?post=1666"},{"taxonomy":"post_tag","embeddable":true,"href":"https:\/\/wp.unil.ch\/esspace\/wp-json\/wp\/v2\/tags?post=1666"}],"curies":[{"name":"wp","href":"https:\/\/api.w.org\/{rel}","templated":true}]}}