{"id":1129,"date":"2014-05-01T11:37:35","date_gmt":"2014-05-01T09:37:35","guid":{"rendered":"http:\/\/wp.unil.ch\/esspace\/?p=1129"},"modified":"2014-05-07T11:19:11","modified_gmt":"2014-05-07T09:19:11","slug":"financer-sa-recherche-aupres-des-fondations","status":"publish","type":"post","link":"https:\/\/wp.unil.ch\/esspace\/2014\/05\/financer-sa-recherche-aupres-des-fondations\/","title":{"rendered":"Financer sa recherche aupr\u00e8s des fondations"},"content":{"rendered":"<p><em>Dans le contexte actuel, les fondations priv\u00e9es suisses et \u00e9trang\u00e8res peuvent se r\u00e9v\u00e9ler des partenaires financiers pr\u00e9cieux pour les projets de recherche. <\/em><!--more--><\/p>\n<figure id=\"attachment_1130\" aria-describedby=\"caption-attachment-1130\" style=\"width: 300px\" class=\"wp-caption alignleft\"><a href=\"https:\/\/wp.unil.ch\/esspace\/files\/2014\/05\/b_Arnold_fond\u00a9-pichetw-Fotolia.com_.jpg\"><img loading=\"lazy\" decoding=\"async\" class=\"size-medium wp-image-1130\" src=\"https:\/\/wp.unil.ch\/esspace\/files\/2014\/05\/b_Arnold_fond\u00a9-pichetw-Fotolia.com_-300x200.jpg\" alt=\"\u00a9 pichetw - Fotolia.com\" width=\"300\" height=\"200\" srcset=\"https:\/\/wp.unil.ch\/esspace\/files\/2014\/05\/b_Arnold_fond\u00a9-pichetw-Fotolia.com_-300x200.jpg 300w, https:\/\/wp.unil.ch\/esspace\/files\/2014\/05\/b_Arnold_fond\u00a9-pichetw-Fotolia.com_-1024x682.jpg 1024w, https:\/\/wp.unil.ch\/esspace\/files\/2014\/05\/b_Arnold_fond\u00a9-pichetw-Fotolia.com_-600x400.jpg 600w, https:\/\/wp.unil.ch\/esspace\/files\/2014\/05\/b_Arnold_fond\u00a9-pichetw-Fotolia.com_.jpg 1200w\" sizes=\"auto, (max-width: 300px) 100vw, 300px\" \/><\/a><figcaption id=\"caption-attachment-1130\" class=\"wp-caption-text\">\u00a9 pichetw &#8211; Fotolia.com<\/figcaption><\/figure>\n<p>Obtenir des subsides devient de plus en plus difficile aupr\u00e8s des organismes traditionnellement sollicit\u00e9s\u00a0: au niveau du FNS, la concurrence est de plus en plus forte\u00a0; sur le plan international, suite \u00e0 l\u2019acceptation de l\u2019initiative sur l\u2019immigration de masse et \u00e0 la d\u00e9cision de la Commission europ\u00e9enne de consid\u00e9rer la Suisse comme pays tiers dans le cadre du programme \u00ab\u00a0Horizon 2020\u00a0\u00bb, les opportunit\u00e9s de financement se r\u00e9duisent. Soumettre des requ\u00eates \u00e0 des fondations priv\u00e9es devient alors une piste \u00e0 explorer, surtout dans le cadre de projets en \u00e9quipe dirig\u00e9s par des chercheurs institutionnellement reconnus. Ce type de requ\u00eate a ses sp\u00e9cificit\u00e9s et demande un investissement consid\u00e9rable au niveau de l\u2019identification des fondations potentiellement int\u00e9ressantes ainsi que de la prise de contact\u00a0; en revanche, les exigences au niveau du dossier sont g\u00e9n\u00e9ralement moins importantes.<\/p>\n<p>Dans le cadre de la Journ\u00e9e de la recherche de 2013, <strong>Claire Arnold<\/strong>, (Grant Office, adjointe) a pr\u00e9sent\u00e9 le soutien offert par l\u2019UNIL dans la recherche de fonds, ainsi que les sp\u00e9cificit\u00e9s des fondations priv\u00e9es en Suisse, un univers toujours en mouvement. Dans le document ci-dessous, vous trouverez \u00e9galement des conseils concernant la proc\u00e9dure \u00e0 suivre, le type de dossier \u00e0 pr\u00e9parer et le budget.<\/p>\n<p><a href=\"https:\/\/wp.unil.ch\/esspace\/files\/2014\/05\/b_Arnold_fond.pdf\">Financer sa recherche aupr\u00e8s des fondations<\/a><\/p>\n<p>Pour toute question, vous pouvez vous adresser \u00e0\u00a0:<\/p>\n<p>&#8211;\u00a0\u00a0\u00a0\u00a0\u00a0\u00a0 Astrid Ruffa (<a href=\"mailto:astrid.ruffa@unil.ch\">astrid.ruffa@unil.ch<\/a>);<\/p>\n<p>&#8211;\u00a0\u00a0\u00a0\u00a0\u00a0\u00a0 Claire Arnold (claire.arnold@unil.ch).<\/p>\n<p>Bonne recherche\u00a0!<\/p>\n<p><em>Astrid Ruffa, charg\u00e9e de missions \u2013 recherche<\/em><\/p>\n","protected":false},"excerpt":{"rendered":"<p>Dans le contexte actuel, les fondations priv\u00e9es suisses et \u00e9trang\u00e8res peuvent se r\u00e9v\u00e9ler des partenaires financiers pr\u00e9cieux pour les projets de recherche.<\/p>\n","protected":false},"author":163,"featured_media":0,"comment_status":"closed","ping_status":"closed","sticky":false,"template":"","format":"standard","meta":{"_seopress_robots_primary_cat":"","_seopress_titles_title":"","_seopress_titles_desc":"","_seopress_robots_index":"","_uag_custom_page_level_css":"","_EventAllDay":false,"_EventTimezone":"","_EventStartDate":"","_EventEndDate":"","_EventStartDateUTC":"","_EventEndDateUTC":"","_EventShowMap":false,"_EventShowMapLink":false,"_EventURL":"","_EventCost":"","_EventCostDescription":"","_EventCurrencySymbol":"","_EventCurrencyCode":"","_EventCurrencyPosition":"","_EventDateTimeSeparator":"","_EventTimeRangeSeparator":"","_EventOrganizerID":[],"_EventVenueID":[],"_OrganizerEmail":"","_OrganizerPhone":"","_OrganizerWebsite":"","_VenueAddress":"","_VenueCity":"","_VenueCountry":"","_VenueProvince":"","_VenueState":"","_VenueZip":"","_VenuePhone":"","_VenueURL":"","_VenueStateProvince":"","_VenueLat":"","_VenueLng":"","_VenueShowMap":false,"_VenueShowMapLink":false,"footnotes":""},"categories":[19459,9912],"tags":[],"class_list":["post-1129","post","type-post","status-publish","format-standard","category-numero-6","category-politique-de-la-recherche"],"uagb_featured_image_src":{"full":false,"thumbnail":false,"medium":false,"medium_large":false,"large":false,"1536x1536":false,"2048x2048":false,"hitmag-landscape":false,"hitmag-featured":false,"hitmag-grid":false,"hitmag-list":false,"hitmag-thumbnail":false,"gform-image-choice-sm":false,"gform-image-choice-md":false,"gform-image-choice-lg":false,"mailpoet_newsletter_max":false},"uagb_author_info":{"display_name":"sschlat1","author_link":"https:\/\/wp.unil.ch\/esspace\/author\/sschlat1\/"},"uagb_comment_info":0,"uagb_excerpt":"Dans le contexte actuel, les fondations priv\u00e9es suisses et \u00e9trang\u00e8res peuvent se r\u00e9v\u00e9ler des partenaires financiers pr\u00e9cieux pour les projets de recherche.","_links":{"self":[{"href":"https:\/\/wp.unil.ch\/esspace\/wp-json\/wp\/v2\/posts\/1129","targetHints":{"allow":["GET"]}}],"collection":[{"href":"https:\/\/wp.unil.ch\/esspace\/wp-json\/wp\/v2\/posts"}],"about":[{"href":"https:\/\/wp.unil.ch\/esspace\/wp-json\/wp\/v2\/types\/post"}],"author":[{"embeddable":true,"href":"https:\/\/wp.unil.ch\/esspace\/wp-json\/wp\/v2\/users\/163"}],"replies":[{"embeddable":true,"href":"https:\/\/wp.unil.ch\/esspace\/wp-json\/wp\/v2\/comments?post=1129"}],"version-history":[{"count":0,"href":"https:\/\/wp.unil.ch\/esspace\/wp-json\/wp\/v2\/posts\/1129\/revisions"}],"wp:attachment":[{"href":"https:\/\/wp.unil.ch\/esspace\/wp-json\/wp\/v2\/media?parent=1129"}],"wp:term":[{"taxonomy":"category","embeddable":true,"href":"https:\/\/wp.unil.ch\/esspace\/wp-json\/wp\/v2\/categories?post=1129"},{"taxonomy":"post_tag","embeddable":true,"href":"https:\/\/wp.unil.ch\/esspace\/wp-json\/wp\/v2\/tags?post=1129"}],"curies":[{"name":"wp","href":"https:\/\/api.w.org\/{rel}","templated":true}]}}