{"id":10855,"date":"2026-08-27T18:15:28","date_gmt":"2026-08-27T16:15:28","guid":{"rendered":"https:\/\/wp.unil.ch\/esspace\/?p=10855"},"modified":"2026-08-28T14:15:22","modified_gmt":"2026-08-28T12:15:22","slug":"une-anthropologue-feministe-des-sciences-et-des-technologies","status":"publish","type":"post","link":"https:\/\/wp.unil.ch\/esspace\/2026\/08\/une-anthropologue-feministe-des-sciences-et-des-technologies\/","title":{"rendered":"Une anthropologue f\u00e9ministe des sciences et des technologies"},"content":{"rendered":"\n<p class=\"wp-block-paragraph\">Nolwenn B\u00fchler est Professeure associ\u00e9e \u00e0 l\u2019Institut des sciences sociales (ISS) de l\u2019Universit\u00e9 de Lausanne depuis un an. Anthropologue des sciences et des technologies, ses recherches interrogent notre rapport \u00e0 la nature, aux mat\u00e9rialit\u00e9s chimiques qui peuplent corps et environnements, et aux mani\u00e8res banales et invisibilis\u00e9es dont se reproduisent et maintiennent les in\u00e9galit\u00e9s. Mobilisant des \u00e9pist\u00e9mologies f\u00e9ministes et une \u00e9thique du <em>care<\/em>, ses recherches sont engag\u00e9es, souvent interdisciplinaires, et participatives.<\/p>\n\n\n<div class=\"wp-block-image\">\n<figure class=\"alignleft size-full\"><a href=\"https:\/\/wp.unil.ch\/esspace\/files\/2026\/08\/nolwenn_buhler.jpg\"><img loading=\"lazy\" decoding=\"async\" width=\"300\" height=\"220\" src=\"https:\/\/wp.unil.ch\/esspace\/files\/2026\/08\/nolwenn_buhler.jpg\" alt=\"nolwenn buhler\" class=\"wp-image-10810\" \/><\/a><figcaption class=\"wp-element-caption\">Nolwenn B\u00fchler, Professeure associ\u00e9e \u00e0 l&rsquo;ISS<\/figcaption><\/figure>\n<\/div>\n\n\n<p class=\"wp-block-paragraph\"><strong>Vos recherches sont \u00e0 l\u2019intersection de l\u2019anthropologie de la sant\u00e9 et de l\u2019environnement, des \u00e9tudes sociales des sciences et des techniques, et des approches f\u00e9ministes, comment d\u00e9cririez-vous votre approche de recherche et les questions qui vous animent aujourd\u2019hui ?<\/strong><\/p>\n\n\n\n<p class=\"wp-block-paragraph\">Mon parcours est en effet interdisciplinaire. J\u2019ai r\u00e9alis\u00e9 une th\u00e8se en anthropologie sur le vieillissement reproductif qui s\u2019inscrivait dans le champ des \u00e9tudes f\u00e9ministes des sciences et des techniques qu\u2019on appelle aussi STS. En Suisse ce domaine interdisciplinaire manque encore d\u2019un solide ancrage institutionnel, alors qu\u2019il est fortement reconnu internationalement. Au b\u00e9n\u00e9fice d\u2019une premi\u00e8re formation en soins infirmiers, je me suis longtemps concentr\u00e9e sur la production du savoir biom\u00e9dical et les nouvelles biotechnologies. J\u2019ai notamment explor\u00e9 la constitution des fronti\u00e8res mouvantes entre corps et environnements, et ai travaill\u00e9 dans plusieurs projets li\u00e9s \u00e0 la pand\u00e9mie de Covid-19. Ceci m\u2019a amen\u00e9e \u00e0 probl\u00e9matiser les liens entre la \u2018nature\u2019 \u00e0 l\u2019int\u00e9rieur des corps et celle \u00e0 l\u2019ext\u00e9rieur, et \u00e0 penser la sant\u00e9 au-del\u00e0 de l\u2019humain dans le contexte des transformations climatiques et environnementales qui caract\u00e9rise notre \u00e9poque. Mon approche se distingue par une attention aux mat\u00e9rialit\u00e9s et agents non-humains qui peuplent nos mondes, aux processus d\u2019exclusion et de hi\u00e9rarchisation qui se rejouent dans le rapport au savoir, ainsi qu\u2019\u00e0 la mani\u00e8re dont les savoirs \u00e9mergent des pratiques et contribuent \u00e0 fa\u00e7onner des r\u00e9alit\u00e9s.<\/p>\n\n\n\n<p class=\"wp-block-paragraph\"><strong>Qu\u2019est-ce qui vous a conduite vers ces th\u00e9matiques de recherche et qu\u2019est-ce qui continue \u00e0 nourrir votre int\u00e9r\u00eat pour ces questions ?<\/strong><\/p>\n\n\n\n<p class=\"wp-block-paragraph\">La grande question qui m\u2019anime en ce moment est comment bien respirer dans un monde en train de br\u00fbler. Je pense qu\u2019il est important, voire n\u00e9cessaire et urgent, de penser ce qui fait l\u2019habitabilit\u00e9 du monde, et l\u2019air en est une dimension indispensable. J\u2019ai notamment \u00e9t\u00e9 impliqu\u00e9e dans un projet de sciences citoyennes visant \u00e0 examiner la qualit\u00e9 de l\u2019air int\u00e9rieur, le projet IntAIRieur. En effet, un premier geste est de pouvoir comprendre de quoi sont faits les milieux qui rendent la vie possible. L\u2019air, en tant qu\u2019\u00e9cosyst\u00e8me, est souvent peu pens\u00e9, alors que respirer est fondamental pour la vie, c\u2019est aussi un \u00e9l\u00e9ment qui expose humains et non-humains \u00e0 de nombreuses substances chimiques notamment. Je me suis donc demand\u00e9e en quoi la production de connaissance sur l\u2019air \u00e0 l\u2019aide de capteurs transformait le rapport \u00e0 l\u2019air des participant.es au projet, et me penche actuellement sur les instruments de mesures qui sont utilis\u00e9es dans ce genre de recherche.<\/p>\n\n\n\n<p class=\"wp-block-paragraph\"><strong>Vous avez dans vos travaux souvent travaill\u00e9 en interdisciplinarit\u00e9. Qu\u2019apporte selon vous cette approche interdisciplinaire \u00e0 la compr\u00e9hension des crises sanitaires et environnementales actuelles ?<\/strong><\/p>\n\n\n\n<p class=\"wp-block-paragraph\">Je pense que la complexit\u00e9 et l\u2019ampleur des probl\u00e8mes auxquels nos soci\u00e9t\u00e9s doivent faire face \u2013 je pense notamment aux transformations climatiques, mais aussi aux in\u00e9galit\u00e9s des vies \u2013 sont telles qu\u2019il est capital de combiner plusieurs formes d\u2019expertises. Pour moi il est aussi important de s\u2019engager aux c\u00f4t\u00e9s des acteur\u00b7trices avec lesquel\u00b7les je travaille et de pouvoir trouver des mani\u00e8res innovantes d\u2019articuler des m\u00e9thodes et \u00e9pist\u00e9mologies diff\u00e9rentes. Cela dit, je n\u2019id\u00e9alise pas l\u2019interdisciplinarit\u00e9 en tant que telle, j\u2019ai aussi interrog\u00e9 dans mon travail les conditions pour la rendre possible, et les frictions qu\u2019elle peut g\u00e9n\u00e9rer.<\/p>\n\n\n\n<p class=\"wp-block-paragraph\"><\/p>\n","protected":false},"excerpt":{"rendered":"<p>Nolwenn B\u00fchler est Professeure associ\u00e9e \u00e0 l\u2019Institut des sciences sociales (ISS) de l\u2019Universit\u00e9 de Lausanne depuis un an. Anthropologue des sciences et des technologies, ses recherches interrogent notre rapport \u00e0 &hellip; <\/p>\n","protected":false},"author":1001335,"featured_media":0,"comment_status":"closed","ping_status":"closed","sticky":false,"template":"","format":"standard","meta":{"_seopress_titles_title":"","_seopress_titles_desc":"","_seopress_robots_index":"","_seopress_robots_follow":"","_seopress_robots_imageindex":"","_seopress_robots_snippet":"","_seopress_robots_primary_cat":"","_seopress_robots_breadcrumbs":"","_seopress_robots_freeze_modified_date":"","_seopress_robots_custom_modified_date":"","_seopress_robots_canonical":"","_seopress_social_fb_title":"","_seopress_social_fb_desc":"","_seopress_social_fb_img":"","_seopress_social_fb_img_attachment_id":0,"_seopress_social_fb_img_width":0,"_seopress_social_fb_img_height":0,"_seopress_social_twitter_title":"","_seopress_social_twitter_desc":"","_seopress_social_twitter_img":"","_seopress_social_twitter_img_attachment_id":0,"_seopress_social_twitter_img_width":0,"_seopress_social_twitter_img_height":0,"_seopress_redirections_value":"","_seopress_redirections_enabled":"","_seopress_redirections_enabled_regex":"","_seopress_redirections_logged_status":"","_seopress_redirections_param":"","_seopress_redirections_type":0,"_seopress_analysis_target_kw":"","_seopress_news_disabled":"","_seopress_video_disabled":"","_seopress_video":[],"_seopress_pro_schemas_manual":[],"_seopress_pro_rich_snippets_disable_all":"","_seopress_pro_rich_snippets_disable":[],"_seopress_pro_schemas":[],"_uag_custom_page_level_css":"","_EventAllDay":false,"_EventTimezone":"","_EventStartDate":"","_EventEndDate":"","_EventStartDateUTC":"","_EventEndDateUTC":"","_EventShowMap":false,"_EventShowMapLink":false,"_EventURL":"","_EventCost":"","_EventCostDescription":"","_EventCurrencySymbol":"","_EventCurrencyCode":"","_EventCurrencyPosition":"","_EventDateTimeSeparator":"","_EventTimeRangeSeparator":"","_EventOrganizerID":[],"_EventVenueID":[],"_OrganizerEmail":"","_OrganizerPhone":"","_OrganizerWebsite":"","_VenueAddress":"","_VenueCity":"","_VenueCountry":"","_VenueProvince":"","_VenueState":"","_VenueZip":"","_VenuePhone":"","_VenueURL":"","_VenueStateProvince":"","_VenueLat":"","_VenueLng":"","_VenueShowMap":false,"_VenueShowMapLink":false,"footnotes":""},"categories":[437],"tags":[],"class_list":["post-10855","post","type-post","status-publish","format-standard","category-portraits"],"uagb_featured_image_src":{"full":false,"thumbnail":false,"medium":false,"medium_large":false,"large":false,"1536x1536":false,"2048x2048":false,"hitmag-landscape":false,"hitmag-featured":false,"hitmag-grid":false,"hitmag-list":false,"hitmag-thumbnail":false,"gform-image-choice-sm":false,"gform-image-choice-md":false,"gform-image-choice-lg":false,"mailpoet_newsletter_max":false},"uagb_author_info":{"display_name":"Oana Barsin","author_link":"https:\/\/wp.unil.ch\/esspace\/author\/obarsin\/"},"uagb_comment_info":0,"uagb_excerpt":"Nolwenn B\u00fchler est Professeure associ\u00e9e \u00e0 l\u2019Institut des sciences sociales (ISS) de l\u2019Universit\u00e9 de Lausanne depuis un an. Anthropologue des sciences et des technologies, ses recherches interrogent notre rapport \u00e0 &hellip;","_links":{"self":[{"href":"https:\/\/wp.unil.ch\/esspace\/wp-json\/wp\/v2\/posts\/10855","targetHints":{"allow":["GET"]}}],"collection":[{"href":"https:\/\/wp.unil.ch\/esspace\/wp-json\/wp\/v2\/posts"}],"about":[{"href":"https:\/\/wp.unil.ch\/esspace\/wp-json\/wp\/v2\/types\/post"}],"author":[{"embeddable":true,"href":"https:\/\/wp.unil.ch\/esspace\/wp-json\/wp\/v2\/users\/1001335"}],"replies":[{"embeddable":true,"href":"https:\/\/wp.unil.ch\/esspace\/wp-json\/wp\/v2\/comments?post=10855"}],"version-history":[{"count":3,"href":"https:\/\/wp.unil.ch\/esspace\/wp-json\/wp\/v2\/posts\/10855\/revisions"}],"predecessor-version":[{"id":10900,"href":"https:\/\/wp.unil.ch\/esspace\/wp-json\/wp\/v2\/posts\/10855\/revisions\/10900"}],"wp:attachment":[{"href":"https:\/\/wp.unil.ch\/esspace\/wp-json\/wp\/v2\/media?parent=10855"}],"wp:term":[{"taxonomy":"category","embeddable":true,"href":"https:\/\/wp.unil.ch\/esspace\/wp-json\/wp\/v2\/categories?post=10855"},{"taxonomy":"post_tag","embeddable":true,"href":"https:\/\/wp.unil.ch\/esspace\/wp-json\/wp\/v2\/tags?post=10855"}],"curies":[{"name":"wp","href":"https:\/\/api.w.org\/{rel}","templated":true}]}}