{"id":10853,"date":"2026-08-27T18:06:55","date_gmt":"2026-08-27T16:06:55","guid":{"rendered":"https:\/\/wp.unil.ch\/esspace\/?p=10853"},"modified":"2026-08-28T07:32:34","modified_gmt":"2026-08-28T05:32:34","slug":"deborah-ummel","status":"publish","type":"post","link":"https:\/\/wp.unil.ch\/esspace\/2026\/08\/deborah-ummel\/","title":{"rendered":"Deborah Ummel"},"content":{"rendered":"\n<p class=\"wp-block-paragraph\">Nous vous avions bri\u00e8vement pr\u00e9sent\u00e9 son parcours en ao\u00fbt dernier lors de sa nomination \u00e0 l\u2019Institut de psychologie. Comment se sont depuis lors d\u00e9velopp\u00e9s ses travaux de recherche ? Interview avec Deborah Ummel, Professeure associ\u00e9e en psychologie appliqu\u00e9e en approches qualitatives.<\/p>\n\n\n<div class=\"wp-block-image\">\n<figure class=\"alignleft size-full\"><a href=\"https:\/\/wp.unil.ch\/esspace\/files\/2026\/08\/deborah_ummel.jpg\"><img loading=\"lazy\" decoding=\"async\" width=\"300\" height=\"220\" src=\"https:\/\/wp.unil.ch\/esspace\/files\/2026\/08\/deborah_ummel.jpg\" alt=\"deborah\" class=\"wp-image-10811\" \/><\/a><figcaption class=\"wp-element-caption\">Deborah Ummel, Professeure associ\u00e9e \u00e0 l&rsquo;IP<\/figcaption><\/figure>\n<\/div>\n\n\n<p class=\"wp-block-paragraph\"><strong>Quel est le parcours qui vous a amen\u00e9 \u00e0 devenir chercheuse ?<\/strong><\/p>\n\n\n\n<p class=\"wp-block-paragraph\">Apr\u00e8s le doctorat que j\u2019ai r\u00e9alis\u00e9 \u00e0 l\u2019Universit\u00e9 de Montr\u00e9al qui combinait \u00e0 la fois une formation en recherche et en psychoth\u00e9rapie, j\u2019avais l\u2019impression d\u2019\u00eatre satur\u00e9e du monde de la recherche ! J\u2019ai ainsi commenc\u00e9 \u00e0 travailler comme psychoth\u00e9rapeute en soins palliatifs, au moment o\u00f9, au Qu\u00e9bec, l\u2019euthanasie, appel\u00e9e aide m\u00e9dicale \u00e0 mourir, commen\u00e7ait \u00e0 \u00eatre pratiqu\u00e9e. \u00catre sur le terrain, au moment o\u00f9 des changements aussi cons\u00e9quents se d\u00e9roulaient sur les plans cliniques, \u00e9thiques et soci\u00e9taux, m\u2019a incit\u00e9e \u00e0 documenter ce que je rencontrais sur le terrain et \u00e0 retourner vers la recherche en effectuant un stage postdoctoral. Apr\u00e8s cela, je n\u2019ai plus arr\u00eat\u00e9 ! Ce qui me motive \u00e0 poursuivre en recherche, c\u2019est r\u00e9v\u00e9ler, de fa\u00e7on rigoureuse, les intuitions, les surprises ou encore les emb\u00fbches que l\u2019on rencontre sur le terrain, r\u00e9v\u00e9ler des angles, des enjeux ou des r\u00e9alit\u00e9s dont on a peu conscience.<\/p>\n\n\n\n<p class=\"wp-block-paragraph\"><strong>Vos projets de recherche portent actuellement sur deux axes interalli\u00e9s : l\u2019appr\u00e9hension holistique et critique de la trajectoire allant de la proche aidance au deuil et la reconnaissance de l\u2019exp\u00e9rience des jeunes impliqu\u00e9\u00b7es en proche aidance. Pouvez-vous nous en dire plus sur ces travaux ?<\/strong><\/p>\n\n\n\n<p class=\"wp-block-paragraph\">Autant la proche aidance que le deuil sont des exp\u00e9riences profond\u00e9ment humaines, et pour le deuil, universelles. Or, dans nos soci\u00e9t\u00e9s occidentales contemporaines, on tend \u00e0 individualiser et \u00e0 pathologiser, et dans certains cas invisibiliser, des comportements ou des attitudes qui ne suivraient pas la logique d\u2019efficacit\u00e9 ou de productivit\u00e9. C\u2019est particuli\u00e8rement le cas quand on pense aux jeunes adultes, dont autant l\u2019implication en proche aidance est tr\u00e8s souvent peu reconnue, alors qu\u2019on estime qu\u2019ils\u00b7elles sont bien plus nombreux\u00b7ses que l\u2019on croit \u00e0 jouer ce r\u00f4le. Ainsi, mes travaux de recherche visent \u00e0 mieux comprendre l\u2019exp\u00e9rience et les besoins des personnes en contexte de proche aidance, de fin de vie et de deuil afin de proposer des mani\u00e8res de les soutenir dans leur v\u00e9cu et, ultimement, changer la fa\u00e7on dont nos soci\u00e9t\u00e9s occidentales contemporaines per\u00e7oivent la fin de vie, la mort et le deuil.<\/p>\n\n\n\n<p class=\"wp-block-paragraph\"><strong>Quelles difficult\u00e9s \u00e9prouvez-vous dans ces projets de recherche ?<\/strong><\/p>\n\n\n\n<p class=\"wp-block-paragraph\">La premi\u00e8re difficult\u00e9 est d\u2019aborder des th\u00e9matiques comme la mort, la fin de vie et le deuil ! En effet, selon la perspective de la psychologie existentielle, il est angoissant pour tout \u00eatre humain d\u2019avoir conscience de sa propre finitude. Alors \u00e9videmment, quand je parle de ces sujets, il m\u2019arrive de \u00ab casser l\u2019ambiance \u00bb. Cependant, alors que la fin de vie, la mort et le deuil sont de plus en plus m\u00e9dicalis\u00e9s, il me para\u00eet fondamental de ramener ces exp\u00e9riences humaines, qui sont naturelles et universelles, \u00e0 l\u2019avant-plan, afin que nous soyons moins pris\u00b7es au d\u00e9pourvu lorsque ces \u00e9v\u00e9nements surviennent dans notre entourage.<\/p>\n\n\n\n<p class=\"wp-block-paragraph\">Si je devais mentionner une seconde difficult\u00e9, je dirais que je suis une pluri-passionn\u00e9e enthousiaste, qui a envie de s\u2019impliquer dans mille et un projets et initiatives, et, en chercheuse qualitative, je dois parfois me rappeler que\u2026 la qualit\u00e9 est souvent plus importante que la quantit\u00e9 !<\/p>\n\n\n\n<p class=\"wp-block-paragraph\"><strong>Quels sont les talents cach\u00e9s qui vous aident \u00e0 surmonter ces difficult\u00e9s ?<\/strong><\/p>\n\n\n\n<p class=\"wp-block-paragraph\">D\u2019abord, je suis intimement convaincue de la pertinence sociale de mes travaux, alors cela m\u2019aide \u00e0 garder le cap lorsque les difficult\u00e9s surviennent. Apr\u00e8s, je suis une optimiste inconditionnelle toujours \u00e0 relever ce qui peut \u00eatre positif dans une situation, et qui fait preuve de cr\u00e9ativit\u00e9. Enfin, j\u2019aime travailler en \u00e9quipe et m\u2019entourer de personnes qui ont d\u2019autres exp\u00e9riences, avis, perspectives disciplinaires, etc. car je consid\u00e8re les diff\u00e9rences et les compl\u00e9mentarit\u00e9s comme \u00e9tant fondamentales, en recherche comme dans la vie.<\/p>\n\n\n\n<p class=\"wp-block-paragraph\"><strong>Qui serez-vous dans 10 ans ?<\/strong><\/p>\n\n\n\n<p class=\"wp-block-paragraph\">Je serai plus rid\u00e9e et aurai plus de cheveux blancs, mais j\u2019imagine que je serai encore passionn\u00e9e par la recherche qualitative et par mes th\u00e8mes de recherche, et j\u2019esp\u00e8re que j\u2019aurai contribu\u00e9 \u00e0 d\u00e9mocratiser la fin de vie, la mort et le deuil \u00e0 l\u2019Universit\u00e9 de Lausanne et dans la cit\u00e9.<\/p>\n\n\n\n<p class=\"wp-block-paragraph\"><\/p>\n","protected":false},"excerpt":{"rendered":"<p>Nous vous avions bri\u00e8vement pr\u00e9sent\u00e9 son parcours en ao\u00fbt dernier lors de sa nomination \u00e0 l\u2019Institut de psychologie. Comment se sont depuis lors d\u00e9velopp\u00e9s ses travaux de recherche ? Interview &hellip; <\/p>\n","protected":false},"author":1001335,"featured_media":0,"comment_status":"closed","ping_status":"closed","sticky":false,"template":"","format":"standard","meta":{"_seopress_titles_title":"","_seopress_titles_desc":"","_seopress_robots_index":"","_seopress_robots_follow":"","_seopress_robots_imageindex":"","_seopress_robots_snippet":"","_seopress_robots_primary_cat":"","_seopress_robots_breadcrumbs":"","_seopress_robots_freeze_modified_date":"","_seopress_robots_custom_modified_date":"","_seopress_robots_canonical":"","_seopress_social_fb_title":"","_seopress_social_fb_desc":"","_seopress_social_fb_img":"","_seopress_social_fb_img_attachment_id":0,"_seopress_social_fb_img_width":0,"_seopress_social_fb_img_height":0,"_seopress_social_twitter_title":"","_seopress_social_twitter_desc":"","_seopress_social_twitter_img":"","_seopress_social_twitter_img_attachment_id":0,"_seopress_social_twitter_img_width":0,"_seopress_social_twitter_img_height":0,"_seopress_redirections_value":"","_seopress_redirections_enabled":"","_seopress_redirections_enabled_regex":"","_seopress_redirections_logged_status":"","_seopress_redirections_param":"","_seopress_redirections_type":0,"_seopress_analysis_target_kw":"","_seopress_news_disabled":"","_seopress_video_disabled":"","_seopress_video":[],"_seopress_pro_schemas_manual":[],"_seopress_pro_rich_snippets_disable_all":"","_seopress_pro_rich_snippets_disable":[],"_seopress_pro_schemas":[],"_uag_custom_page_level_css":"","_EventAllDay":false,"_EventTimezone":"","_EventStartDate":"","_EventEndDate":"","_EventStartDateUTC":"","_EventEndDateUTC":"","_EventShowMap":false,"_EventShowMapLink":false,"_EventURL":"","_EventCost":"","_EventCostDescription":"","_EventCurrencySymbol":"","_EventCurrencyCode":"","_EventCurrencyPosition":"","_EventDateTimeSeparator":"","_EventTimeRangeSeparator":"","_EventOrganizerID":[],"_EventVenueID":[],"_OrganizerEmail":"","_OrganizerPhone":"","_OrganizerWebsite":"","_VenueAddress":"","_VenueCity":"","_VenueCountry":"","_VenueProvince":"","_VenueState":"","_VenueZip":"","_VenuePhone":"","_VenueURL":"","_VenueStateProvince":"","_VenueLat":"","_VenueLng":"","_VenueShowMap":false,"_VenueShowMapLink":false,"footnotes":""},"categories":[437],"tags":[],"class_list":["post-10853","post","type-post","status-publish","format-standard","category-portraits"],"uagb_featured_image_src":{"full":false,"thumbnail":false,"medium":false,"medium_large":false,"large":false,"1536x1536":false,"2048x2048":false,"hitmag-landscape":false,"hitmag-featured":false,"hitmag-grid":false,"hitmag-list":false,"hitmag-thumbnail":false,"gform-image-choice-sm":false,"gform-image-choice-md":false,"gform-image-choice-lg":false,"mailpoet_newsletter_max":false},"uagb_author_info":{"display_name":"Oana Barsin","author_link":"https:\/\/wp.unil.ch\/esspace\/author\/obarsin\/"},"uagb_comment_info":0,"uagb_excerpt":"Nous vous avions bri\u00e8vement pr\u00e9sent\u00e9 son parcours en ao\u00fbt dernier lors de sa nomination \u00e0 l\u2019Institut de psychologie. Comment se sont depuis lors d\u00e9velopp\u00e9s ses travaux de recherche ? Interview &hellip;","_links":{"self":[{"href":"https:\/\/wp.unil.ch\/esspace\/wp-json\/wp\/v2\/posts\/10853","targetHints":{"allow":["GET"]}}],"collection":[{"href":"https:\/\/wp.unil.ch\/esspace\/wp-json\/wp\/v2\/posts"}],"about":[{"href":"https:\/\/wp.unil.ch\/esspace\/wp-json\/wp\/v2\/types\/post"}],"author":[{"embeddable":true,"href":"https:\/\/wp.unil.ch\/esspace\/wp-json\/wp\/v2\/users\/1001335"}],"replies":[{"embeddable":true,"href":"https:\/\/wp.unil.ch\/esspace\/wp-json\/wp\/v2\/comments?post=10853"}],"version-history":[{"count":2,"href":"https:\/\/wp.unil.ch\/esspace\/wp-json\/wp\/v2\/posts\/10853\/revisions"}],"predecessor-version":[{"id":10861,"href":"https:\/\/wp.unil.ch\/esspace\/wp-json\/wp\/v2\/posts\/10853\/revisions\/10861"}],"wp:attachment":[{"href":"https:\/\/wp.unil.ch\/esspace\/wp-json\/wp\/v2\/media?parent=10853"}],"wp:term":[{"taxonomy":"category","embeddable":true,"href":"https:\/\/wp.unil.ch\/esspace\/wp-json\/wp\/v2\/categories?post=10853"},{"taxonomy":"post_tag","embeddable":true,"href":"https:\/\/wp.unil.ch\/esspace\/wp-json\/wp\/v2\/tags?post=10853"}],"curies":[{"name":"wp","href":"https:\/\/api.w.org\/{rel}","templated":true}]}}