{"id":10847,"date":"2026-08-27T16:42:54","date_gmt":"2026-08-27T14:42:54","guid":{"rendered":"https:\/\/wp.unil.ch\/esspace\/?p=10847"},"modified":"2026-08-28T09:40:05","modified_gmt":"2026-08-28T07:40:05","slug":"les-croyances-morales-dans-la-democratie-directe-suisse","status":"publish","type":"post","link":"https:\/\/wp.unil.ch\/esspace\/2026\/08\/les-croyances-morales-dans-la-democratie-directe-suisse\/","title":{"rendered":"Les croyances morales dans la d\u00e9mocratie directe suisse"},"content":{"rendered":"\n<p class=\"wp-block-paragraph\">L\u2019enqu\u00eate <em>D\u00e9mocratie Directe Suisse au 21<sup>e<\/sup> si\u00e8cle<\/em> (DDS-21), lanc\u00e9e en f\u00e9vrier 2023, a pour objectif de renouveler la recherche sur les comportements de vote lors des votations populaires en Suisse. Projet national d\u2019envergure, DDS-21 r\u00e9unit des chercheurs et chercheuses issus de&nbsp;huit&nbsp;instituts de science politique en Suisse et favorise la participation de la communaut\u00e9 scientifique gr\u00e2ce \u00e0 des appels \u00e0 questions avant chaque vague d\u2019enqu\u00eate.<\/p>\n\n\n<div class=\"wp-block-image\">\n<figure class=\"alignleft size-full\"><a href=\"https:\/\/wp.unil.ch\/esspace\/files\/2026\/08\/votations.jpg\"><img loading=\"lazy\" decoding=\"async\" width=\"300\" height=\"220\" src=\"https:\/\/wp.unil.ch\/esspace\/files\/2026\/08\/votations.jpg\" alt=\"votations\" class=\"wp-image-10886\" \/><\/a><figcaption class=\"wp-element-caption\"> \u00a9 Olrat | Dreamstime.com <\/figcaption><\/figure>\n<\/div>\n\n\n<p class=\"wp-block-paragraph\">En combinant une enqu\u00eate transversale et une enqu\u00eate panel, DDS-21 apporte plusieurs innovations par rapport aux enqu\u00eates existantes, tout en garantissant une continuit\u00e9 dans les donn\u00e9es et des possibilit\u00e9s \u00e9tendues d\u2019analyse longitudinale. R\u00e9alis\u00e9e par le Centre de comp\u00e9tences suisse en sciences sociales (FORS), l\u2019enqu\u00eate DDS-21 comporte plusieurs modules consacr\u00e9s \u00e0 des questions jusqu\u2019ici peu explor\u00e9es, telles que le r\u00f4le des affiches publicitaires, des m\u00e9dias digitaux et de la sophistication politique dans la formation des opinions. Lionel Marquis et Jessy Sparer, \u00e0 l\u2019Institut d\u2019\u00e9tudes politiques de l\u2019UNIL, ont d\u00e9velopp\u00e9 un module d\u00e9di\u00e9 sp\u00e9cifiquement \u00e0 l\u2019analyse des croyances morales et de leurs effets sur les d\u00e9cisions de vote.<\/p>\n\n\n\n<p class=\"wp-block-paragraph\">L\u2019analyse d\u2019une vingtaine d\u2019objets de vote (2023\u20132025) montre que les d\u00e9cisions individuelles comportent presque toujours une dimension morale, quel que soit le type de proposition soumise au vote. Par exemple, le vote en faveur de la 13<sup>\u00e8me<\/sup> rente AVS en mars 2024 \u00e9tait fortement tributaire de l\u2019id\u00e9ologie politique et de l\u2019int\u00e9r\u00eat particulier des votant\u00b7es, mais ce vote a <em>aussi<\/em> \u00e9t\u00e9 fa\u00e7onn\u00e9 par des dispositions morales, telles que la justification du syst\u00e8me, les croyances dans un \u00ab&nbsp;monde juste&nbsp;\u00bb, ou l\u2019attribution de la pauvret\u00e9 \u00e0 des causes sociales (plut\u00f4t qu\u2019individuelles). La l\u00e9gitimit\u00e9 per\u00e7ue du syst\u00e8me politique suisse est un pr\u00e9dicteur tr\u00e8s fiable du vote sur toute une s\u00e9rie d\u2019objets. L\u2019analyse des donn\u00e9es sugg\u00e8re aussi qu\u2019il existe un \u00e9cart robuste entre femmes et hommes sur la plupart des croyances morales. Les femmes sont ainsi plus susceptibles de d\u00e9fendre une \u00e9thique du \u00ab&nbsp;care&nbsp;\u00bb et d\u2019expliquer la pauvret\u00e9 par les injustices sociales, tandis que les hommes sont plus susceptibles de croire \u00e0 l\u2019id\u00e9e d\u2019un \u00ab&nbsp;monde juste&nbsp;\u00bb dans lequel chacun a ce qu\u2019il m\u00e9rite. De mani\u00e8re plus inqui\u00e9tante, ce \u00ab&nbsp;gender gap moral&nbsp;\u00bb est le plus prononc\u00e9 dans les cohortes les plus r\u00e9centes, sugg\u00e9rant que les jeunes femmes et les jeunes hommes ne vivent pas exactement dans le m\u00eame univers normatif.<\/p>\n\n\n\n<p class=\"wp-block-paragraph\">Au-del\u00e0 de ses objectifs substantifs, DDS-21 constitue \u00e9galement un laboratoire m\u00e9thodologique pour la recherche par enqu\u00eates. Les exp\u00e9riences int\u00e9gr\u00e9es au dispositif ont permis d\u2019\u00e9valuer l\u2019efficacit\u00e9 de diff\u00e9rentes strat\u00e9gies de recrutement et de fid\u00e9lisation des participant\u00b7es, contribuant ainsi \u00e0 l\u2019am\u00e9lioration des pratiques de collecte de donn\u00e9es.<\/p>\n\n\n\n<p class=\"wp-block-paragraph\">Deux contributions ont \u00e9t\u00e9 publi\u00e9es dans des revues m\u00e9thodologiques, deux autres sur la plateforme DeFacto, et plusieurs articles pour revues \u00e0 comit\u00e9 de lecture sont en pr\u00e9paration. Jessy Sparer est en train de r\u00e9diger sa th\u00e8se sur le th\u00e8me des fondements moraux du vote en d\u00e9mocratie directe.<\/p>\n\n\n\n<p class=\"wp-block-paragraph\"><em>Lionel Marquis, Ma\u00eetre d\u2019enseignement et recherche \u00e0 l\u2019Institut d\u2019\u00e9tudes politiques et membre du Groupe de recherche sur les \u00e9lections et la citoyennet\u00e9 politique (GREC)<\/em><\/p>\n\n\n\n<p class=\"wp-block-paragraph\"><\/p>\n","protected":false},"excerpt":{"rendered":"<p>L\u2019enqu\u00eate D\u00e9mocratie Directe Suisse au 21e si\u00e8cle (DDS-21), lanc\u00e9e en f\u00e9vrier 2023, a pour objectif de renouveler la recherche sur les comportements de vote lors des votations populaires en Suisse. &hellip; <\/p>\n","protected":false},"author":1001335,"featured_media":0,"comment_status":"closed","ping_status":"closed","sticky":false,"template":"","format":"standard","meta":{"_seopress_titles_title":"","_seopress_titles_desc":"","_seopress_robots_index":"","_seopress_robots_follow":"","_seopress_robots_imageindex":"","_seopress_robots_snippet":"","_seopress_robots_primary_cat":"","_seopress_robots_breadcrumbs":"","_seopress_robots_freeze_modified_date":"","_seopress_robots_custom_modified_date":"","_seopress_robots_canonical":"","_seopress_social_fb_title":"","_seopress_social_fb_desc":"","_seopress_social_fb_img":"","_seopress_social_fb_img_attachment_id":0,"_seopress_social_fb_img_width":0,"_seopress_social_fb_img_height":0,"_seopress_social_twitter_title":"","_seopress_social_twitter_desc":"","_seopress_social_twitter_img":"","_seopress_social_twitter_img_attachment_id":0,"_seopress_social_twitter_img_width":0,"_seopress_social_twitter_img_height":0,"_seopress_redirections_value":"","_seopress_redirections_enabled":"","_seopress_redirections_enabled_regex":"","_seopress_redirections_logged_status":"","_seopress_redirections_param":"","_seopress_redirections_type":0,"_seopress_analysis_target_kw":"","_seopress_news_disabled":"","_seopress_video_disabled":"","_seopress_video":[],"_seopress_pro_schemas_manual":[],"_seopress_pro_rich_snippets_disable_all":"","_seopress_pro_rich_snippets_disable":[],"_seopress_pro_schemas":[],"_uag_custom_page_level_css":"","_EventAllDay":false,"_EventTimezone":"","_EventStartDate":"","_EventEndDate":"","_EventStartDateUTC":"","_EventEndDateUTC":"","_EventShowMap":false,"_EventShowMapLink":false,"_EventURL":"","_EventCost":"","_EventCostDescription":"","_EventCurrencySymbol":"","_EventCurrencyCode":"","_EventCurrencyPosition":"","_EventDateTimeSeparator":"","_EventTimeRangeSeparator":"","_EventOrganizerID":[],"_EventVenueID":[],"_OrganizerEmail":"","_OrganizerPhone":"","_OrganizerWebsite":"","_VenueAddress":"","_VenueCity":"","_VenueCountry":"","_VenueProvince":"","_VenueState":"","_VenueZip":"","_VenuePhone":"","_VenueURL":"","_VenueStateProvince":"","_VenueLat":"","_VenueLng":"","_VenueShowMap":false,"_VenueShowMapLink":false,"footnotes":""},"categories":[19452],"tags":[],"class_list":["post-10847","post","type-post","status-publish","format-standard","category-nouveaux-projets-de-recherche"],"uagb_featured_image_src":{"full":false,"thumbnail":false,"medium":false,"medium_large":false,"large":false,"1536x1536":false,"2048x2048":false,"hitmag-landscape":false,"hitmag-featured":false,"hitmag-grid":false,"hitmag-list":false,"hitmag-thumbnail":false,"gform-image-choice-sm":false,"gform-image-choice-md":false,"gform-image-choice-lg":false,"mailpoet_newsletter_max":false},"uagb_author_info":{"display_name":"Oana Barsin","author_link":"https:\/\/wp.unil.ch\/esspace\/author\/obarsin\/"},"uagb_comment_info":0,"uagb_excerpt":"L\u2019enqu\u00eate D\u00e9mocratie Directe Suisse au 21e si\u00e8cle (DDS-21), lanc\u00e9e en f\u00e9vrier 2023, a pour objectif de renouveler la recherche sur les comportements de vote lors des votations populaires en Suisse. &hellip;","_links":{"self":[{"href":"https:\/\/wp.unil.ch\/esspace\/wp-json\/wp\/v2\/posts\/10847","targetHints":{"allow":["GET"]}}],"collection":[{"href":"https:\/\/wp.unil.ch\/esspace\/wp-json\/wp\/v2\/posts"}],"about":[{"href":"https:\/\/wp.unil.ch\/esspace\/wp-json\/wp\/v2\/types\/post"}],"author":[{"embeddable":true,"href":"https:\/\/wp.unil.ch\/esspace\/wp-json\/wp\/v2\/users\/1001335"}],"replies":[{"embeddable":true,"href":"https:\/\/wp.unil.ch\/esspace\/wp-json\/wp\/v2\/comments?post=10847"}],"version-history":[{"count":2,"href":"https:\/\/wp.unil.ch\/esspace\/wp-json\/wp\/v2\/posts\/10847\/revisions"}],"predecessor-version":[{"id":10887,"href":"https:\/\/wp.unil.ch\/esspace\/wp-json\/wp\/v2\/posts\/10847\/revisions\/10887"}],"wp:attachment":[{"href":"https:\/\/wp.unil.ch\/esspace\/wp-json\/wp\/v2\/media?parent=10847"}],"wp:term":[{"taxonomy":"category","embeddable":true,"href":"https:\/\/wp.unil.ch\/esspace\/wp-json\/wp\/v2\/categories?post=10847"},{"taxonomy":"post_tag","embeddable":true,"href":"https:\/\/wp.unil.ch\/esspace\/wp-json\/wp\/v2\/tags?post=10847"}],"curies":[{"name":"wp","href":"https:\/\/api.w.org\/{rel}","templated":true}]}}