{"id":10845,"date":"2026-08-27T16:38:26","date_gmt":"2026-08-27T14:38:26","guid":{"rendered":"https:\/\/wp.unil.ch\/esspace\/?p=10845"},"modified":"2026-08-28T09:14:05","modified_gmt":"2026-08-28T07:14:05","slug":"le-regard-dune-chercheuse-au-coeur-de-lecss-2026","status":"publish","type":"post","link":"https:\/\/wp.unil.ch\/esspace\/2026\/08\/le-regard-dune-chercheuse-au-coeur-de-lecss-2026\/","title":{"rendered":"Le regard d\u2019une chercheuse au c\u0153ur de l\u2019ECSS 2026"},"content":{"rendered":"\n<p class=\"wp-block-paragraph\">Statisticienne de formation et ancienne athl\u00e8te de haut niveau en trail, Esther Eustache d\u00e9veloppe des m\u00e9thodes innovantes pour mieux comprendre la performance, la sant\u00e9 et l\u2019activit\u00e9 physique. \u00c0 l\u2019occasion du Congr\u00e8s europ\u00e9en des sciences du sport (ECSS) 2026 \u00e0 Lausanne, elle revient sur son parcours, ses recherches et son exp\u00e9rience au sein de cet \u00e9v\u00e9nement international auquel elle a particip\u00e9 en tant que premi\u00e8re assistante \u00e0 l\u2019Institut des sciences du sport (ISSUL).<\/p>\n\n\n<div class=\"wp-block-image\">\n<figure class=\"alignleft size-full\"><a href=\"https:\/\/wp.unil.ch\/esspace\/files\/2026\/08\/esther_eustache.jpg\"><img loading=\"lazy\" decoding=\"async\" width=\"300\" height=\"220\" src=\"https:\/\/wp.unil.ch\/esspace\/files\/2026\/08\/esther_eustache.jpg\" alt=\"esther eustache\" class=\"wp-image-10822\" \/><\/a><figcaption class=\"wp-element-caption\">Esther Eustache premi\u00e8re assistante \u00e0 l&rsquo;ISSUL<\/figcaption><\/figure>\n<\/div>\n\n\n<p class=\"wp-block-paragraph\"><strong>Vous \u00eates \u00e0 la fois chercheuse<\/strong> <strong>et grande sportive d&rsquo;endurance<\/strong><strong>.<\/strong> <strong>Comment ces deux dimensions \u2013 scientifique et sportive \u2013 se nourrissent-elles mutuellement dans votre parcours ?<\/strong><\/p>\n\n\n\n<p class=\"wp-block-paragraph\">Mon exp\u00e9rience dans le sport de haut niveau et les sports d\u2019endurance m\u2019a donn\u00e9 une compr\u00e9hension concr\u00e8te de la pratique sportive, de ses exigences et de ses enjeux. Elle m\u2019am\u00e8ne \u00e0 m\u2019int\u00e9resser \u00e0 des probl\u00e9matiques vari\u00e9es, de la performance et de la gestion de l\u2019effort \u00e0 la motivation ou aux enjeux psychologiques.<\/p>\n\n\n\n<p class=\"wp-block-paragraph\">En tant que statisticienne, cette exp\u00e9rience me permet de mieux comprendre les donn\u00e9es que j\u2019analyse, de les replacer dans leur contexte et de mieux appr\u00e9hender les questionnements des chercheur\u00b7euses en sciences du sport. Cela me permet de ne pas \u00eatre uniquement dans une posture de statisticienne qui traite des donn\u00e9es, mais de mieux comprendre la question scientifique dans son ensemble.<\/p>\n\n\n\n<p class=\"wp-block-paragraph\">\u00c0 l\u2019inverse, la recherche enrichit aussi ma pratique sportive. Elle me permet de rester dans un environnement o\u00f9 je suis en veille scientifique et d\u2019apprendre beaucoup de choses sur le sport au sens large, au-del\u00e0 de la seule question de la performance. Cela nourrit ma r\u00e9flexion sur ma propre pratique et me permet de mieux comprendre ce que je peux observer ou ressentir en tant que sportive.<\/p>\n\n\n\n<p class=\"wp-block-paragraph\">Ces deux dimensions se compl\u00e8tent donc naturellement : mon exp\u00e9rience sportive nourrit mon regard de chercheuse, tandis que mon activit\u00e9 scientifique enrichit ma compr\u00e9hension et ma pratique du sport.<\/p>\n\n\n\n<p class=\"wp-block-paragraph\"><strong>Qu\u2019est-ce qui vous a conduite vers les sciences du sport et la statistique appliqu\u00e9e, et qu\u2019est-ce qui continue \u00e0 nourrir votre motivation pour ces th\u00e9matiques ?<\/strong><\/p>\n\n\n\n<p class=\"wp-block-paragraph\">J\u2019ai toujours ador\u00e9 les math\u00e9matiques. Avec l\u2019essor de l\u2019apprentissage statistique, je me suis assez naturellement orient\u00e9e vers un parcours en statistique. Passionn\u00e9e de sport depuis mon plus jeune \u00e2ge et sportive de haut niveau pendant mes \u00e9tudes, j\u2019ai termin\u00e9 mon doctorat avec l\u2019envie de poursuivre dans le milieu acad\u00e9mique, mais aussi avec le sentiment qu\u2019il me manquait une dimension plus concr\u00e8te et porteuse de sens. J\u2019avais envie de pouvoir mettre mes comp\u00e9tences au service d\u2019un domaine qui me passionne et qui fait partie de ma vie depuis toujours.<\/p>\n\n\n\n<p class=\"wp-block-paragraph\">Pouvoir aujourd\u2019hui faire des statistiques appliqu\u00e9es au sein d\u2019un institut des sciences du sport repr\u00e9sente pour moi une forme d\u2019aboutissement. Cela me permet de faire le lien entre mes comp\u00e9tences scientifiques et ma passion pour le sport, tout en continuant \u00e0 apprendre et \u00e0 m\u2019\u00e9panouir pleinement dans mon travail.<\/p>\n\n\n\n<p class=\"wp-block-paragraph\"><strong>Le Congr\u00e8s ECSS 2026 met en avant les collaborations entre sciences du sport, ing\u00e9nierie, m\u00e9decine et sciences sociales. Pouvez-vous nous racontez votre exp\u00e9rience \u00e0 l\u2019\u00e9v\u00e9nement&nbsp;? Comment y avez-vous contribu\u00e9&nbsp;? <\/strong><\/p>\n\n\n\n<p class=\"wp-block-paragraph\">L\u2019ECSS est l\u2019un des grands rendez-vous internationaux des sciences du sport. Cette ann\u00e9e, plus de 3 000 chercheur\u00b7euses du monde entier se sont retrouv\u00e9s \u00e0 Lausanne, et le congr\u00e8s a \u00e9t\u00e9 une belle r\u00e9ussite. J\u2019ai eu la chance d\u2019y contribuer \u00e0 la fois comme b\u00e9n\u00e9vole et comme chercheuse.<\/p>\n\n\n\n<p class=\"wp-block-paragraph\">J\u2019ai notamment pr\u00e9sent\u00e9 oralement un travail men\u00e9 avec des coll\u00e8gues de l\u2019ISSUL sur les d\u00e9terminants de l\u2019abandon en ultratrail et les diff\u00e9rences entre hommes et femmes. C\u2019\u00e9tait une belle occasion de pr\u00e9senter ce projet dans un contexte international et d\u2019\u00e9changer avec des scientifiques de disciplines et d\u2019horizons diff\u00e9rents.<\/p>\n\n\n\n<p class=\"wp-block-paragraph\">\u00catre b\u00e9n\u00e9vole m\u2019a permis de vivre le congr\u00e8s de l\u2019int\u00e9rieur, de d\u00e9couvrir les coulisses d\u2019un \u00e9v\u00e9nement scientifique de cette ampleur, mais aussi de rencontrer davantage de participants et de contribuer \u00e0 son bon d\u00e9roulement. Cette double exp\u00e9rience a rendu le congr\u00e8s particuli\u00e8rement riche et m\u2019a vraiment donn\u00e9 le sentiment de prendre part \u00e0 une communaut\u00e9 scientifique internationale autour des sciences du sport.<\/p>\n","protected":false},"excerpt":{"rendered":"<p>Statisticienne de formation et ancienne athl\u00e8te de haut niveau en trail, Esther Eustache d\u00e9veloppe des m\u00e9thodes innovantes pour mieux comprendre la performance, la sant\u00e9 et l\u2019activit\u00e9 physique. \u00c0 l\u2019occasion du &hellip; <\/p>\n","protected":false},"author":1001335,"featured_media":0,"comment_status":"closed","ping_status":"closed","sticky":false,"template":"","format":"standard","meta":{"_seopress_titles_title":"","_seopress_titles_desc":"","_seopress_robots_index":"","_seopress_robots_follow":"","_seopress_robots_imageindex":"","_seopress_robots_snippet":"","_seopress_robots_primary_cat":"","_seopress_robots_breadcrumbs":"","_seopress_robots_freeze_modified_date":"","_seopress_robots_custom_modified_date":"","_seopress_robots_canonical":"","_seopress_social_fb_title":"","_seopress_social_fb_desc":"","_seopress_social_fb_img":"","_seopress_social_fb_img_attachment_id":0,"_seopress_social_fb_img_width":0,"_seopress_social_fb_img_height":0,"_seopress_social_twitter_title":"","_seopress_social_twitter_desc":"","_seopress_social_twitter_img":"","_seopress_social_twitter_img_attachment_id":0,"_seopress_social_twitter_img_width":0,"_seopress_social_twitter_img_height":0,"_seopress_redirections_value":"","_seopress_redirections_enabled":"","_seopress_redirections_enabled_regex":"","_seopress_redirections_logged_status":"","_seopress_redirections_param":"","_seopress_redirections_type":0,"_seopress_analysis_target_kw":"","_seopress_news_disabled":"","_seopress_video_disabled":"","_seopress_video":[],"_seopress_pro_schemas_manual":[],"_seopress_pro_rich_snippets_disable_all":"","_seopress_pro_rich_snippets_disable":[],"_seopress_pro_schemas":[],"_uag_custom_page_level_css":"","_EventAllDay":false,"_EventTimezone":"","_EventStartDate":"","_EventEndDate":"","_EventStartDateUTC":"","_EventEndDateUTC":"","_EventShowMap":false,"_EventShowMapLink":false,"_EventURL":"","_EventCost":"","_EventCostDescription":"","_EventCurrencySymbol":"","_EventCurrencyCode":"","_EventCurrencyPosition":"","_EventDateTimeSeparator":"","_EventTimeRangeSeparator":"","_EventOrganizerID":[],"_EventVenueID":[],"_OrganizerEmail":"","_OrganizerPhone":"","_OrganizerWebsite":"","_VenueAddress":"","_VenueCity":"","_VenueCountry":"","_VenueProvince":"","_VenueState":"","_VenueZip":"","_VenuePhone":"","_VenueURL":"","_VenueStateProvince":"","_VenueLat":"","_VenueLng":"","_VenueShowMap":false,"_VenueShowMapLink":false,"footnotes":""},"categories":[19452],"tags":[],"class_list":["post-10845","post","type-post","status-publish","format-standard","category-nouveaux-projets-de-recherche"],"uagb_featured_image_src":{"full":false,"thumbnail":false,"medium":false,"medium_large":false,"large":false,"1536x1536":false,"2048x2048":false,"hitmag-landscape":false,"hitmag-featured":false,"hitmag-grid":false,"hitmag-list":false,"hitmag-thumbnail":false,"gform-image-choice-sm":false,"gform-image-choice-md":false,"gform-image-choice-lg":false,"mailpoet_newsletter_max":false},"uagb_author_info":{"display_name":"Oana Barsin","author_link":"https:\/\/wp.unil.ch\/esspace\/author\/obarsin\/"},"uagb_comment_info":0,"uagb_excerpt":"Statisticienne de formation et ancienne athl\u00e8te de haut niveau en trail, Esther Eustache d\u00e9veloppe des m\u00e9thodes innovantes pour mieux comprendre la performance, la sant\u00e9 et l\u2019activit\u00e9 physique. \u00c0 l\u2019occasion du &hellip;","_links":{"self":[{"href":"https:\/\/wp.unil.ch\/esspace\/wp-json\/wp\/v2\/posts\/10845","targetHints":{"allow":["GET"]}}],"collection":[{"href":"https:\/\/wp.unil.ch\/esspace\/wp-json\/wp\/v2\/posts"}],"about":[{"href":"https:\/\/wp.unil.ch\/esspace\/wp-json\/wp\/v2\/types\/post"}],"author":[{"embeddable":true,"href":"https:\/\/wp.unil.ch\/esspace\/wp-json\/wp\/v2\/users\/1001335"}],"replies":[{"embeddable":true,"href":"https:\/\/wp.unil.ch\/esspace\/wp-json\/wp\/v2\/comments?post=10845"}],"version-history":[{"count":3,"href":"https:\/\/wp.unil.ch\/esspace\/wp-json\/wp\/v2\/posts\/10845\/revisions"}],"predecessor-version":[{"id":10885,"href":"https:\/\/wp.unil.ch\/esspace\/wp-json\/wp\/v2\/posts\/10845\/revisions\/10885"}],"wp:attachment":[{"href":"https:\/\/wp.unil.ch\/esspace\/wp-json\/wp\/v2\/media?parent=10845"}],"wp:term":[{"taxonomy":"category","embeddable":true,"href":"https:\/\/wp.unil.ch\/esspace\/wp-json\/wp\/v2\/categories?post=10845"},{"taxonomy":"post_tag","embeddable":true,"href":"https:\/\/wp.unil.ch\/esspace\/wp-json\/wp\/v2\/tags?post=10845"}],"curies":[{"name":"wp","href":"https:\/\/api.w.org\/{rel}","templated":true}]}}