{"id":10831,"date":"2026-08-27T12:27:19","date_gmt":"2026-08-27T10:27:19","guid":{"rendered":"https:\/\/wp.unil.ch\/esspace\/?p=10831"},"modified":"2026-08-28T07:50:28","modified_gmt":"2026-08-28T05:50:28","slug":"enfants-et-jeunes-adultes-en-exil-en-suisse-prives-de-liberte","status":"publish","type":"post","link":"https:\/\/wp.unil.ch\/esspace\/2026\/08\/enfants-et-jeunes-adultes-en-exil-en-suisse-prives-de-liberte\/","title":{"rendered":"Enfants et jeunes adultes en exil en Suisse priv\u00e9s de libert\u00e9"},"content":{"rendered":"\n<p class=\"wp-block-paragraph\">En novembre 2025, l\u2019anthropologue Marco Motta rejoint le laboratoire THEMA \u00e0 l\u2019Institut des sciences sociales de l\u2019UNIL avec un projet FNS Starting Grant de cinq ans intitul\u00e9 \u00ab <em>Exiled in Detention: Conditions of Confinement, the Mental Health of Migrant Children and Adolescents, and their Ordinary Life<\/em> \u00bb.<\/p>\n\n\n<div class=\"wp-block-image\">\n<figure class=\"alignleft size-full\"><a href=\"https:\/\/wp.unil.ch\/esspace\/files\/2026\/08\/m_motta.jpg\"><img loading=\"lazy\" decoding=\"async\" width=\"300\" height=\"220\" src=\"https:\/\/wp.unil.ch\/esspace\/files\/2026\/08\/m_motta.jpg\" alt=\"m motta\" class=\"wp-image-10818\" \/><\/a><figcaption class=\"wp-element-caption\"><br>\u00a9 H368k742 | Dreamstime.com<\/figcaption><\/figure>\n<\/div>\n\n\n<p class=\"wp-block-paragraph\">Ce projet propose une \u00e9tude ethnographique approfondie des conditions dans lesquelles les mineur\u00b7es et les jeunes adultes migrant\u00b7es sont priv\u00e9\u00b7es de libert\u00e9 en Suisse, de leur v\u00e9cu de ces conditions et de leurs effets \u00e0 plus long terme. Un nombre consid\u00e9rable de jeunes en mobilit\u00e9 subissent diverses formes de confinement, que ce soit dans leur pays d\u2019origine, pendant leur exil ou dans leur pays d\u2019accueil. En Suisse, les demandeurs d\u2019asile sont d\u2019embl\u00e9e soumis \u00e0 une forme de semi-privation de libert\u00e9 dans les centres f\u00e9d\u00e9raux d\u2019asile (CFA), avant d\u2019\u00eatre r\u00e9partis entre les cantons, o\u00f9 de fortes disparit\u00e9s de prise en charge entra\u00eenent des in\u00e9galit\u00e9s de traitement. Quant aux personnes sans papiers et aux demandeurs d\u2019asile d\u00e9bout\u00e9s, elles peuvent \u00eatre soumises \u00e0 la d\u00e9tention administrative et risquent l\u2019expulsion. Un nombre important de jeunes font \u00e9galement l\u2019objet d\u2019une d\u00e9tention pr\u00e9ventive et\/ou de l\u2019ex\u00e9cution d\u2019une peine pour des d\u00e9lits mineurs li\u00e9s aux conditions structurelles de leur existence : amendes impay\u00e9es, vols de nourriture, travail au noir ou s\u00e9jour ill\u00e9gal. La Suisse, en suivant l\u2019UE, a ainsi op\u00e9r\u00e9 un virage punitif qui a plac\u00e9 l\u2019enfermement au c\u0153ur de la gestion des flux migratoires, jusqu\u2019\u00e0 en normaliser le recours et \u00e0 en \u00e9tendre l\u2019usage \u00e0 des situations toujours plus nombreuses. Ces politiques ont des cons\u00e9quences d\u00e9l\u00e9t\u00e8res importantes, notamment sur la sant\u00e9 mentale et l\u2019avenir des jeunes concern\u00e9s.<\/p>\n\n\n\n<p class=\"wp-block-paragraph\">Dans le cadre d\u2019une r\u00e9flexion sur la pr\u00e9carit\u00e9 induite par le durcissement des politiques d\u2019asile et de s\u00e9curit\u00e9, cette recherche vise ainsi \u00e0 mieux comprendre ce contexte. Elle poursuit trois objectifs principaux : (1) \u00e9clairer les diff\u00e9rentes formes et conditions de privation de libert\u00e9 et la mani\u00e8re dont elles sont v\u00e9cues par les jeunes exil\u00e9\u00b7es ; (2) analyser leurs effets sur la sant\u00e9 mentale ; et (3) \u00e9valuer leurs cons\u00e9quences \u00e0 long terme sur la capacit\u00e9 des jeunes concern\u00e9s \u00e0 mener une vie ordinaire en Suisse ou ailleurs.<\/p>\n\n\n\n<p class=\"wp-block-paragraph\">Trois chercheurs collaborent \u00e0 ce projet. <strong>Louis Vuilleumier<\/strong> (postdoc) \u00e9tudie les interactions dans la rue entre la police et les exil\u00e9s pr\u00e9caires, ainsi que le r\u00f4le de la d\u00e9tention dans les postes de police. <strong>Nina Khamsy<\/strong> (postdoc) analyse les reconfigurations li\u00e9es aux nouvelles technologies de l\u2019information, le management des donn\u00e9es, l\u2019entr\u00e9e de l\u2019IA dans les syst\u00e8mes de surveillance et la mise en place du nouveau pacte europ\u00e9en sur la migration et l\u2019asile. <strong>Basile Despland<\/strong> (doctorant) m\u00e8ne une th\u00e8se consacr\u00e9e aux parcours diff\u00e9renci\u00e9s de jeunes \u00e0 partir d\u2019\u00e9tudes de cas approfondies.<\/p>\n\n\n\n<p class=\"wp-block-paragraph\"><em>Marco Motta, Professeur assistant boursier FNS \u00e0 l\u2019Institut des sciences sociales et membre du Th\u00e9orie sociale, enqu\u00eate critique, m\u00e9diations, action publique (THEMA)<\/em><\/p>\n\n\n\n<p class=\"wp-block-paragraph\"><\/p>\n","protected":false},"excerpt":{"rendered":"<p>En novembre 2025, l\u2019anthropologue Marco Motta rejoint le laboratoire THEMA \u00e0 l\u2019Institut des sciences sociales de l\u2019UNIL avec un projet FNS Starting Grant de cinq ans intitul\u00e9 \u00ab Exiled in &hellip; <\/p>\n","protected":false},"author":1001335,"featured_media":0,"comment_status":"closed","ping_status":"closed","sticky":false,"template":"","format":"standard","meta":{"_seopress_titles_title":"","_seopress_titles_desc":"","_seopress_robots_index":"","_seopress_robots_follow":"","_seopress_robots_imageindex":"","_seopress_robots_snippet":"","_seopress_robots_primary_cat":"","_seopress_robots_breadcrumbs":"","_seopress_robots_freeze_modified_date":"","_seopress_robots_custom_modified_date":"","_seopress_robots_canonical":"","_seopress_social_fb_title":"","_seopress_social_fb_desc":"","_seopress_social_fb_img":"","_seopress_social_fb_img_attachment_id":0,"_seopress_social_fb_img_width":0,"_seopress_social_fb_img_height":0,"_seopress_social_twitter_title":"","_seopress_social_twitter_desc":"","_seopress_social_twitter_img":"","_seopress_social_twitter_img_attachment_id":0,"_seopress_social_twitter_img_width":0,"_seopress_social_twitter_img_height":0,"_seopress_redirections_value":"","_seopress_redirections_enabled":"","_seopress_redirections_enabled_regex":"","_seopress_redirections_logged_status":"","_seopress_redirections_param":"","_seopress_redirections_type":0,"_seopress_analysis_target_kw":"","_seopress_news_disabled":"","_seopress_video_disabled":"","_seopress_video":[],"_seopress_pro_schemas_manual":[],"_seopress_pro_rich_snippets_disable_all":"","_seopress_pro_rich_snippets_disable":[],"_seopress_pro_schemas":[],"_uag_custom_page_level_css":"","_EventAllDay":false,"_EventTimezone":"","_EventStartDate":"","_EventEndDate":"","_EventStartDateUTC":"","_EventEndDateUTC":"","_EventShowMap":false,"_EventShowMapLink":false,"_EventURL":"","_EventCost":"","_EventCostDescription":"","_EventCurrencySymbol":"","_EventCurrencyCode":"","_EventCurrencyPosition":"","_EventDateTimeSeparator":"","_EventTimeRangeSeparator":"","_EventOrganizerID":[],"_EventVenueID":[],"_OrganizerEmail":"","_OrganizerPhone":"","_OrganizerWebsite":"","_VenueAddress":"","_VenueCity":"","_VenueCountry":"","_VenueProvince":"","_VenueState":"","_VenueZip":"","_VenuePhone":"","_VenueURL":"","_VenueStateProvince":"","_VenueLat":"","_VenueLng":"","_VenueShowMap":false,"_VenueShowMapLink":false,"footnotes":""},"categories":[19452],"tags":[],"class_list":["post-10831","post","type-post","status-publish","format-standard","category-nouveaux-projets-de-recherche"],"uagb_featured_image_src":{"full":false,"thumbnail":false,"medium":false,"medium_large":false,"large":false,"1536x1536":false,"2048x2048":false,"hitmag-landscape":false,"hitmag-featured":false,"hitmag-grid":false,"hitmag-list":false,"hitmag-thumbnail":false,"gform-image-choice-sm":false,"gform-image-choice-md":false,"gform-image-choice-lg":false,"mailpoet_newsletter_max":false},"uagb_author_info":{"display_name":"Oana Barsin","author_link":"https:\/\/wp.unil.ch\/esspace\/author\/obarsin\/"},"uagb_comment_info":0,"uagb_excerpt":"En novembre 2025, l\u2019anthropologue Marco Motta rejoint le laboratoire THEMA \u00e0 l\u2019Institut des sciences sociales de l\u2019UNIL avec un projet FNS Starting Grant de cinq ans intitul\u00e9 \u00ab Exiled in &hellip;","_links":{"self":[{"href":"https:\/\/wp.unil.ch\/esspace\/wp-json\/wp\/v2\/posts\/10831","targetHints":{"allow":["GET"]}}],"collection":[{"href":"https:\/\/wp.unil.ch\/esspace\/wp-json\/wp\/v2\/posts"}],"about":[{"href":"https:\/\/wp.unil.ch\/esspace\/wp-json\/wp\/v2\/types\/post"}],"author":[{"embeddable":true,"href":"https:\/\/wp.unil.ch\/esspace\/wp-json\/wp\/v2\/users\/1001335"}],"replies":[{"embeddable":true,"href":"https:\/\/wp.unil.ch\/esspace\/wp-json\/wp\/v2\/comments?post=10831"}],"version-history":[{"count":3,"href":"https:\/\/wp.unil.ch\/esspace\/wp-json\/wp\/v2\/posts\/10831\/revisions"}],"predecessor-version":[{"id":10870,"href":"https:\/\/wp.unil.ch\/esspace\/wp-json\/wp\/v2\/posts\/10831\/revisions\/10870"}],"wp:attachment":[{"href":"https:\/\/wp.unil.ch\/esspace\/wp-json\/wp\/v2\/media?parent=10831"}],"wp:term":[{"taxonomy":"category","embeddable":true,"href":"https:\/\/wp.unil.ch\/esspace\/wp-json\/wp\/v2\/categories?post=10831"},{"taxonomy":"post_tag","embeddable":true,"href":"https:\/\/wp.unil.ch\/esspace\/wp-json\/wp\/v2\/tags?post=10831"}],"curies":[{"name":"wp","href":"https:\/\/api.w.org\/{rel}","templated":true}]}}