{"id":10821,"date":"2026-08-27T12:16:11","date_gmt":"2026-08-27T10:16:11","guid":{"rendered":"https:\/\/wp.unil.ch\/esspace\/?p=10821"},"modified":"2026-08-28T14:17:03","modified_gmt":"2026-08-28T12:17:03","slug":"celine-delmotte","status":"publish","type":"post","link":"https:\/\/wp.unil.ch\/esspace\/2026\/08\/celine-delmotte\/","title":{"rendered":"C\u00e9line Delmotte"},"content":{"rendered":"\n<p class=\"wp-block-paragraph\">Nous avons le plaisir d\u2019accueillir C\u00e9line Delmotte, qui rejoint notre Facult\u00e9 en tant que Consultante recherche, reprenant ainsi le poste pr\u00e9c\u00e9demment occup\u00e9 par Ellina Mourtazina, r\u00e9cemment nomm\u00e9e Adjointe \u00e0 la recherche.<\/p>\n\n\n<div class=\"wp-block-image\">\n<figure class=\"alignleft size-full\"><a href=\"https:\/\/wp.unil.ch\/esspace\/files\/2026\/08\/celine_delmotte.jpg\"><img loading=\"lazy\" decoding=\"async\" width=\"300\" height=\"220\" src=\"https:\/\/wp.unil.ch\/esspace\/files\/2026\/08\/celine_delmotte.jpg\" alt=\"celine delmotte\" class=\"wp-image-10808\" \/><\/a><figcaption class=\"wp-element-caption\">C\u00e9line Delmotte, consultante recherche<\/figcaption><\/figure>\n<\/div>\n\n\n<p class=\"wp-block-paragraph\">C\u00e9line Delmotte est titulaire d\u2019un doctorat en sciences politiques et sociales de l\u2019Universit\u00e9 catholique de Louvain et b\u00e9n\u00e9ficie d\u2019une large exp\u00e9rience de chercheuse et de responsable de programme. Ses comp\u00e9tences seront essentielles pour un soutien efficient aux chercheurs et chercheuses de notre Facult\u00e9.<\/p>\n\n\n\n<p class=\"wp-block-paragraph\"><strong>Pouvez-vous nous en dire un peu plus sur votre parcours ?<\/strong><\/p>\n\n\n\n<p class=\"wp-block-paragraph\">Bien s\u00fbr. Sp\u00e9cialis\u00e9e en \u00e9tudes migratoires et coop\u00e9ration internationale, ma trajectoire professionnelle s\u2019est construite \u00e0 la crois\u00e9e entre recherche, enseignement universitaire et gestion de programmes de d\u00e9veloppement, avec toujours en toile de fond la m\u00eame curiosit\u00e9 pour l\u2019interculturalit\u00e9, les relations Nord\/Sud et les transformations soci\u00e9tales.<\/p>\n\n\n\n<p class=\"wp-block-paragraph\">J\u2019ai d\u00e9but\u00e9 ma carri\u00e8re entre le P\u00e9rou et la Belgique, en tant que coordinatrice de projets socio-environnementaux. Cette exp\u00e9rience a profond\u00e9ment redessin\u00e9 mon regard sur l\u2019Am\u00e9rique latine et m\u2019a interpell\u00e9e \u00e0 bien des \u00e9gards, au point d\u2019entreprendre un doctorat qui m\u2019a men\u00e9e pendant cinq ans au c\u0153ur de l\u2019Amazonie p\u00e9ruvienne. Sociologue de formation, j\u2019y ai \u00e9tudi\u00e9 les impacts de l\u2019orpaillage sur les mobilit\u00e9s de travail paysannes et les in\u00e9galit\u00e9s sociales en milieu rural. J\u2019ai ensuite poursuivi ces recherches au travers de plusieurs postdoctorats dans des environnements acad\u00e9miques anglophones, aux \u00c9tats-Unis \u00e0 l\u2019<em>University of California Santa Barbara<\/em>, et au Canada \u00e0 l\u2019<em>University of Calgary<\/em>, gr\u00e2ce \u00e0 des financements Fulbright et FNRS.<\/p>\n\n\n\n<p class=\"wp-block-paragraph\">Dans le prolongement de ces questionnements, j\u2019ai ensuite rejoint le secteur associatif suisse en tant que responsable de programme Colombie pour une ONG de d\u00e9veloppement. J\u2019ai eu la chance d\u2019accompagner des projets de protection de l\u2019enfance en milieu minier colombien, restant ainsi profond\u00e9ment attach\u00e9e \u00e0 la d\u00e9fense des libert\u00e9s et des droits fondamentaux \u2013 un \u00e9l\u00e9ment qui a toujours \u00e9t\u00e9 au centre de mes recherches et de mes pr\u00e9occupations.<\/p>\n\n\n\n<p class=\"wp-block-paragraph\">Aujourd\u2019hui, en rejoignant l\u2019UNIL comme consultante recherche, j\u2019ai le sentiment de r\u00e9unir ces diverses dimensions, en remettant l\u2019humain au centre des processus acad\u00e9miques.<\/p>\n\n\n\n<p class=\"wp-block-paragraph\"><strong>Y a-t-il des liens entre vos centres d\u2019int\u00e9r\u00eat et l\u2019UNIL ?<\/strong><\/p>\n\n\n\n<p class=\"wp-block-paragraph\">Oui, ce sont d\u2019ailleurs ces convergences qui m\u2019ont ramen\u00e9e vers le monde acad\u00e9mique apr\u00e8s plusieurs ann\u00e9es pass\u00e9es dans la coop\u00e9ration Nord-Sud. Une fois que l\u2019on a \u00e9t\u00e9 chercheur\u00b7euse, je ne pense pas que l\u2019on puisse se d\u00e9faire enti\u00e8rement de cette curiosit\u00e9 scientifique qui nous caract\u00e9rise, de ce besoin constant de comprendre, d\u2019apprendre et de questionner. Ce que l\u2019UNIL repr\u00e9sente pour moi, c\u2019est avant tout un vaste espace de production de connaissances, de formation d\u2019esprits libres et critiques, et d\u2019\u00e9mergence d\u2019id\u00e9es nouvelles susceptibles de nourrir les d\u00e9bats de soci\u00e9t\u00e9. C\u2019est pr\u00e9cis\u00e9ment sur ces points que je pense entrer en r\u00e9sonance avec les missions de l\u2019UNIL.<\/p>\n\n\n\n<p class=\"wp-block-paragraph\"><strong>Qu\u2019est-ce qui vous a motiv\u00e9e \u00e0 postuler \u00e0 la Facult\u00e9 des SSP ?<\/strong><\/p>\n\n\n\n<p class=\"wp-block-paragraph\">Tout d\u2019abord, les sciences sociales sont au c\u0153ur de mon parcours et de ma formation. Il \u00e9tait donc naturel et extr\u00eamement stimulant pour moi de rejoindre une facult\u00e9 en parfaite ad\u00e9quation avec mes propres champs de recherche et d\u2019int\u00e9r\u00eat.<\/p>\n\n\n\n<p class=\"wp-block-paragraph\">Au-del\u00e0 de cette proximit\u00e9 disciplinaire, c\u2019est l\u2019accompagnement des chercheurs\u00b7euses et la dimension humaine du poste qui m\u2019ont beaucoup attir\u00e9e. Ayant moi-m\u00eame travers\u00e9 les diff\u00e9rentes \u00e9tapes du doctorat, du postdoctorat et de l\u2019enseignement universitaire, je sais \u00e0 quel point il peut \u00eatre passionnant, mais aussi complexe de naviguer au sein du monde acad\u00e9mique. Dans ce contexte, pouvoir \u00e9changer avec quelqu\u2019un, b\u00e9n\u00e9ficier d\u2019un regard ext\u00e9rieur ou \u00eatre appuy\u00e9 dans la construction d\u2019un projet peut \u00eatre extr\u00eamement pr\u00e9cieux et faire une r\u00e9elle diff\u00e9rence. C\u2019est dans cette perspective que j\u2019avais envie de mettre mon exp\u00e9rience au service d\u2019autres chercheurs\u00b7euses et de leur carri\u00e8re.<\/p>\n\n\n\n<p class=\"wp-block-paragraph\"><strong>Quelles sont vos activit\u00e9s principales dans ce poste ?<\/strong><\/p>\n\n\n\n<p class=\"wp-block-paragraph\">Mon r\u00f4le consiste avant tout \u00e0 accompagner les chercheurs\u00b7euses de la Facult\u00e9 dans le d\u00e9veloppement de leurs projets de recherche. Cela peut concerner l\u2019identification d\u2019opportunit\u00e9s de financement, l\u2019appui \u00e0 la pr\u00e9paration de dossiers de candidature, la r\u00e9flexion autour de la m\u00e9thodologie et\/ou de la structuration temporelle d\u2019un projet, ou encore l\u2019orientation vers les ressources et interlocuteurs\u00b7trices pertinent\u00b7es. Ce que j\u2019appr\u00e9cie beaucoup dans cette fonction, c\u2019est la combinaison de plusieurs dimensions : il faut comprendre les enjeux scientifiques d\u2019un projet, ma\u00eetriser un certain nombre d\u2019informations, de contraintes et de proc\u00e9dures (administratives, budg\u00e9taires, etc.) tout en s\u2019adaptant aux besoins sp\u00e9cifiques des personnes que l\u2019on accompagne.<\/p>\n\n\n\n<p class=\"wp-block-paragraph\">Un autre aspect de mon activit\u00e9 vise \u00e0 faciliter la circulation de l\u2019information au sein de la communaut\u00e9 scientifique, et ce, en partageant des opportunit\u00e9s de financements par courriel ou <a href=\"https:\/\/wp.unil.ch\/esspace\/appels-a-projets\/\">eSSPace Recherche<\/a> et en animant des sessions d\u2019information autour des enjeux li\u00e9s au d\u00e9veloppement et temporalit\u00e9s diverses des projets de recherche (ERC, FNS, etc.).<\/p>\n\n\n\n<p class=\"wp-block-paragraph\">Mon parcours m\u2019ayant habitu\u00e9e \u00e0 n\u00e9gocier les diff\u00e9rents virages des projets de recherche, il est important pour moi que les chercheurs\u00b7euses puissent trouver, dans ma fonction, non seulement une ressource, mais aussi un espace d\u2019appui pour r\u00e9fl\u00e9chir, \u00e9changer, d\u00e9bloquer. C\u2019est ce que j\u2019esp\u00e8re apporter aux membres de la Facult\u00e9.<\/p>\n\n\n\n<p class=\"wp-block-paragraph\"><strong>Dites-nous-en un peu plus sur vous. Quels sont vos activit\u00e9s favorites ?<\/strong><\/p>\n\n\n\n<p class=\"wp-block-paragraph\">J\u2019aime apprendre et d\u00e9couvrir de nouveaux environnements, que ce soit \u00e0 travers les voyages, les rencontres, la lecture ou simplement une conversation qui m\u2019emm\u00e8ne sur un terrain inattendu. La montagne, particuli\u00e8rement, est un milieu qui m\u2019apaise et auquel je me sens appartenir. D\u00e8s lors, la randonn\u00e9e, le ski, les balades hivernales en raquettes et les moments en pleine nature accompagn\u00e9e de ma famille sont celles qui me ressourcent le plus.<\/p>\n","protected":false},"excerpt":{"rendered":"<p>Nous avons le plaisir d\u2019accueillir C\u00e9line Delmotte, qui rejoint notre Facult\u00e9 en tant que Consultante recherche, reprenant ainsi le poste pr\u00e9c\u00e9demment occup\u00e9 par Ellina Mourtazina, r\u00e9cemment nomm\u00e9e Adjointe \u00e0 la &hellip; <\/p>\n","protected":false},"author":1001335,"featured_media":0,"comment_status":"closed","ping_status":"closed","sticky":false,"template":"","format":"standard","meta":{"_seopress_titles_title":"","_seopress_titles_desc":"","_seopress_robots_index":"","_seopress_robots_follow":"","_seopress_robots_imageindex":"","_seopress_robots_snippet":"","_seopress_robots_primary_cat":"","_seopress_robots_breadcrumbs":"","_seopress_robots_freeze_modified_date":"","_seopress_robots_custom_modified_date":"","_seopress_robots_canonical":"","_seopress_social_fb_title":"","_seopress_social_fb_desc":"","_seopress_social_fb_img":"","_seopress_social_fb_img_attachment_id":0,"_seopress_social_fb_img_width":0,"_seopress_social_fb_img_height":0,"_seopress_social_twitter_title":"","_seopress_social_twitter_desc":"","_seopress_social_twitter_img":"","_seopress_social_twitter_img_attachment_id":0,"_seopress_social_twitter_img_width":0,"_seopress_social_twitter_img_height":0,"_seopress_redirections_value":"","_seopress_redirections_enabled":"","_seopress_redirections_enabled_regex":"","_seopress_redirections_logged_status":"","_seopress_redirections_param":"","_seopress_redirections_type":0,"_seopress_analysis_target_kw":"","_seopress_news_disabled":"","_seopress_video_disabled":"","_seopress_video":[],"_seopress_pro_schemas_manual":[],"_seopress_pro_rich_snippets_disable_all":"","_seopress_pro_rich_snippets_disable":[],"_seopress_pro_schemas":[],"_uag_custom_page_level_css":"","_EventAllDay":false,"_EventTimezone":"","_EventStartDate":"","_EventEndDate":"","_EventStartDateUTC":"","_EventEndDateUTC":"","_EventShowMap":false,"_EventShowMapLink":false,"_EventURL":"","_EventCost":"","_EventCostDescription":"","_EventCurrencySymbol":"","_EventCurrencyCode":"","_EventCurrencyPosition":"","_EventDateTimeSeparator":"","_EventTimeRangeSeparator":"","_EventOrganizerID":[],"_EventVenueID":[],"_OrganizerEmail":"","_OrganizerPhone":"","_OrganizerWebsite":"","_VenueAddress":"","_VenueCity":"","_VenueCountry":"","_VenueProvince":"","_VenueState":"","_VenueZip":"","_VenuePhone":"","_VenueURL":"","_VenueStateProvince":"","_VenueLat":"","_VenueLng":"","_VenueShowMap":false,"_VenueShowMapLink":false,"footnotes":""},"categories":[437],"tags":[],"class_list":["post-10821","post","type-post","status-publish","format-standard","category-portraits"],"uagb_featured_image_src":{"full":false,"thumbnail":false,"medium":false,"medium_large":false,"large":false,"1536x1536":false,"2048x2048":false,"hitmag-landscape":false,"hitmag-featured":false,"hitmag-grid":false,"hitmag-list":false,"hitmag-thumbnail":false,"gform-image-choice-sm":false,"gform-image-choice-md":false,"gform-image-choice-lg":false,"mailpoet_newsletter_max":false},"uagb_author_info":{"display_name":"Oana Barsin","author_link":"https:\/\/wp.unil.ch\/esspace\/author\/obarsin\/"},"uagb_comment_info":0,"uagb_excerpt":"Nous avons le plaisir d\u2019accueillir C\u00e9line Delmotte, qui rejoint notre Facult\u00e9 en tant que Consultante recherche, reprenant ainsi le poste pr\u00e9c\u00e9demment occup\u00e9 par Ellina Mourtazina, r\u00e9cemment nomm\u00e9e Adjointe \u00e0 la &hellip;","_links":{"self":[{"href":"https:\/\/wp.unil.ch\/esspace\/wp-json\/wp\/v2\/posts\/10821","targetHints":{"allow":["GET"]}}],"collection":[{"href":"https:\/\/wp.unil.ch\/esspace\/wp-json\/wp\/v2\/posts"}],"about":[{"href":"https:\/\/wp.unil.ch\/esspace\/wp-json\/wp\/v2\/types\/post"}],"author":[{"embeddable":true,"href":"https:\/\/wp.unil.ch\/esspace\/wp-json\/wp\/v2\/users\/1001335"}],"replies":[{"embeddable":true,"href":"https:\/\/wp.unil.ch\/esspace\/wp-json\/wp\/v2\/comments?post=10821"}],"version-history":[{"count":5,"href":"https:\/\/wp.unil.ch\/esspace\/wp-json\/wp\/v2\/posts\/10821\/revisions"}],"predecessor-version":[{"id":10901,"href":"https:\/\/wp.unil.ch\/esspace\/wp-json\/wp\/v2\/posts\/10821\/revisions\/10901"}],"wp:attachment":[{"href":"https:\/\/wp.unil.ch\/esspace\/wp-json\/wp\/v2\/media?parent=10821"}],"wp:term":[{"taxonomy":"category","embeddable":true,"href":"https:\/\/wp.unil.ch\/esspace\/wp-json\/wp\/v2\/categories?post=10821"},{"taxonomy":"post_tag","embeddable":true,"href":"https:\/\/wp.unil.ch\/esspace\/wp-json\/wp\/v2\/tags?post=10821"}],"curies":[{"name":"wp","href":"https:\/\/api.w.org\/{rel}","templated":true}]}}