{"id":10814,"date":"2026-08-27T11:47:48","date_gmt":"2026-08-27T09:47:48","guid":{"rendered":"https:\/\/wp.unil.ch\/esspace\/?p=10814"},"modified":"2026-08-28T08:45:52","modified_gmt":"2026-08-28T06:45:52","slug":"un-comite-de-suivi-de-these-pour-accompagner-les-doctorant%c2%b7es-en-ssp","status":"publish","type":"post","link":"https:\/\/wp.unil.ch\/esspace\/2026\/08\/un-comite-de-suivi-de-these-pour-accompagner-les-doctorant%c2%b7es-en-ssp\/","title":{"rendered":"Un comit\u00e9 de suivi de th\u00e8se pour accompagner les doctorant\u00b7es en SSP"},"content":{"rendered":"\n<p class=\"wp-block-paragraph\">D\u00e8s le 1er septembre 2026, la Facult\u00e9 des SSP se dote d\u2019un comit\u00e9 de suivi de th\u00e8se pour accompagner les doctorant\u00b7es tout au long de leur parcours. Cette \u00e9volution constitue le principal changement introduit par le nouveau <a href=\"https:\/\/www.unil.ch\/files\/live\/sites\/ssp\/files\/ssp\/faculte\/reglements\/reglements_facultaires\/doctorats\/rdoctoratssp_vf2026.pdf\">R\u00e8glement sur l\u2019obtention du grade de doctorat <\/a>et la <a href=\"https:\/\/www.unil.ch\/ssp\/fr\/home\/menuinst\/faculte\/reglementsdirectives\/directives.html#table_828\">Directive 4.1 relative au doctorat<\/a>. Fruit d\u2019un travail men\u00e9 par la Commission de la recherche et le D\u00e9canat, cette r\u00e9forme s\u2019aligne plus largement avec des pratiques doctorales d\u00e9j\u00e0 pr\u00e9sentes dans de nombreuses universit\u00e9s en Suisse et \u00e0 l\u2019\u00e9tranger.<\/p>\n\n\n<div class=\"wp-block-image\">\n<figure class=\"alignleft size-full\"><a href=\"https:\/\/wp.unil.ch\/esspace\/files\/2026\/01\/doctorats.jpg\"><img loading=\"lazy\" decoding=\"async\" width=\"300\" height=\"220\" src=\"https:\/\/wp.unil.ch\/esspace\/files\/2026\/01\/doctorats.jpg\" alt=\"doctorats\" class=\"wp-image-10457\" \/><\/a><figcaption class=\"wp-element-caption\">\u00a9 Kts | Dreamstime.com <\/figcaption><\/figure>\n<\/div>\n\n\n<p class=\"wp-block-paragraph\"><strong>Un espace d&rsquo;\u00e9change et de r\u00e9flexion collective<\/strong><strong><\/strong><\/p>\n\n\n\n<p class=\"wp-block-paragraph\">Le comit\u00e9 de suivi de th\u00e8se a pour mission d&rsquo;accompagner les doctorant\u00b7es tout au long de leurs parcours doctoral. Il constitue un espace d&rsquo;\u00e9change constructif entre le\u00b7la doctorant\u00b7e, la direction de th\u00e8se et un ou des expert\u00b7e (s) ext\u00e9rieur\u00b7e (s) au projet, permettant de faire r\u00e9guli\u00e8rement le point sur l&rsquo;avancement des travaux, de discuter des difficult\u00e9s \u00e9ventuelles et de pr\u00e9venir les obstacles en amont. En cela, le comit\u00e9 n\u2019est pas une instance de sanction, mais un appui suppl\u00e9mentaire et une ressource pour le conseil et le soutien. Le comit\u00e9 reprend \u00e9galement une mission jusqu\u2019ici assur\u00e9e par la Commission de la recherche de la Facult\u00e9 : l\u2019\u00e9valuation du projet de th\u00e8se.<\/p>\n\n\n\n<p class=\"wp-block-paragraph\">Le comit\u00e9 comprend au minimum trois personnes, toutes titulaires d\u2019un doctorat et actives dans la recherche : le\u00b7la directeur\u00b7trice de th\u00e8se, le cas \u00e9ch\u00e9ant le\u00b7la co-directeur\u00b7trice, ainsi qu\u2019au moins un\u00b7e expert\u00b7e interne et\/ou externe \u00e0 l\u2019Universit\u00e9 de Lausanne. Pens\u00e9 dans une logique d\u2019accompagnement dans la dur\u00e9e, le comit\u00e9 a vocation \u00e0 suivre la th\u00e8se tout au long du parcours doctoral. Sa composition peut n\u00e9anmoins \u00e9voluer en fonction de l\u2019avancement de la recherche apr\u00e8s validation par la Commission de la Recherche.<\/p>\n\n\n\n<p class=\"wp-block-paragraph\"><strong>Dispositions transitoires<\/strong><\/p>\n\n\n\n<p class=\"wp-block-paragraph\">Le nouveau r\u00e8glement s\u2019applique aux doctorant\u00b7es inscrit\u00b7es d\u00e8s le semestre d\u2019automne 2026-2027, qui devront constituer un comit\u00e9 de suivi de th\u00e8se. Pour les doctorant\u00b7es d\u00e9j\u00e0 inscrit\u00b7es, des mesures transitoires sont pr\u00e9vues et les modalit\u00e9s diff\u00e8rent selon l\u2019avancement du parcours: celles et ceux dont le colloque a d\u00e9j\u00e0 eu lieu restent soumis\u00b7es \u00e0 l\u2019ancien r\u00e8glement. Pour celles et ceux dont le colloque n\u2019a pas encore eu lieu, un choix est possible, en accord avec leur direction de th\u00e8se, entre l\u2019ancien et le nouveau r\u00e8glement. Ce choix devra \u00eatre communiqu\u00e9 au secr\u00e9tariat des postgrades au plus tard \u00e0 la fin du semestre d\u2019automne 2026-2027, pour le 31 janvier 2026. Le D\u00e9canat SSP encourage vivement les doctorant\u00b7es inscrit\u00b7es depuis 1 ou 2 ans \u00e0 mettre en place un comit\u00e9 de suivi de th\u00e8se.<\/p>\n\n\n\n<p class=\"wp-block-paragraph\">Pour les doctorant\u00b7es sous contrat (ex assistant\u00b7es-doctorant\u00b7es, doctorant\u00b7es FNS, etc.) nous vous rappelons que l\u2019engagement sous contrat et l\u2019inscription en doctorat sont deux d\u00e9marches distinctes qu\u2019il est important d\u2019effectuer simultan\u00e9ment et ce d\u00e8s le d\u00e9but de votre parcours doctoral. Cela afin de garantir le respect des d\u00e9lais pour la composition du comit\u00e9 de suivi de th\u00e8se et du rendu du projet de th\u00e8se.<\/p>\n\n\n\n<p class=\"wp-block-paragraph\">Nous vous invitons \u00e0 prendre connaissance attentivement des documents r\u00e9glementaires pr\u00e9cisant les modalit\u00e9s du nouveau dispositif.<\/p>\n\n\n\n<ul class=\"wp-block-list\">\n<li><a href=\"https:\/\/www.unil.ch\/files\/live\/sites\/ssp\/files\/ssp\/faculte\/reglements\/reglements_facultaires\/doctorats\/rdoctoratssp_vf2026.pdf\">R\u00e8glement sur l\u2019obtention du grade de doctorat au sein de la Facult\u00e9 des sciences sociales et politiques<\/a><\/li>\n\n\n\n<li><a href=\"https:\/\/www.unil.ch\/files\/live\/sites\/ssp\/files\/ssp\/faculte\/reglements\/directives\/4_1_doctorats_ssp_2026.pdf\">Directive du D\u00e9canat SSP 4.1- Le doctorat au sein de la Facult\u00e9 des SSP<\/a><\/li>\n<\/ul>\n\n\n\n<p class=\"wp-block-paragraph\"><em>Dr. Ellina Mourtazina, Adjointe Recherche SSP<\/em><\/p>\n\n\n\n<p class=\"wp-block-paragraph\"><\/p>\n","protected":false},"excerpt":{"rendered":"<p>D\u00e8s le 1er septembre 2026, la Facult\u00e9 des SSP se dote d\u2019un comit\u00e9 de suivi de th\u00e8se pour accompagner les doctorant\u00b7es tout au long de leur parcours. Cette \u00e9volution constitue &hellip; <\/p>\n","protected":false},"author":1001335,"featured_media":0,"comment_status":"closed","ping_status":"closed","sticky":false,"template":"","format":"standard","meta":{"_seopress_titles_title":"","_seopress_titles_desc":"","_seopress_robots_index":"","_seopress_robots_follow":"","_seopress_robots_imageindex":"","_seopress_robots_snippet":"","_seopress_robots_primary_cat":"","_seopress_robots_breadcrumbs":"","_seopress_robots_freeze_modified_date":"","_seopress_robots_custom_modified_date":"","_seopress_robots_canonical":"","_seopress_social_fb_title":"","_seopress_social_fb_desc":"","_seopress_social_fb_img":"","_seopress_social_fb_img_attachment_id":0,"_seopress_social_fb_img_width":0,"_seopress_social_fb_img_height":0,"_seopress_social_twitter_title":"","_seopress_social_twitter_desc":"","_seopress_social_twitter_img":"","_seopress_social_twitter_img_attachment_id":0,"_seopress_social_twitter_img_width":0,"_seopress_social_twitter_img_height":0,"_seopress_redirections_value":"","_seopress_redirections_enabled":"","_seopress_redirections_enabled_regex":"","_seopress_redirections_logged_status":"","_seopress_redirections_param":"","_seopress_redirections_type":0,"_seopress_analysis_target_kw":"","_seopress_news_disabled":"","_seopress_video_disabled":"","_seopress_video":[],"_seopress_pro_schemas_manual":[],"_seopress_pro_rich_snippets_disable_all":"","_seopress_pro_rich_snippets_disable":[],"_seopress_pro_schemas":[],"_uag_custom_page_level_css":"","_EventAllDay":false,"_EventTimezone":"","_EventStartDate":"","_EventEndDate":"","_EventStartDateUTC":"","_EventEndDateUTC":"","_EventShowMap":false,"_EventShowMapLink":false,"_EventURL":"","_EventCost":"","_EventCostDescription":"","_EventCurrencySymbol":"","_EventCurrencyCode":"","_EventCurrencyPosition":"","_EventDateTimeSeparator":"","_EventTimeRangeSeparator":"","_EventOrganizerID":[],"_EventVenueID":[],"_OrganizerEmail":"","_OrganizerPhone":"","_OrganizerWebsite":"","_VenueAddress":"","_VenueCity":"","_VenueCountry":"","_VenueProvince":"","_VenueState":"","_VenueZip":"","_VenuePhone":"","_VenueURL":"","_VenueStateProvince":"","_VenueLat":"","_VenueLng":"","_VenueShowMap":false,"_VenueShowMapLink":false,"footnotes":""},"categories":[9912],"tags":[],"class_list":["post-10814","post","type-post","status-publish","format-standard","category-politique-de-la-recherche"],"uagb_featured_image_src":{"full":false,"thumbnail":false,"medium":false,"medium_large":false,"large":false,"1536x1536":false,"2048x2048":false,"hitmag-landscape":false,"hitmag-featured":false,"hitmag-grid":false,"hitmag-list":false,"hitmag-thumbnail":false,"gform-image-choice-sm":false,"gform-image-choice-md":false,"gform-image-choice-lg":false,"mailpoet_newsletter_max":false},"uagb_author_info":{"display_name":"Oana Barsin","author_link":"https:\/\/wp.unil.ch\/esspace\/author\/obarsin\/"},"uagb_comment_info":0,"uagb_excerpt":"D\u00e8s le 1er septembre 2026, la Facult\u00e9 des SSP se dote d\u2019un comit\u00e9 de suivi de th\u00e8se pour accompagner les doctorant\u00b7es tout au long de leur parcours. Cette \u00e9volution constitue &hellip;","_links":{"self":[{"href":"https:\/\/wp.unil.ch\/esspace\/wp-json\/wp\/v2\/posts\/10814","targetHints":{"allow":["GET"]}}],"collection":[{"href":"https:\/\/wp.unil.ch\/esspace\/wp-json\/wp\/v2\/posts"}],"about":[{"href":"https:\/\/wp.unil.ch\/esspace\/wp-json\/wp\/v2\/types\/post"}],"author":[{"embeddable":true,"href":"https:\/\/wp.unil.ch\/esspace\/wp-json\/wp\/v2\/users\/1001335"}],"replies":[{"embeddable":true,"href":"https:\/\/wp.unil.ch\/esspace\/wp-json\/wp\/v2\/comments?post=10814"}],"version-history":[{"count":2,"href":"https:\/\/wp.unil.ch\/esspace\/wp-json\/wp\/v2\/posts\/10814\/revisions"}],"predecessor-version":[{"id":10879,"href":"https:\/\/wp.unil.ch\/esspace\/wp-json\/wp\/v2\/posts\/10814\/revisions\/10879"}],"wp:attachment":[{"href":"https:\/\/wp.unil.ch\/esspace\/wp-json\/wp\/v2\/media?parent=10814"}],"wp:term":[{"taxonomy":"category","embeddable":true,"href":"https:\/\/wp.unil.ch\/esspace\/wp-json\/wp\/v2\/categories?post=10814"},{"taxonomy":"post_tag","embeddable":true,"href":"https:\/\/wp.unil.ch\/esspace\/wp-json\/wp\/v2\/tags?post=10814"}],"curies":[{"name":"wp","href":"https:\/\/api.w.org\/{rel}","templated":true}]}}