{"id":10801,"date":"2026-08-27T09:33:43","date_gmt":"2026-08-27T07:33:43","guid":{"rendered":"https:\/\/wp.unil.ch\/esspace\/?p=10801"},"modified":"2026-08-27T09:33:44","modified_gmt":"2026-08-27T07:33:44","slug":"andre-borges","status":"publish","type":"post","link":"https:\/\/wp.unil.ch\/esspace\/2026\/08\/andre-borges\/","title":{"rendered":"Andr\u00e9 Borges"},"content":{"rendered":"\n<p class=\"wp-block-paragraph\"><strong>Carri\u00e8res marqu\u00e9es par la pr\u00e9carit\u00e9 et la vuln\u00e9rabilit\u00e9: \u00e9tudes sur les travailleuses\u00b7eurs du nettoyage domestique r\u00e9mun\u00e9r\u00e9 en Suisse<\/strong><\/p>\n\n\n\n<!--more-->\n\n\n\n<p class=\"wp-block-paragraph\">Apr\u00e8s l&rsquo;obtention d&rsquo;un master en psychologie du conseil de l&rsquo;orientation \u00e0 l&rsquo;Universit\u00e9 de Lausanne, Andr\u00e9 Borges a r\u00e9alis\u00e9 une th\u00e8se sous la supervision du Prof. Koorosh Massoudi (Institut de Psychologie). Il a soutenu sa th\u00e8se le 17 juin 2026 sur le travail pr\u00e9caire et les exp\u00e9riences de travailleuses\u00b7eurs du nettoyage domestique r\u00e9mun\u00e9r\u00e9 en Suisse. Andr\u00e9 Borges s&rsquo;est \u00e9galement investi dans l&rsquo;accompagnement en orientation au Service des consultations et dans diff\u00e9rents projets associatifs favorisant l&rsquo;acc\u00e8s \u00e0 de meilleures opportunit\u00e9s professionnelles. En novembre 2026, Andr\u00e9 conduira un projet de recherche sur la pr\u00e9carit\u00e9 professionnelle avec le Prof. Tristram Hooley de l&rsquo;Universit\u00e9 de Derby dans le cadre d&rsquo;un SNSF Postdoc.Mobility.<\/p>\n\n\n\n<p class=\"wp-block-paragraph\">Cette th\u00e8se s&rsquo;est int\u00e9ress\u00e9e \u00e0 la mani\u00e8re dont les travailleuses\u00b7eurs du nettoyage domestique r\u00e9mun\u00e9r\u00e9 vivent la pr\u00e9carit\u00e9 de leur emploi et \u00e0 la fa\u00e7on dont ces personnes y font face, ainsi qu&rsquo;\u00e0 la vuln\u00e9rabilit\u00e9 qui en d\u00e9coule, \u00e0 travers leurs choix et strat\u00e9gies de carri\u00e8re. Dans le cadre de ce projet, nous avons notamment rencontr\u00e9 pr\u00e8s de 30 travailleuses\u00b7eurs en Suisse au moyen d\u2019entretiens semi-structur\u00e9s et de discussions de groupe. L\u2019analyse a \u00e9t\u00e9 men\u00e9e \u00e0 l\u2019aide de m\u00e9thodes de recherche qualitatives consensuelles et d\u2019analyse th\u00e9matique r\u00e9flexive.<\/p>\n\n\n\n<p class=\"wp-block-paragraph\">Les r\u00e9sultats mettent en \u00e9vidence deux contributions transversales. Premi\u00e8rement, ils r\u00e9v\u00e8lent l\u2019existence de pi\u00e8ges de pr\u00e9carit\u00e9, dans lesquels des contraintes persistantes et des conditions d\u2019emploi instables limitent la capacit\u00e9 des travailleuses\u00b7eurs \u00e0 surmonter leurs difficult\u00e9s. Ainsi, au-del\u00e0 de conditions de travail difficiles et de leurs cons\u00e9quences pr\u00e9occupantes sur le bien-\u00eatre \u00e0 court terme, l\u2019exercice d\u2019un emploi pr\u00e9caire semble enfermer les travailleuses\u00b7eurs dans des situations de pr\u00e9carit\u00e9 durables, compromettant leur capacit\u00e9 \u00e0 satisfaire des besoins fondamentaux tout au long de leur parcours de vie.<\/p>\n\n\n\n<p class=\"wp-block-paragraph\">Deuxi\u00e8mement, nos travaux soulignent le r\u00f4le essentiel de l\u2019orientation scolaire et professionnelle pour aider ces travailleuses\u00b7eurs \u00e0 r\u00e9fl\u00e9chir \u00e0 leur carri\u00e8re, \u00e0 hi\u00e9rarchiser les difficult\u00e9s rencontr\u00e9es, \u00e0 identifier les r\u00e9seaux de soutien, \u00e0 se d\u00e9culpabiliser face aux multiples formes d\u2019oppression et \u00e0 plaider en faveur d\u2019une meilleure protection de leurs droits. Toutefois, ce r\u00f4le de soutien n\u00e9cessite de repenser les pratiques d\u2019orientation afin de tenir compte des effets sp\u00e9cifiques de la pr\u00e9carit\u00e9 sur les trajectoires professionnelles et personnelles.<\/p>\n\n\n\n<p class=\"wp-block-paragraph\">Enfin, nos travaux mettent en lumi\u00e8re la n\u00e9cessit\u00e9 d\u2019une l\u00e9gislation ambitieuse dans le secteur du travail domestique r\u00e9mun\u00e9r\u00e9 en Suisse ainsi que d\u2019une application plus rigoureuse de celle-ci, gr\u00e2ce \u00e0 des dispositifs de surveillance et de m\u00e9diation renforc\u00e9s. Les institutions et les praticien\u00b7nes de l\u2019orientation peuvent \u00e9galement contribuer \u00e0 r\u00e9duire les obstacles structurels en am\u00e9liorant les syst\u00e8mes de soutien et en adaptant leurs interventions. De leur c\u00f4t\u00e9, les travailleuses\u00b7eurs peuvent favoriser leur d\u00e9veloppement de carri\u00e8re en recourant \u00e0 ces services, en consolidant leurs ressources personnelles et sociales et en approfondissant leurs connaissances de leurs droits et des cadres l\u00e9gaux qui les prot\u00e8gent.<\/p>\n","protected":false},"excerpt":{"rendered":"<p>Carri\u00e8res marqu\u00e9es par la pr\u00e9carit\u00e9 et la vuln\u00e9rabilit\u00e9: \u00e9tudes sur les travailleuses\u00b7eurs du nettoyage domestique r\u00e9mun\u00e9r\u00e9 en Suisse<\/p>\n","protected":false},"author":163,"featured_media":0,"comment_status":"closed","ping_status":"closed","sticky":false,"template":"","format":"standard","meta":{"_seopress_titles_title":"","_seopress_titles_desc":"","_seopress_robots_index":"","_seopress_robots_follow":"","_seopress_robots_imageindex":"","_seopress_robots_snippet":"","_seopress_robots_primary_cat":"","_seopress_robots_breadcrumbs":"","_seopress_robots_freeze_modified_date":"","_seopress_robots_custom_modified_date":"","_seopress_robots_canonical":"","_seopress_social_fb_title":"","_seopress_social_fb_desc":"","_seopress_social_fb_img":"","_seopress_social_fb_img_attachment_id":0,"_seopress_social_fb_img_width":0,"_seopress_social_fb_img_height":0,"_seopress_social_twitter_title":"","_seopress_social_twitter_desc":"","_seopress_social_twitter_img":"","_seopress_social_twitter_img_attachment_id":0,"_seopress_social_twitter_img_width":0,"_seopress_social_twitter_img_height":0,"_seopress_redirections_value":"","_seopress_redirections_enabled":"","_seopress_redirections_enabled_regex":"","_seopress_redirections_logged_status":"","_seopress_redirections_param":"","_seopress_redirections_type":0,"_seopress_analysis_target_kw":"","_seopress_news_disabled":"","_seopress_video_disabled":"","_seopress_video":[],"_seopress_pro_schemas_manual":[],"_seopress_pro_rich_snippets_disable_all":"","_seopress_pro_rich_snippets_disable":[],"_seopress_pro_schemas":[],"_uag_custom_page_level_css":"","_EventAllDay":false,"_EventTimezone":"","_EventStartDate":"","_EventEndDate":"","_EventStartDateUTC":"","_EventEndDateUTC":"","_EventShowMap":false,"_EventShowMapLink":false,"_EventURL":"","_EventCost":"","_EventCostDescription":"","_EventCurrencySymbol":"","_EventCurrencyCode":"","_EventCurrencyPosition":"","_EventDateTimeSeparator":"","_EventTimeRangeSeparator":"","_EventOrganizerID":[],"_EventVenueID":[],"_OrganizerEmail":"","_OrganizerPhone":"","_OrganizerWebsite":"","_VenueAddress":"","_VenueCity":"","_VenueCountry":"","_VenueProvince":"","_VenueState":"","_VenueZip":"","_VenuePhone":"","_VenueURL":"","_VenueStateProvince":"","_VenueLat":"","_VenueLng":"","_VenueShowMap":false,"_VenueShowMapLink":false,"footnotes":""},"categories":[19451],"tags":[],"class_list":["post-10801","post","type-post","status-publish","format-standard","category-theses"],"uagb_featured_image_src":{"full":false,"thumbnail":false,"medium":false,"medium_large":false,"large":false,"1536x1536":false,"2048x2048":false,"hitmag-landscape":false,"hitmag-featured":false,"hitmag-grid":false,"hitmag-list":false,"hitmag-thumbnail":false,"gform-image-choice-sm":false,"gform-image-choice-md":false,"gform-image-choice-lg":false,"mailpoet_newsletter_max":false},"uagb_author_info":{"display_name":"sschlat1","author_link":"https:\/\/wp.unil.ch\/esspace\/author\/sschlat1\/"},"uagb_comment_info":0,"uagb_excerpt":"Carri\u00e8res marqu\u00e9es par la pr\u00e9carit\u00e9 et la vuln\u00e9rabilit\u00e9: \u00e9tudes sur les travailleuses\u00b7eurs du nettoyage domestique r\u00e9mun\u00e9r\u00e9 en Suisse","_links":{"self":[{"href":"https:\/\/wp.unil.ch\/esspace\/wp-json\/wp\/v2\/posts\/10801","targetHints":{"allow":["GET"]}}],"collection":[{"href":"https:\/\/wp.unil.ch\/esspace\/wp-json\/wp\/v2\/posts"}],"about":[{"href":"https:\/\/wp.unil.ch\/esspace\/wp-json\/wp\/v2\/types\/post"}],"author":[{"embeddable":true,"href":"https:\/\/wp.unil.ch\/esspace\/wp-json\/wp\/v2\/users\/163"}],"replies":[{"embeddable":true,"href":"https:\/\/wp.unil.ch\/esspace\/wp-json\/wp\/v2\/comments?post=10801"}],"version-history":[{"count":1,"href":"https:\/\/wp.unil.ch\/esspace\/wp-json\/wp\/v2\/posts\/10801\/revisions"}],"predecessor-version":[{"id":10802,"href":"https:\/\/wp.unil.ch\/esspace\/wp-json\/wp\/v2\/posts\/10801\/revisions\/10802"}],"wp:attachment":[{"href":"https:\/\/wp.unil.ch\/esspace\/wp-json\/wp\/v2\/media?parent=10801"}],"wp:term":[{"taxonomy":"category","embeddable":true,"href":"https:\/\/wp.unil.ch\/esspace\/wp-json\/wp\/v2\/categories?post=10801"},{"taxonomy":"post_tag","embeddable":true,"href":"https:\/\/wp.unil.ch\/esspace\/wp-json\/wp\/v2\/tags?post=10801"}],"curies":[{"name":"wp","href":"https:\/\/api.w.org\/{rel}","templated":true}]}}