{"id":10799,"date":"2026-08-27T09:31:26","date_gmt":"2026-08-27T07:31:26","guid":{"rendered":"https:\/\/wp.unil.ch\/esspace\/?p=10799"},"modified":"2026-08-27T09:31:27","modified_gmt":"2026-08-27T07:31:27","slug":"lauriane-cailleux-2","status":"publish","type":"post","link":"https:\/\/wp.unil.ch\/esspace\/2026\/08\/lauriane-cailleux-2\/","title":{"rendered":"Lauriane Cailleux"},"content":{"rendered":"\n<p class=\"wp-block-paragraph\"><strong>Qui gouverne les usages du sol ? Le r\u00f4le politique des organisations environnementales<\/strong><\/p>\n\n\n\n<!--more-->\n\n\n\n<p class=\"wp-block-paragraph\"><em>Apr\u00e8s un Bachelor en relations internationales \u00e0 l\u2019Universit\u00e9 de Gen\u00e8ve, puis un Master en administration publique, Lauriane Cailleux a poursuivi un doctorat en science politique \u00e0 l\u2019UNIL, enrichi par des exp\u00e9riences de recherche \u00e0 l\u2019international, notamment en Australie. Politologue et chercheuse \u00e0 l\u2019Universit\u00e9 de Lausanne, o\u00f9 elle \u00e9tudie les politiques publiques et les dynamiques de gouvernance environnemental, Lauriane Cailleux a soutenu sa th\u00e8se intitul\u00e9e le vendredi 26 juin 2026, sous la supervision du Professeur Martino Maggetti (Institut d\u2019\u00e9tudes politiques).<\/em><\/p>\n\n\n\n<p class=\"wp-block-paragraph\">Face aux d\u00e9fis du changement climatique, de l\u2019urbanisation et de l\u2019\u00e9rosion de la biodiversit\u00e9, le foncier est devenu une ressource strat\u00e9gique au c\u0153ur de nombreux conflits d\u2019usage. Si les politiques fonci\u00e8res rel\u00e8vent traditionnellement de l\u2019\u00c9tat, les organisations environnementales jouent aujourd\u2019hui un r\u00f4le croissant dans leur \u00e9laboration et leur mise en oeuvre. Au-del\u00e0 du plaidoyer, elles acqui\u00e8rent des terrains, participent \u00e0 la mise en \u0153uvre des politiques publiques et mobilisent le droit pour influencer les d\u00e9cisions d\u2019am\u00e9nagement du territoire.<\/p>\n\n\n\n<p class=\"wp-block-paragraph\">Cette th\u00e8se examine comment ces organisations influencent les politiques fonci\u00e8res et contribuent \u00e0 transformer leur gouvernance. Elle repose sur un dispositif comparatif entre la Suisse et l\u2019Australie, centr\u00e9 sur Pro Natura et The Nature Conservancy et combinant plusieurs m\u00e9thodes (entretiens semi-directifs, analyse documentaire, process tracing et analyses quantitatives des recours en justice) afin de saisir les diff\u00e9rentes formes d\u2019influence exerc\u00e9es par ces organisations.<\/p>\n\n\n\n<p class=\"wp-block-paragraph\">Les r\u00e9sultats montrent que l\u2019acquisition de terrains ne constitue pas seulement un outil de conservation de la nature, mais \u00e9galement une strat\u00e9gie politique. En devenant propri\u00e9taires fonciers, ces organisations acqui\u00e8rent de nouvelles capacit\u00e9s d\u2019action et interviennent \u00e0 la fois comme groupes d\u2019int\u00e9r\u00eat, partenaires des autorit\u00e9s publiques et acteurs de la r\u00e9gulation.<\/p>\n\n\n\n<p class=\"wp-block-paragraph\">Cette recherche met ainsi en \u00e9vidence l\u2019\u00e9mergence de formes hybrides de gouvernance et ouvre une r\u00e9flexion sur les enjeux de l\u00e9gitimit\u00e9, de transparence et de responsabilit\u00e9 d\u00e9mocratique li\u00e9s \u00e0 l\u2019influence croissante d\u2019acteurs non \u00e9tatiques.<\/p>\n","protected":false},"excerpt":{"rendered":"<p>Qui gouverne les usages du sol ? Le r\u00f4le politique des organisations environnementales<\/p>\n","protected":false},"author":163,"featured_media":0,"comment_status":"closed","ping_status":"closed","sticky":false,"template":"","format":"standard","meta":{"_seopress_titles_title":"","_seopress_titles_desc":"","_seopress_robots_index":"","_seopress_robots_follow":"","_seopress_robots_imageindex":"","_seopress_robots_snippet":"","_seopress_robots_primary_cat":"","_seopress_robots_breadcrumbs":"","_seopress_robots_freeze_modified_date":"","_seopress_robots_custom_modified_date":"","_seopress_robots_canonical":"","_seopress_social_fb_title":"","_seopress_social_fb_desc":"","_seopress_social_fb_img":"","_seopress_social_fb_img_attachment_id":0,"_seopress_social_fb_img_width":0,"_seopress_social_fb_img_height":0,"_seopress_social_twitter_title":"","_seopress_social_twitter_desc":"","_seopress_social_twitter_img":"","_seopress_social_twitter_img_attachment_id":0,"_seopress_social_twitter_img_width":0,"_seopress_social_twitter_img_height":0,"_seopress_redirections_value":"","_seopress_redirections_enabled":"","_seopress_redirections_enabled_regex":"","_seopress_redirections_logged_status":"","_seopress_redirections_param":"","_seopress_redirections_type":0,"_seopress_analysis_target_kw":"","_seopress_news_disabled":"","_seopress_video_disabled":"","_seopress_video":[],"_seopress_pro_schemas_manual":[],"_seopress_pro_rich_snippets_disable_all":"","_seopress_pro_rich_snippets_disable":[],"_seopress_pro_schemas":[],"_uag_custom_page_level_css":"","_EventAllDay":false,"_EventTimezone":"","_EventStartDate":"","_EventEndDate":"","_EventStartDateUTC":"","_EventEndDateUTC":"","_EventShowMap":false,"_EventShowMapLink":false,"_EventURL":"","_EventCost":"","_EventCostDescription":"","_EventCurrencySymbol":"","_EventCurrencyCode":"","_EventCurrencyPosition":"","_EventDateTimeSeparator":"","_EventTimeRangeSeparator":"","_EventOrganizerID":[],"_EventVenueID":[],"_OrganizerEmail":"","_OrganizerPhone":"","_OrganizerWebsite":"","_VenueAddress":"","_VenueCity":"","_VenueCountry":"","_VenueProvince":"","_VenueState":"","_VenueZip":"","_VenuePhone":"","_VenueURL":"","_VenueStateProvince":"","_VenueLat":"","_VenueLng":"","_VenueShowMap":false,"_VenueShowMapLink":false,"footnotes":""},"categories":[19451],"tags":[],"class_list":["post-10799","post","type-post","status-publish","format-standard","category-theses"],"uagb_featured_image_src":{"full":false,"thumbnail":false,"medium":false,"medium_large":false,"large":false,"1536x1536":false,"2048x2048":false,"hitmag-landscape":false,"hitmag-featured":false,"hitmag-grid":false,"hitmag-list":false,"hitmag-thumbnail":false,"gform-image-choice-sm":false,"gform-image-choice-md":false,"gform-image-choice-lg":false,"mailpoet_newsletter_max":false},"uagb_author_info":{"display_name":"sschlat1","author_link":"https:\/\/wp.unil.ch\/esspace\/author\/sschlat1\/"},"uagb_comment_info":0,"uagb_excerpt":"Qui gouverne les usages du sol ? Le r\u00f4le politique des organisations environnementales","_links":{"self":[{"href":"https:\/\/wp.unil.ch\/esspace\/wp-json\/wp\/v2\/posts\/10799","targetHints":{"allow":["GET"]}}],"collection":[{"href":"https:\/\/wp.unil.ch\/esspace\/wp-json\/wp\/v2\/posts"}],"about":[{"href":"https:\/\/wp.unil.ch\/esspace\/wp-json\/wp\/v2\/types\/post"}],"author":[{"embeddable":true,"href":"https:\/\/wp.unil.ch\/esspace\/wp-json\/wp\/v2\/users\/163"}],"replies":[{"embeddable":true,"href":"https:\/\/wp.unil.ch\/esspace\/wp-json\/wp\/v2\/comments?post=10799"}],"version-history":[{"count":1,"href":"https:\/\/wp.unil.ch\/esspace\/wp-json\/wp\/v2\/posts\/10799\/revisions"}],"predecessor-version":[{"id":10800,"href":"https:\/\/wp.unil.ch\/esspace\/wp-json\/wp\/v2\/posts\/10799\/revisions\/10800"}],"wp:attachment":[{"href":"https:\/\/wp.unil.ch\/esspace\/wp-json\/wp\/v2\/media?parent=10799"}],"wp:term":[{"taxonomy":"category","embeddable":true,"href":"https:\/\/wp.unil.ch\/esspace\/wp-json\/wp\/v2\/categories?post=10799"},{"taxonomy":"post_tag","embeddable":true,"href":"https:\/\/wp.unil.ch\/esspace\/wp-json\/wp\/v2\/tags?post=10799"}],"curies":[{"name":"wp","href":"https:\/\/api.w.org\/{rel}","templated":true}]}}