{"id":10793,"date":"2026-08-27T09:25:22","date_gmt":"2026-08-27T07:25:22","guid":{"rendered":"https:\/\/wp.unil.ch\/esspace\/?p=10793"},"modified":"2026-08-27T09:25:23","modified_gmt":"2026-08-27T07:25:23","slug":"vanessa-juarez-bernaldez","status":"publish","type":"post","link":"https:\/\/wp.unil.ch\/esspace\/2026\/08\/vanessa-juarez-bernaldez\/","title":{"rendered":"Vanessa Juarez Bernaldez"},"content":{"rendered":"\n<p class=\"wp-block-paragraph\"><strong>Just Another Brick in the Wall? A Status-Based Multi-Method Approach to Youth Political (Dis)Engagement<\/strong><\/p>\n\n\n\n<!--more-->\n\n\n\n<p class=\"wp-block-paragraph\"><em>Apr\u00e8s un Bachelor en science politique et un Master en sciences sociales \u00e0 l&rsquo;Universit\u00e9 de Lausanne, Vanessa Juarez Bernaldez a r\u00e9alis\u00e9 une th\u00e8se de doctorat en psychologie sociale sous la direction du Prof. Christian Staerkl\u00e9 (Institut de psychologie, UNIL). Soutenue en f\u00e9vrier 2026, sa recherche s&rsquo;int\u00e9resse aux liens entre in\u00e9galit\u00e9s sociales, reconnaissance et engagement politique des jeunes. \u00c0 travers une approche combinant m\u00e9thodes qualitatives, quantitatives et participatives, elle examine la mani\u00e8re dont les jeunes construisent leur rapport au politique et les conditions favorisant leur engagement.<\/em><\/p>\n\n\n\n<p class=\"wp-block-paragraph\">Les jeunes sont souvent pr\u00e9sent\u00e9s dans les m\u00e9dias et les discours politiques comme d\u00e9sint\u00e9ress\u00e9s par la politique conventionnelle et davantage attir\u00e9s par des formes de participation qui se d\u00e9roulent en dehors des institutions politiques traditionnelles. Pourtant, les recherches montrent r\u00e9guli\u00e8rement que nombre d\u2019entre eux se pr\u00e9occupent des enjeux collectifs et d\u00e9veloppent diff\u00e9rentes formes d\u2019engagement. Cette apparente contradiction invite \u00e0 repenser la mani\u00e8re dont nous comprenons le rapport des jeunes \u00e0 la politique.<\/p>\n\n\n\n<p class=\"wp-block-paragraph\">Cette th\u00e8se propose d&rsquo;aborder cette question \u00e0 partir d&rsquo;une perspective de psychologie sociale soci\u00e9tale. Plus pr\u00e9cis\u00e9ment, elle examine comment les jeunes construisent et n\u00e9gocient les repr\u00e9sentations sociales du \u00ab politique \u00bb dans un contexte marqu\u00e9 par les in\u00e9galit\u00e9s sociales et \u00e9ducatives. Elle s&rsquo;int\u00e9resse en particulier \u00e0 la mani\u00e8re dont les positions sociales et \u00e9ducatives fa\u00e7onnent le sentiment d&rsquo;\u00eatre reconnu mais aussi de se reconna\u00eetre soi-m\u00eame comme un acteur ou une actrice politique l\u00e9gitime. L&rsquo;hypoth\u00e8se g\u00e9n\u00e9rale est que le d\u00e9sengagement politique ne peut \u00eatre compris uniquement comme un d\u00e9ficit individuel de connaissances ou de comp\u00e9tences, mais qu&rsquo;il est \u00e9galement le produit de rapports sociaux, de m\u00e9canismes de reconnaissance et de sentiments de l\u00e9gitimit\u00e9 \u00e0 participer aux processus politiques.<\/p>\n\n\n\n<p class=\"wp-block-paragraph\">Pour explorer cette question, la recherche mobilise une approche multi-m\u00e9thodes associant \u00e9tudes qualitatives, quantitatives et participatives aupr\u00e8s de jeunes en formation professionnelle en Suisse romande. Cette combinaison m\u00e9thodologique permet d&rsquo;appr\u00e9hender simultan\u00e9ment les significations que les jeunes attribuent \u00e0 la politique, les m\u00e9canismes psychologiques qui sous-tendent leur engagement et les contextes sociaux dans lesquels celui-ci se construit.<\/p>\n\n\n\n<p class=\"wp-block-paragraph\">Les travaux mettent en \u00e9vidence l&rsquo;importance des repr\u00e9sentations sociales du politique. Pour une partie des participant\u00b7es, la politique appara\u00eet comme un univers \u00e9loign\u00e9, r\u00e9serv\u00e9 \u00e0 certaines cat\u00e9gories de citoyen\u00b7nes disposant des ressources et des comp\u00e9tences reconnues comme l\u00e9gitimes. Ces repr\u00e9sentations nourrissent le sentiment que la politique n&rsquo;est pas pour des jeunes \u00ab comme eux \u00bb, limitant \u00e0 la fois leur perception de leur capacit\u00e9 \u00e0 avoir un impact sur les d\u00e9cisions politiques et la place qu&rsquo;elles et ils s&rsquo;autorisent \u00e0 occuper dans l&rsquo;espace public. Elles montrent ainsi que les in\u00e9galit\u00e9s de participation sont aussi li\u00e9es \u00e0 des rapports de statut et \u00e0 des exp\u00e9riences diff\u00e9renci\u00e9es de reconnaissance et de l\u00e9gitimit\u00e9 politique.<\/p>\n\n\n\n<p class=\"wp-block-paragraph\">La th\u00e8se s&rsquo;int\u00e9resse \u00e9galement aux moyens de renforcer l&rsquo;engagement politique des jeunes. Dans cette perspective, une intervention participative fond\u00e9e sur une simulation politique de type jeu de r\u00f4le a \u00e9t\u00e9 d\u00e9velopp\u00e9e et \u00e9valu\u00e9e. Cette activit\u00e9 invite les participant\u00b7es \u00e0 se mettre dans la peau de politicien\u00b7nes confront\u00e9\u00b7es \u00e0 des enjeux de d\u00e9cision collective. Fond\u00e9e sur une approche exp\u00e9rientielle, dans laquelle les participant\u00b7es sont activement impliqu\u00e9\u00b7es dans le processus d\u2019apprentissage, elle leur permet d\u2019exp\u00e9rimenter concr\u00e8tement les m\u00e9canismes de la d\u00e9lib\u00e9ration d\u00e9mocratique. Les r\u00e9sultats montrent que cette exp\u00e9rience contribue \u00e0 renforcer le sentiment de comp\u00e9tence politique, favorise la prise de perspective, et stimule la participation aux d\u00e9bats.<\/p>\n\n\n\n<p class=\"wp-block-paragraph\">En conclusion, la th\u00e8se montre que comprendre le rapport des jeunes \u00e0 la politique n\u00e9cessite de d\u00e9passer les explications centr\u00e9es sur les d\u00e9ficits individuels. L&rsquo;engagement comme le d\u00e9sengagement prennent sens dans des contextes sociaux o\u00f9 se jouent la reconnaissance, la l\u00e9gitimit\u00e9 et l&rsquo;appartenance. Favoriser la participation politique des jeunes suppose d\u00e8s lors non seulement de d\u00e9velopper leurs connaissances et leurs comp\u00e9tences, mais aussi de cr\u00e9er des espaces dans lesquels elles et ils peuvent se reconna\u00eetre et \u00eatre reconnu\u00b7es comme des acteurs et actrices politiques l\u00e9gitimes.<\/p>\n","protected":false},"excerpt":{"rendered":"<p>Just Another Brick in the Wall? A Status-Based Multi-Method Approach to Youth Political (Dis)Engagement<\/p>\n","protected":false},"author":163,"featured_media":0,"comment_status":"closed","ping_status":"closed","sticky":false,"template":"","format":"standard","meta":{"_seopress_titles_title":"","_seopress_titles_desc":"","_seopress_robots_index":"","_seopress_robots_follow":"","_seopress_robots_imageindex":"","_seopress_robots_snippet":"","_seopress_robots_primary_cat":"","_seopress_robots_breadcrumbs":"","_seopress_robots_freeze_modified_date":"","_seopress_robots_custom_modified_date":"","_seopress_robots_canonical":"","_seopress_social_fb_title":"","_seopress_social_fb_desc":"","_seopress_social_fb_img":"","_seopress_social_fb_img_attachment_id":0,"_seopress_social_fb_img_width":0,"_seopress_social_fb_img_height":0,"_seopress_social_twitter_title":"","_seopress_social_twitter_desc":"","_seopress_social_twitter_img":"","_seopress_social_twitter_img_attachment_id":0,"_seopress_social_twitter_img_width":0,"_seopress_social_twitter_img_height":0,"_seopress_redirections_value":"","_seopress_redirections_enabled":"","_seopress_redirections_enabled_regex":"","_seopress_redirections_logged_status":"","_seopress_redirections_param":"","_seopress_redirections_type":0,"_seopress_analysis_target_kw":"","_seopress_news_disabled":"","_seopress_video_disabled":"","_seopress_video":[],"_seopress_pro_schemas_manual":[],"_seopress_pro_rich_snippets_disable_all":"","_seopress_pro_rich_snippets_disable":[],"_seopress_pro_schemas":[],"_uag_custom_page_level_css":"","_EventAllDay":false,"_EventTimezone":"","_EventStartDate":"","_EventEndDate":"","_EventStartDateUTC":"","_EventEndDateUTC":"","_EventShowMap":false,"_EventShowMapLink":false,"_EventURL":"","_EventCost":"","_EventCostDescription":"","_EventCurrencySymbol":"","_EventCurrencyCode":"","_EventCurrencyPosition":"","_EventDateTimeSeparator":"","_EventTimeRangeSeparator":"","_EventOrganizerID":[],"_EventVenueID":[],"_OrganizerEmail":"","_OrganizerPhone":"","_OrganizerWebsite":"","_VenueAddress":"","_VenueCity":"","_VenueCountry":"","_VenueProvince":"","_VenueState":"","_VenueZip":"","_VenuePhone":"","_VenueURL":"","_VenueStateProvince":"","_VenueLat":"","_VenueLng":"","_VenueShowMap":false,"_VenueShowMapLink":false,"footnotes":""},"categories":[19451],"tags":[],"class_list":["post-10793","post","type-post","status-publish","format-standard","category-theses"],"uagb_featured_image_src":{"full":false,"thumbnail":false,"medium":false,"medium_large":false,"large":false,"1536x1536":false,"2048x2048":false,"hitmag-landscape":false,"hitmag-featured":false,"hitmag-grid":false,"hitmag-list":false,"hitmag-thumbnail":false,"gform-image-choice-sm":false,"gform-image-choice-md":false,"gform-image-choice-lg":false,"mailpoet_newsletter_max":false},"uagb_author_info":{"display_name":"sschlat1","author_link":"https:\/\/wp.unil.ch\/esspace\/author\/sschlat1\/"},"uagb_comment_info":0,"uagb_excerpt":"Just Another Brick in the Wall? A Status-Based Multi-Method Approach to Youth Political (Dis)Engagement","_links":{"self":[{"href":"https:\/\/wp.unil.ch\/esspace\/wp-json\/wp\/v2\/posts\/10793","targetHints":{"allow":["GET"]}}],"collection":[{"href":"https:\/\/wp.unil.ch\/esspace\/wp-json\/wp\/v2\/posts"}],"about":[{"href":"https:\/\/wp.unil.ch\/esspace\/wp-json\/wp\/v2\/types\/post"}],"author":[{"embeddable":true,"href":"https:\/\/wp.unil.ch\/esspace\/wp-json\/wp\/v2\/users\/163"}],"replies":[{"embeddable":true,"href":"https:\/\/wp.unil.ch\/esspace\/wp-json\/wp\/v2\/comments?post=10793"}],"version-history":[{"count":1,"href":"https:\/\/wp.unil.ch\/esspace\/wp-json\/wp\/v2\/posts\/10793\/revisions"}],"predecessor-version":[{"id":10794,"href":"https:\/\/wp.unil.ch\/esspace\/wp-json\/wp\/v2\/posts\/10793\/revisions\/10794"}],"wp:attachment":[{"href":"https:\/\/wp.unil.ch\/esspace\/wp-json\/wp\/v2\/media?parent=10793"}],"wp:term":[{"taxonomy":"category","embeddable":true,"href":"https:\/\/wp.unil.ch\/esspace\/wp-json\/wp\/v2\/categories?post=10793"},{"taxonomy":"post_tag","embeddable":true,"href":"https:\/\/wp.unil.ch\/esspace\/wp-json\/wp\/v2\/tags?post=10793"}],"curies":[{"name":"wp","href":"https:\/\/api.w.org\/{rel}","templated":true}]}}