{"id":10786,"date":"2026-08-27T09:18:24","date_gmt":"2026-08-27T07:18:24","guid":{"rendered":"https:\/\/wp.unil.ch\/esspace\/?p=10786"},"modified":"2026-08-27T09:19:00","modified_gmt":"2026-08-27T07:19:00","slug":"a-i-n-h-o-a-s-a-e-n-z-m-o-r-a-l-e-s","status":"publish","type":"post","link":"https:\/\/wp.unil.ch\/esspace\/2026\/08\/a-i-n-h-o-a-s-a-e-n-z-m-o-r-a-l-e-s\/","title":{"rendered":"Ainhoa Saenz Morales"},"content":{"rendered":"\n<p class=\"wp-block-paragraph\"><strong>Quand la c\u00e9sarienne (d\u00e9)fait le genre : une analyse relationnelle des exp\u00e9riences des p\u00e8res et des m\u00e8res en Suisse romande.<\/strong><\/p>\n\n\n\n<!--more-->\n\n\n\n<p class=\"wp-block-paragraph\"><em>Titulaire d\u2019un Master en sciences sociales, orientation corps, sciences et sant\u00e9 \u00e0 l\u2019Universit\u00e9 de Lausanne, Ainhoa Saenz Morales est anthropologue de la sant\u00e9. Elle a consacr\u00e9 sont m\u00e9moire de master aux pratiques m\u00e9dicales et aux exp\u00e9riences des femmes lors du d\u00e9clenchement de l&rsquo;accouchement, avant de rejoindre l&rsquo;Universit\u00e9 de Gen\u00e8ve dans le cadre d&rsquo;un mandat de recherche pour la Commission cantonale d&rsquo;\u00e9thique de la recherche (CCER). Ce projet portait sur les exigences institutionnelles et les points de vues des patient\u00b7es concernant les documents d&rsquo;information et de consentement en recherche m\u00e9dicale. En 2021, elle d\u00e9bute dun th\u00e8se doctorale au sein d&rsquo;un projet financ\u00e9 par le Fonds national suisse, consacr\u00e9 \u00e0 la culture de l&rsquo;a c\u00e9sarienne en Suisse. Sa th\u00e8se, soutenue le 24 juin 2026 sous la direction de la Prof. Ir\u00e8ne Maffi, adopte une approche relationnelle pour analyser les exp\u00e9riences des m\u00e8res et des p\u00e8res lors des naissances par c\u00e9sarienne.<\/em><\/p>\n\n\n\n<p class=\"wp-block-paragraph\">Apr\u00e8s une c\u00e9sarienne, les m\u00e8res sont g\u00e9n\u00e9ralement dans l\u2019impossibilit\u00e9 de prendre soin de leur nouveau-n\u00e9, contrairement \u00e0 une naissance par voie basse sans complications majeures, en raison des protocoles hospitaliers, des effets de l\u2019anesth\u00e9sie, du manque de mobilit\u00e9 et des douleurs postop\u00e9ratoires. Le p\u00e8re ou le co-parent r\u00e9alise alors le peau \u00e0 peau et participe aux premiers soins du nouveau-n\u00e9, devenant ainsi une figure de care.<\/p>\n\n\n\n<p class=\"wp-block-paragraph\">Cette th\u00e8se comble le manque de recherches sur les exp\u00e9riences des p\u00e8res lors d\u2019une c\u00e9sarienne, en documentant, dans une approche relationnelle du genre, les v\u00e9cus des m\u00e8res et des p\u00e8res, avant, pendant et apr\u00e8s l\u2019intervention. Elle analyse la participation des p\u00e8res au choix du mode de naissance (c\u00e9sarienne ou voie basse), la performance de la \u00ab masculinit\u00e9 h\u00e9g\u00e9monique \u00bb au moment de la c\u00e9sarienne, et la mani\u00e8re dont ces normes de genre sont r\u00e9ajust\u00e9es par le dispositif de la c\u00e9sarienne lorsque les p\u00e8res r\u00e9alisent des pratiques de care envers le nouveau-n\u00e9 apr\u00e8s la c\u00e9sarienne.<\/p>\n\n\n\n<p class=\"wp-block-paragraph\">Cette th\u00e8se montre que ces pratiques de care peuvent s\u2019amoindrir ou disparaitre en fonction de l\u2019acc\u00e8s qu\u2019ont les p\u00e8res \u00e0 des dispositifs institutionnels visant l\u2019implication paternelle. La paternit\u00e9 impliqu\u00e9e, pr\u00e9sent\u00e9e comme un choix, s\u2019av\u00e8re en r\u00e9alit\u00e9 accessible uniquement \u00e0 certains p\u00e8res. Des dispositifs comme le rooming-in (cohabitation du co-parent avec la m\u00e8re lors de son hospitalisation), bien que pens\u00e9s pour r\u00e9duire les in\u00e9galit\u00e9s de genre, \u00e9tant payants, contribuent paradoxalement \u00e0 reproduire des in\u00e9galit\u00e9s sociales.<\/p>\n","protected":false},"excerpt":{"rendered":"<p>Quand la c\u00e9sarienne (d\u00e9)fait le genre : une analyse relationnelle des exp\u00e9riences des p\u00e8res et des m\u00e8res en Suisse romande.<\/p>\n","protected":false},"author":163,"featured_media":0,"comment_status":"closed","ping_status":"closed","sticky":false,"template":"","format":"standard","meta":{"_seopress_titles_title":"","_seopress_titles_desc":"","_seopress_robots_index":"","_seopress_robots_follow":"","_seopress_robots_imageindex":"","_seopress_robots_snippet":"","_seopress_robots_primary_cat":"","_seopress_robots_breadcrumbs":"","_seopress_robots_freeze_modified_date":"","_seopress_robots_custom_modified_date":"","_seopress_robots_canonical":"","_seopress_social_fb_title":"","_seopress_social_fb_desc":"","_seopress_social_fb_img":"","_seopress_social_fb_img_attachment_id":0,"_seopress_social_fb_img_width":0,"_seopress_social_fb_img_height":0,"_seopress_social_twitter_title":"","_seopress_social_twitter_desc":"","_seopress_social_twitter_img":"","_seopress_social_twitter_img_attachment_id":0,"_seopress_social_twitter_img_width":0,"_seopress_social_twitter_img_height":0,"_seopress_redirections_value":"","_seopress_redirections_enabled":"","_seopress_redirections_enabled_regex":"","_seopress_redirections_logged_status":"","_seopress_redirections_param":"","_seopress_redirections_type":0,"_seopress_analysis_target_kw":"","_seopress_news_disabled":"","_seopress_video_disabled":"","_seopress_video":[],"_seopress_pro_schemas_manual":[],"_seopress_pro_rich_snippets_disable_all":"","_seopress_pro_rich_snippets_disable":[],"_seopress_pro_schemas":[],"_uag_custom_page_level_css":"","_EventAllDay":false,"_EventTimezone":"","_EventStartDate":"","_EventEndDate":"","_EventStartDateUTC":"","_EventEndDateUTC":"","_EventShowMap":false,"_EventShowMapLink":false,"_EventURL":"","_EventCost":"","_EventCostDescription":"","_EventCurrencySymbol":"","_EventCurrencyCode":"","_EventCurrencyPosition":"","_EventDateTimeSeparator":"","_EventTimeRangeSeparator":"","_EventOrganizerID":[],"_EventVenueID":[],"_OrganizerEmail":"","_OrganizerPhone":"","_OrganizerWebsite":"","_VenueAddress":"","_VenueCity":"","_VenueCountry":"","_VenueProvince":"","_VenueState":"","_VenueZip":"","_VenuePhone":"","_VenueURL":"","_VenueStateProvince":"","_VenueLat":"","_VenueLng":"","_VenueShowMap":false,"_VenueShowMapLink":false,"footnotes":""},"categories":[19451],"tags":[],"class_list":["post-10786","post","type-post","status-publish","format-standard","category-theses"],"uagb_featured_image_src":{"full":false,"thumbnail":false,"medium":false,"medium_large":false,"large":false,"1536x1536":false,"2048x2048":false,"hitmag-landscape":false,"hitmag-featured":false,"hitmag-grid":false,"hitmag-list":false,"hitmag-thumbnail":false,"gform-image-choice-sm":false,"gform-image-choice-md":false,"gform-image-choice-lg":false,"mailpoet_newsletter_max":false},"uagb_author_info":{"display_name":"sschlat1","author_link":"https:\/\/wp.unil.ch\/esspace\/author\/sschlat1\/"},"uagb_comment_info":0,"uagb_excerpt":"Quand la c\u00e9sarienne (d\u00e9)fait le genre : une analyse relationnelle des exp\u00e9riences des p\u00e8res et des m\u00e8res en Suisse romande.","_links":{"self":[{"href":"https:\/\/wp.unil.ch\/esspace\/wp-json\/wp\/v2\/posts\/10786","targetHints":{"allow":["GET"]}}],"collection":[{"href":"https:\/\/wp.unil.ch\/esspace\/wp-json\/wp\/v2\/posts"}],"about":[{"href":"https:\/\/wp.unil.ch\/esspace\/wp-json\/wp\/v2\/types\/post"}],"author":[{"embeddable":true,"href":"https:\/\/wp.unil.ch\/esspace\/wp-json\/wp\/v2\/users\/163"}],"replies":[{"embeddable":true,"href":"https:\/\/wp.unil.ch\/esspace\/wp-json\/wp\/v2\/comments?post=10786"}],"version-history":[{"count":2,"href":"https:\/\/wp.unil.ch\/esspace\/wp-json\/wp\/v2\/posts\/10786\/revisions"}],"predecessor-version":[{"id":10788,"href":"https:\/\/wp.unil.ch\/esspace\/wp-json\/wp\/v2\/posts\/10786\/revisions\/10788"}],"wp:attachment":[{"href":"https:\/\/wp.unil.ch\/esspace\/wp-json\/wp\/v2\/media?parent=10786"}],"wp:term":[{"taxonomy":"category","embeddable":true,"href":"https:\/\/wp.unil.ch\/esspace\/wp-json\/wp\/v2\/categories?post=10786"},{"taxonomy":"post_tag","embeddable":true,"href":"https:\/\/wp.unil.ch\/esspace\/wp-json\/wp\/v2\/tags?post=10786"}],"curies":[{"name":"wp","href":"https:\/\/api.w.org\/{rel}","templated":true}]}}