{"id":10782,"date":"2026-08-27T09:05:18","date_gmt":"2026-08-27T07:05:18","guid":{"rendered":"https:\/\/wp.unil.ch\/esspace\/?p=10782"},"modified":"2026-08-27T09:05:20","modified_gmt":"2026-08-27T07:05:20","slug":"hanna-perekhoda","status":"publish","type":"post","link":"https:\/\/wp.unil.ch\/esspace\/2026\/08\/hanna-perekhoda\/","title":{"rendered":"Hanna Perekhoda"},"content":{"rendered":"\n<p class=\"wp-block-paragraph\"><strong>Contested Meanings and Boundaries: Competing Spatial Imaginaries of Ukraine Amidst the Russian Empire\u2019s Collapse<\/strong><\/p>\n\n\n\n<!--more-->\n\n\n\n<p class=\"wp-block-paragraph\"><em>Hanna Perekhoda est docteure en science politique de l\u2019Universit\u00e9 de Lausanne. Elle y a obtenu un Bachelor et un Master en science politique, avec une sp\u00e9cialisation en histoire internationale et globalisation. Elle a \u00e9galement exerc\u00e9 la fonction d\u2019assistante dipl\u00f4m\u00e9e aupr\u00e8s de la professeure Stefanie Prezioso \u00e0 l\u2019Institut d\u2019\u00e9tudes politiques. R\u00e9alis\u00e9e sous la direction de cette derni\u00e8re, sa th\u00e8se de doctorat a \u00e9t\u00e9 soutenue le 26 juin 2026.<\/em><\/p>\n\n\n\n<p class=\"wp-block-paragraph\">La th\u00e8se examine comment l\u2019Ukraine, initialement cat\u00e9gorie spatiale fluide et contest\u00e9e, est devenue une entit\u00e9 politique territorialement d\u00e9limit\u00e9e et culturellement normalis\u00e9e au cours de l\u2019effondrement de l\u2019Empire russe et de la formation de l\u2019ordre sovi\u00e9tique. Ce travail explique comment les repr\u00e9sentations de l\u2019espace ont circul\u00e9 entre diff\u00e9rents milieux politiques, comment elles ont \u00e9t\u00e9 traduites et r\u00e9articul\u00e9es, et comment une compr\u00e9hension commune de la fronti\u00e8re russo-ukrainienne a progressivement pu \u00e9merger.<\/p>\n\n\n\n<p class=\"wp-block-paragraph\">Plus largement, ce travail analyse la mani\u00e8re dont les repr\u00e9sentations de l\u2019espace et celles du temps historique se constituent mutuellement, les pr\u00e9suppos\u00e9s normatifs qu\u2019elles v\u00e9hiculent, leur traduction dans les pratiques politiques et, en retour, la fa\u00e7on dont ces pratiques transforment les imaginaires. La th\u00e8se contribue ainsi au champ historiographique en mettant en relation l\u2019histoire de la territorialisation de l\u2019Ukraine avec des d\u00e9bats plus larges sur la production politique de l\u2019espace.<\/p>\n\n\n\n<p class=\"wp-block-paragraph\">La recherche repose sur un corpus h\u00e9t\u00e9rog\u00e8ne de sources en langues russe et ukrainienne, produites entre la fin de la p\u00e9riode imp\u00e9riale et le d\u00e9but des ann\u00e9es 1920 sovi\u00e9tiques. La th\u00e8se r\u00e9unit des sources souvent \u00e9tudi\u00e9es s\u00e9par\u00e9ment et les inscrit dans un m\u00eame champ analytique. L\u2019approche m\u00e9thodologique combine histoire politique, histoire conceptuelle et histoire spatiale. Ce travail ne consid\u00e8re pas l\u2019\u00ab Ukraine \u00bb, la \u00ab Russie \u00bb, la \u00ab classe \u00bb, la \u00ab nation \u00bb ou la \u00ab r\u00e9gion \u00bb comme des cat\u00e9gories analytiques. Il les examine en tant que cat\u00e9gories de la pratique, mobilis\u00e9es par des acteurs historiques engag\u00e9s dans des luttes pour le pouvoir et pour l\u2019imposition du sens. L\u2019analyse s\u2019attache ainsi \u00e0 comprendre comment leur signification s\u2019est transform\u00e9e en fonction des diff\u00e9rents contextes politiques.<\/p>\n\n\n\n<p class=\"wp-block-paragraph\">La th\u00e8se montre qu\u2019en 1917, l\u2019\u00ab Ukraine \u00bb ne constituait pas une cat\u00e9gorie territorialement \u00e9vidente. Elle coexistait avec la \u00ab Petite-Russie \u00bb, la \u00ab Russie m\u00e9ridionale \u00bb, le \u00ab Sud \u00bb industriel et d\u2019autres cat\u00e9gories administratives, \u00e9conomiques, imp\u00e9riales et ethnonationales. Celles-ci ne constituaient toutefois pas de simples descriptions neutres du territoire. Les imaginaires spatiaux organisent l\u2019espace selon des hi\u00e9rarchies normatives \u2014 centre et p\u00e9riph\u00e9rie, civilisation et arri\u00e9ration, modernit\u00e9 et archa\u00efsme \u2014 et structurent ainsi \u00e9galement le temps historique. Dans le cas de l\u2019Ukraine, les acteurs politiques \u00e9taient en d\u00e9saccord non seulement sur l\u2019\u00e9tendue territoriale de l\u2019Ukraine, mais aussi sur la signification historique de cette forme territoriale. Pour le mouvement national ukrainien, l\u2019autonomie nationale-territoriale constituait une r\u00e9ponse d\u00e9mocratique et socialiste \u00e0 la domination imp\u00e9riale. Pour les forces politiques panrusses \u2013 socialistes, lib\u00e9rales comme conservatrices \u2013 la fragmentation du noyau national et\/ou \u00e9conomique russe apparaissait comme une r\u00e9gression historique. En particulier, les acteurs bolcheviques op\u00e9rant en Ukraine ne percevaient initialement pas l\u2019autonomie ukrainienne comme l\u2019expression l\u00e9gitime de la souverainet\u00e9 populaire, mais comme une menace pour l\u2019unit\u00e9 de l\u2019espace \u00e9conomique russe et, par cons\u00e9quent, pour l\u2019avenir r\u00e9volutionnaire du prol\u00e9tariat.<\/p>\n\n\n\n<p class=\"wp-block-paragraph\">L\u2019Ukraine sovi\u00e9tique n\u2019est pas issue de la mise en \u0153uvre d\u2019un projet pr\u00e9\u00e9tabli. Les bolcheviques n\u2019ont pas d\u2019abord imagin\u00e9 l\u2019Ukraine comme un territoire coh\u00e9rent pour ensuite lui donner une forme institutionnelle. Ce sont plut\u00f4t les pratiques qui ont transform\u00e9 les repr\u00e9sentations : ce qui avait commenc\u00e9 comme une fa\u00e7ade tactique est progressivement devenu un cadre normalis\u00e9 de l\u2019\u00c9tat sovi\u00e9tique. La th\u00e8se d\u00e9montre de mani\u00e8re d\u00e9taill\u00e9e que la fronti\u00e8re russo-ukrainienne a r\u00e9sult\u00e9 de l\u2019entrecroisement de plusieurs antagonismes : entre la Russie sovi\u00e9tique et ses adversaires internationaux ; entre les bolcheviques et les forces politiques ukrainiennes ; entre les autorit\u00e9s centrales du Parti-\u00c9tat et le nouveau p\u00f4le de pouvoir sovi\u00e9tique ukrainien ; enfin, entre les diff\u00e9rentes factions bolcheviques pr\u00e9sentes en Ukraine.<\/p>\n\n\n\n<p class=\"wp-block-paragraph\">La th\u00e8se apporte trois contributions principales. Premi\u00e8rement, elle \u00e9tudie la territorialisation de l\u2019Ukraine au-del\u00e0 de la seule imagination nationale. Ce travail montre que les repr\u00e9sentations non nationales de l\u2019espace \u2013 projets de r\u00e9gionalisation \u00e9conomique, divisions administratives imp\u00e9riales, r\u00e9seaux d\u2019infrastructures, etc. \u2013 ont jou\u00e9 un r\u00f4le tout aussi constitutif dans ce processus.<\/p>\n\n\n\n<p class=\"wp-block-paragraph\">Deuxi\u00e8mement, la th\u00e8se analyse la fronti\u00e8re russo-ukrainienne comme un probl\u00e8me d\u2019imagination politique, et non uniquement de d\u00e9limitation institutionnelle. Au lieu de se demander seulement o\u00f9 et comment la fronti\u00e8re a \u00e9t\u00e9 trac\u00e9e, elle examine comment l\u2019Ukraine est devenue pensable pour des acteurs qui percevaient auparavant ce m\u00eame territoire \u00e0 travers d\u2019autres cat\u00e9gories.<\/p>\n\n\n\n<p class=\"wp-block-paragraph\">Troisi\u00e8mement, la th\u00e8se d\u00e9veloppe un argument conceptuel qui d\u00e9passe le seul cas ukrainien. Elle soutient que la territorialisation est indissociable de la temporalisation. Les projets territoriaux organisent non seulement l\u2019espace, mais aussi le temps historique : ils d\u00e9finissent quelles communaut\u00e9s apparaissent comme des vestiges du pass\u00e9, lesquelles sont per\u00e7ues comme des agents de l\u2019avenir et, par cons\u00e9quent, lesquelles peuvent \u00eatre reconnues comme des sujets l\u00e9gitimes de souverainet\u00e9. Cette perspective inscrit l\u2019histoire de l\u2019Ukraine dans des d\u00e9bats plus larges sur la souverainet\u00e9 et la spatio-temporalit\u00e9.<\/p>\n","protected":false},"excerpt":{"rendered":"<p>Contested Meanings and Boundaries: Competing Spatial Imaginaries of Ukraine Amidst the Russian Empire\u2019s Collapse<\/p>\n","protected":false},"author":163,"featured_media":0,"comment_status":"closed","ping_status":"closed","sticky":false,"template":"","format":"standard","meta":{"_seopress_titles_title":"","_seopress_titles_desc":"","_seopress_robots_index":"","_seopress_robots_follow":"","_seopress_robots_imageindex":"","_seopress_robots_snippet":"","_seopress_robots_primary_cat":"","_seopress_robots_breadcrumbs":"","_seopress_robots_freeze_modified_date":"","_seopress_robots_custom_modified_date":"","_seopress_robots_canonical":"","_seopress_social_fb_title":"","_seopress_social_fb_desc":"","_seopress_social_fb_img":"","_seopress_social_fb_img_attachment_id":0,"_seopress_social_fb_img_width":0,"_seopress_social_fb_img_height":0,"_seopress_social_twitter_title":"","_seopress_social_twitter_desc":"","_seopress_social_twitter_img":"","_seopress_social_twitter_img_attachment_id":0,"_seopress_social_twitter_img_width":0,"_seopress_social_twitter_img_height":0,"_seopress_redirections_value":"","_seopress_redirections_enabled":"","_seopress_redirections_enabled_regex":"","_seopress_redirections_logged_status":"","_seopress_redirections_param":"","_seopress_redirections_type":0,"_seopress_analysis_target_kw":"","_seopress_news_disabled":"","_seopress_video_disabled":"","_seopress_video":[],"_seopress_pro_schemas_manual":[],"_seopress_pro_rich_snippets_disable_all":"","_seopress_pro_rich_snippets_disable":[],"_seopress_pro_schemas":[],"_uag_custom_page_level_css":"","_EventAllDay":false,"_EventTimezone":"","_EventStartDate":"","_EventEndDate":"","_EventStartDateUTC":"","_EventEndDateUTC":"","_EventShowMap":false,"_EventShowMapLink":false,"_EventURL":"","_EventCost":"","_EventCostDescription":"","_EventCurrencySymbol":"","_EventCurrencyCode":"","_EventCurrencyPosition":"","_EventDateTimeSeparator":"","_EventTimeRangeSeparator":"","_EventOrganizerID":[],"_EventVenueID":[],"_OrganizerEmail":"","_OrganizerPhone":"","_OrganizerWebsite":"","_VenueAddress":"","_VenueCity":"","_VenueCountry":"","_VenueProvince":"","_VenueState":"","_VenueZip":"","_VenuePhone":"","_VenueURL":"","_VenueStateProvince":"","_VenueLat":"","_VenueLng":"","_VenueShowMap":false,"_VenueShowMapLink":false,"footnotes":""},"categories":[19451],"tags":[],"class_list":["post-10782","post","type-post","status-publish","format-standard","category-theses"],"uagb_featured_image_src":{"full":false,"thumbnail":false,"medium":false,"medium_large":false,"large":false,"1536x1536":false,"2048x2048":false,"hitmag-landscape":false,"hitmag-featured":false,"hitmag-grid":false,"hitmag-list":false,"hitmag-thumbnail":false,"gform-image-choice-sm":false,"gform-image-choice-md":false,"gform-image-choice-lg":false,"mailpoet_newsletter_max":false},"uagb_author_info":{"display_name":"sschlat1","author_link":"https:\/\/wp.unil.ch\/esspace\/author\/sschlat1\/"},"uagb_comment_info":0,"uagb_excerpt":"Contested Meanings and Boundaries: Competing Spatial Imaginaries of Ukraine Amidst the Russian Empire\u2019s Collapse","_links":{"self":[{"href":"https:\/\/wp.unil.ch\/esspace\/wp-json\/wp\/v2\/posts\/10782","targetHints":{"allow":["GET"]}}],"collection":[{"href":"https:\/\/wp.unil.ch\/esspace\/wp-json\/wp\/v2\/posts"}],"about":[{"href":"https:\/\/wp.unil.ch\/esspace\/wp-json\/wp\/v2\/types\/post"}],"author":[{"embeddable":true,"href":"https:\/\/wp.unil.ch\/esspace\/wp-json\/wp\/v2\/users\/163"}],"replies":[{"embeddable":true,"href":"https:\/\/wp.unil.ch\/esspace\/wp-json\/wp\/v2\/comments?post=10782"}],"version-history":[{"count":1,"href":"https:\/\/wp.unil.ch\/esspace\/wp-json\/wp\/v2\/posts\/10782\/revisions"}],"predecessor-version":[{"id":10783,"href":"https:\/\/wp.unil.ch\/esspace\/wp-json\/wp\/v2\/posts\/10782\/revisions\/10783"}],"wp:attachment":[{"href":"https:\/\/wp.unil.ch\/esspace\/wp-json\/wp\/v2\/media?parent=10782"}],"wp:term":[{"taxonomy":"category","embeddable":true,"href":"https:\/\/wp.unil.ch\/esspace\/wp-json\/wp\/v2\/categories?post=10782"},{"taxonomy":"post_tag","embeddable":true,"href":"https:\/\/wp.unil.ch\/esspace\/wp-json\/wp\/v2\/tags?post=10782"}],"curies":[{"name":"wp","href":"https:\/\/api.w.org\/{rel}","templated":true}]}}