{"id":10780,"date":"2026-08-27T09:03:57","date_gmt":"2026-08-27T07:03:57","guid":{"rendered":"https:\/\/wp.unil.ch\/esspace\/?p=10780"},"modified":"2026-08-27T09:03:58","modified_gmt":"2026-08-27T07:03:58","slug":"tatiana-smirnova","status":"publish","type":"post","link":"https:\/\/wp.unil.ch\/esspace\/2026\/08\/tatiana-smirnova\/","title":{"rendered":"Tatiana Smirnova"},"content":{"rendered":"\n<p class=\"wp-block-paragraph\"><strong>Une m\u00e9moire g\u00e9n\u00e9rationnelle \u00e0 l\u2019\u00e9preuve du num\u00e9rique. Le cas de la F\u00eate des Vignerons<\/strong><\/p>\n\n\n\n<!--more-->\n\n\n\n<p class=\"wp-block-paragraph\">Titulaire d\u2019un master en mus\u00e9ologie, Tatiana Smirnova a r\u00e9alis\u00e9 une th\u00e8se de doctorat en sciences sociales \u00e0 l\u2019Universit\u00e9 de Lausanne, soutenue le 27 f\u00e9vrier 2026, sous la direction du Professeur honoraire Dominique Vinck et la codirection de M. Olivier Glassey. Son parcours acad\u00e9mique se d\u00e9ploie \u00e0 l\u2019Universit\u00e9 de Lausanne apr\u00e8s une formation en Russie consacr\u00e9e aux mus\u00e9es comm\u00e9moratifs et aux technologies num\u00e9riques, suivie d\u2019un pr\u00e9-doctorat en sciences sociales \u00e0 l\u2019UNIL portant sur les interactions sociotechniques dans une exposition mus\u00e9ale num\u00e9rique (Montreux Digital Heritage Lab). Chercheuse FNS et b\u00e9n\u00e9ficiaire d\u2019une bourse doctorale de la Soci\u00e9t\u00e9 Acad\u00e9mique Vaudoise, ses travaux s\u2019inscrivent dans le champ des science and technology studies (STS), appliqu\u00e9es aux dispositifs de m\u00e9diation culturelle et aux transformations des pratiques de m\u00e9moire. Co-responsable du STS Lab (2021\u20132025), elle a contribu\u00e9 \u00e0 la coordination scientifique et institutionnelle de l\u2019unit\u00e9. Des projets men\u00e9s avec la Ville de Morges dans les domaines de l\u2019int\u00e9gration, de la m\u00e9diation culturelle et de la m\u00e9moire collective viennent compl\u00e9ter ce parcours, articulant recherche acad\u00e9mique et intervention socioculturelle.<\/p>\n\n\n\n<p class=\"wp-block-paragraph\">Cette th\u00e8se interroge les transformations contemporaines des pratiques m\u00e9morielles \u00e0 travers l\u2019\u00e9tude d\u2019un cas embl\u00e9matique : la F\u00eate des Vignerons, manifestation patrimoniale inscrite au patrimoine culturel immat\u00e9riel de l\u2019humanit\u00e9 par l\u2019UNESCO, qui se tient environ tous les vingt \u00e0 vingt-cinq ans \u00e0 Vevey, en Suisse. Mobilisant une approche interdisciplinaire croisant sociologie de la m\u00e9moire, \u00e9tudes des m\u00e9dias num\u00e9riques, STS et analyse des dispositifs patrimoniaux, cette recherche explore comment les plateformes num\u00e9riques (notamment Facebook, Instagram, YouTube et notreHistoire.ch) transforment les modalit\u00e9s de construction, de transmission et de reconnaissance des souvenirs festifs.<\/p>\n\n\n\n<p class=\"wp-block-paragraph\">\u00c0 partir d\u2019un terrain ethnographique hybride, combinant observation participante sur site et en ligne, la th\u00e8se identifie plusieurs r\u00e9gimes m\u00e9moriels propres aux environnements connect\u00e9s. Ces r\u00e9gimes r\u00e9v\u00e8lent des tensions entre m\u00e9moire spontan\u00e9e et patrimonialisation, entre visibilit\u00e9 algorithmique et effacement silencieux, entre transmission familiale et circulation fragment\u00e9e des traces. L\u2019\u00e9tude met \u00e9galement en lumi\u00e8re les in\u00e9galit\u00e9s d\u2019acc\u00e8s, les reconfigurations interg\u00e9n\u00e9rationnelles et la fragilit\u00e9 des supports num\u00e9riques. Parall\u00e8lement, elle contribue \u00e0 la constitution d\u2019une archive de recherche d\u00e9di\u00e9 \u00e0 la F\u00eate des Vignerons, rassemblant et organisant les traces collect\u00e9es sur les plateformes num\u00e9riques.<\/p>\n\n\n\n<p class=\"wp-block-paragraph\">En proposant une typologie des r\u00e9gimes m\u00e9moriels en ligne et en articulant les observations empiriques \u00e0 une r\u00e9flexion th\u00e9orique sur la m\u00e9moire comme processus sociotechnique et relationnel, cette recherche montre que la m\u00e9moire festive num\u00e9rique ne constitue pas une simple extension des pratiques traditionnelles. Elle se pr\u00e9sente plut\u00f4t comme un processus distribu\u00e9 et \u00e9volutif, marqu\u00e9 par des dynamiques de participation, d\u2019appropriation et de reconfiguration. Ce faisant, la th\u00e8se invite \u00e0 repenser les notions de m\u00e9moire, de patrimoine, de continuit\u00e9 et de reconnaissance collective \u00e0 l\u2019\u00e8re des plateformes num\u00e9riques.<\/p>\n","protected":false},"excerpt":{"rendered":"<p>Une m\u00e9moire g\u00e9n\u00e9rationnelle \u00e0 l\u2019\u00e9preuve du num\u00e9rique. Le cas de la F\u00eate des Vignerons<\/p>\n","protected":false},"author":163,"featured_media":0,"comment_status":"closed","ping_status":"closed","sticky":false,"template":"","format":"standard","meta":{"_seopress_titles_title":"","_seopress_titles_desc":"","_seopress_robots_index":"","_seopress_robots_follow":"","_seopress_robots_imageindex":"","_seopress_robots_snippet":"","_seopress_robots_primary_cat":"","_seopress_robots_breadcrumbs":"","_seopress_robots_freeze_modified_date":"","_seopress_robots_custom_modified_date":"","_seopress_robots_canonical":"","_seopress_social_fb_title":"","_seopress_social_fb_desc":"","_seopress_social_fb_img":"","_seopress_social_fb_img_attachment_id":0,"_seopress_social_fb_img_width":0,"_seopress_social_fb_img_height":0,"_seopress_social_twitter_title":"","_seopress_social_twitter_desc":"","_seopress_social_twitter_img":"","_seopress_social_twitter_img_attachment_id":0,"_seopress_social_twitter_img_width":0,"_seopress_social_twitter_img_height":0,"_seopress_redirections_value":"","_seopress_redirections_enabled":"","_seopress_redirections_enabled_regex":"","_seopress_redirections_logged_status":"","_seopress_redirections_param":"","_seopress_redirections_type":0,"_seopress_analysis_target_kw":"","_seopress_news_disabled":"","_seopress_video_disabled":"","_seopress_video":[],"_seopress_pro_schemas_manual":[],"_seopress_pro_rich_snippets_disable_all":"","_seopress_pro_rich_snippets_disable":[],"_seopress_pro_schemas":[],"_uag_custom_page_level_css":"","_EventAllDay":false,"_EventTimezone":"","_EventStartDate":"","_EventEndDate":"","_EventStartDateUTC":"","_EventEndDateUTC":"","_EventShowMap":false,"_EventShowMapLink":false,"_EventURL":"","_EventCost":"","_EventCostDescription":"","_EventCurrencySymbol":"","_EventCurrencyCode":"","_EventCurrencyPosition":"","_EventDateTimeSeparator":"","_EventTimeRangeSeparator":"","_EventOrganizerID":[],"_EventVenueID":[],"_OrganizerEmail":"","_OrganizerPhone":"","_OrganizerWebsite":"","_VenueAddress":"","_VenueCity":"","_VenueCountry":"","_VenueProvince":"","_VenueState":"","_VenueZip":"","_VenuePhone":"","_VenueURL":"","_VenueStateProvince":"","_VenueLat":"","_VenueLng":"","_VenueShowMap":false,"_VenueShowMapLink":false,"footnotes":""},"categories":[19451],"tags":[],"class_list":["post-10780","post","type-post","status-publish","format-standard","category-theses"],"uagb_featured_image_src":{"full":false,"thumbnail":false,"medium":false,"medium_large":false,"large":false,"1536x1536":false,"2048x2048":false,"hitmag-landscape":false,"hitmag-featured":false,"hitmag-grid":false,"hitmag-list":false,"hitmag-thumbnail":false,"gform-image-choice-sm":false,"gform-image-choice-md":false,"gform-image-choice-lg":false,"mailpoet_newsletter_max":false},"uagb_author_info":{"display_name":"sschlat1","author_link":"https:\/\/wp.unil.ch\/esspace\/author\/sschlat1\/"},"uagb_comment_info":0,"uagb_excerpt":"Une m\u00e9moire g\u00e9n\u00e9rationnelle \u00e0 l\u2019\u00e9preuve du num\u00e9rique. Le cas de la F\u00eate des Vignerons","_links":{"self":[{"href":"https:\/\/wp.unil.ch\/esspace\/wp-json\/wp\/v2\/posts\/10780","targetHints":{"allow":["GET"]}}],"collection":[{"href":"https:\/\/wp.unil.ch\/esspace\/wp-json\/wp\/v2\/posts"}],"about":[{"href":"https:\/\/wp.unil.ch\/esspace\/wp-json\/wp\/v2\/types\/post"}],"author":[{"embeddable":true,"href":"https:\/\/wp.unil.ch\/esspace\/wp-json\/wp\/v2\/users\/163"}],"replies":[{"embeddable":true,"href":"https:\/\/wp.unil.ch\/esspace\/wp-json\/wp\/v2\/comments?post=10780"}],"version-history":[{"count":1,"href":"https:\/\/wp.unil.ch\/esspace\/wp-json\/wp\/v2\/posts\/10780\/revisions"}],"predecessor-version":[{"id":10781,"href":"https:\/\/wp.unil.ch\/esspace\/wp-json\/wp\/v2\/posts\/10780\/revisions\/10781"}],"wp:attachment":[{"href":"https:\/\/wp.unil.ch\/esspace\/wp-json\/wp\/v2\/media?parent=10780"}],"wp:term":[{"taxonomy":"category","embeddable":true,"href":"https:\/\/wp.unil.ch\/esspace\/wp-json\/wp\/v2\/categories?post=10780"},{"taxonomy":"post_tag","embeddable":true,"href":"https:\/\/wp.unil.ch\/esspace\/wp-json\/wp\/v2\/tags?post=10780"}],"curies":[{"name":"wp","href":"https:\/\/api.w.org\/{rel}","templated":true}]}}