{"id":10546,"date":"2026-01-29T14:37:35","date_gmt":"2026-01-29T13:37:35","guid":{"rendered":"https:\/\/wp.unil.ch\/esspace\/?p=10546"},"modified":"2026-02-02T08:22:34","modified_gmt":"2026-02-02T07:22:34","slug":"carlo-epifanio","status":"publish","type":"post","link":"https:\/\/wp.unil.ch\/esspace\/2026\/01\/carlo-epifanio\/","title":{"rendered":"Carlo Epifanio"},"content":{"rendered":"\n<p>How and Why European Cities Engage in City Networks? Insights from Barcelona,<br>Milan, and Eurocities.<\/p>\n\n\n\n<!--more-->\n\n\n\n<p><em>Carlo Epifanio est docteur en science politique de l\u2019Universit\u00e9 de Lausanne. Il est titulaire<br>d\u2019un Bachelor en sociologie de l\u2019Universit\u00e9 de Milano-Bicocca et d\u2019un Master en science<br>politique de Sciences Po Paris, avec une sp\u00e9cialisation en analyse des politiques<br>publiques et en gouvernance urbaine. Avant de commencer son doctorat, il a travaill\u00e9 au<br>sein du laboratoire LABGOV de l\u2019Universit\u00e9 LUISS Guido Carli. Il a ensuite rejoint<br>l\u2019Universit\u00e9 de Lausanne en tant que doctorant FNS en science politique, o\u00f9 il a men\u00e9 sa<br>th\u00e8se dans le cadre du projet FNS dirig\u00e9 par le Professeur assistant FNS Eccellenza Sean<br>Mu\u0308ller, intitul\u00e9 &lsquo;The Rise of the Sub: Territorial Challenges of Nation-State Sovereignty in<br>Europe and North America&rsquo;. Il a soutenu sa th\u00e8se le 12 ao\u00fbt 2025, sous la direction des<br>Professeurs Sean Mu\u0308ller et Yannis Papadopoulos (Institut d&rsquo;\u00e9tudes politiques). Carlo<br>Epifanio a \u00e9galement exerc\u00e9 la fonction d\u2019assistant dipl\u00f4m\u00e9 de la Professeure Rahel Kunz \u00e0<br>l&rsquo;Institut d&rsquo;\u00e9tudes politiques.<\/em><\/p>\n\n\n\n<p>Cette th\u00e8se analyse la mani\u00e8re dont certaines villes europ\u00e9ennes, telles que Milan et Barcelone,<br>se sont progressivement affirm\u00e9es comme des acteurs politiques \u00e0 part enti\u00e8re sur les sc\u00e8nes<br>europ\u00e9enne et internationale \u00e0 travers leur participation aux r\u00e9seaux de villes transnationaux.<br>Loin d\u2019\u00eatre de simples espaces d\u2019\u00e9change technique, ces r\u00e9seaux constituent pour les villes<br>des instruments strat\u00e9giques leur permettant d\u2019acc\u00e9der \u00e0 des ressources politiques,<br>symboliques et mat\u00e9rielles au-del\u00e0 de l\u2019\u00c9tat, et de renforcer leur capacit\u00e9 d\u2019action au sein<br>de syst\u00e8mes de gouvernance multiniveaux.<\/p>\n\n\n\n<p>Les r\u00e9seaux de villes apparaissent ainsi non seulement comme des instruments de<br>coop\u00e9ration, mais comme de v\u00e9ritables ar\u00e8nes de gouvernance dans lesquelles les villes<br>n\u00e9gocient leur r\u00f4le national et international, mobilisent des ressources symboliques et<br>mat\u00e9rielles, et participent activement \u00e0 la reconfiguration contemporaine de la<br>gouvernance urbaine europ\u00e9enne et globale.<\/p>\n\n\n\n<p>Alors que la litt\u00e9rature r\u00e9cente a mis en \u00e9vidence le r\u00f4le croissant des villes comme acteurs<br>internationaux et leur capacit\u00e9 \u00e0 coop\u00e9rer au-del\u00e0 des \u00c9tats \u00e0 travers les r\u00e9seaux de villes (city<br>networks), peu d\u2019\u00e9tudes ont syst\u00e9matiquement analys\u00e9 les variations dans l\u2019intensit\u00e9,<br>les modalit\u00e9s et les finalit\u00e9s de la participation des villes \u00e0 ces r\u00e9seaux. En particulier, les<br>raisons pour lesquelles certaines villes europ\u00e9ennes s\u2019engagent plus activement que d\u2019autres<br>dans ces dispositifs restent encore insuffisamment expliqu\u00e9es. La th\u00e8se de Carlo Epifanio<br>propose d\u2019expliquer cette participation internationale des villes \u00e0 partir de la gouvernance<br>urbaine, entendue comme l\u2019ensemble des dynamiques politiques, administratives et<br>institutionnelles qui permettent aux acteurs locaux d\u2019influencer des processus multiniveaux<br>europ\u00e9ens et globaux.<\/p>\n\n\n\n<p>Sur le plan m\u00e9thodologique, la recherche adopte un design en deux \u00e9tapes inspir\u00e9 de la <em>nested<br>analysis<\/em> (Lieberman, 2005), combinant une analyse qualitative approfondie des cas<br>de Barcelone et de Milan avec une enqu\u00eate quantitative men\u00e9e aupr\u00e8s de vingt-quatre<br>villes membres du r\u00e9seau Eurocities.<\/p>\n\n\n\n<p>Les r\u00e9sultats montrent que l\u2019engagement international des villes repose de mani\u00e8re d\u00e9cisive<br>sur des dynamiques internes de gouvernance urbaine. Le leadership politique appara\u00eet comme<br>le facteur d\u00e9clencheur de la participation, tandis que la capacit\u00e9 administrative<br>et l\u2019institutionnalisation organisationnelle en garantissent la continuit\u00e9 et la structuration dans le<br>temps. La recherche met ainsi en \u00e9vidence la mani\u00e8re dont les acteurs locaux op\u00e8rent des choix<br>strat\u00e9giques afin d\u2019obtenir des ressources de politique publique mobilisables dans la<br>gouvernance locale. Elle montre \u00e9galement que les villes disposant d\u2019un niveau \u00e9lev\u00e9<br>d\u2019institutionnalisation organisationnelle sont davantage en mesure de d\u00e9velopper une<br>participation strat\u00e9gique aux r\u00e9seaux. Les villes capables de construire des institutions stables<br>et des capacit\u00e9s durables d\u2019interaction avec les niveaux europ\u00e9en et international sont ainsi<br>celles qui parviennent le plus efficacement \u00e0 gouverner leur insertion dans les principaux<br>r\u00e9seaux de villes transnationaux.<\/p>\n","protected":false},"excerpt":{"rendered":"<p>How and Why European Cities Engage in City Networks? Insights from Barcelona,Milan, and Eurocities.<\/p>\n","protected":false},"author":163,"featured_media":0,"comment_status":"closed","ping_status":"closed","sticky":false,"template":"","format":"standard","meta":{"_seopress_robots_primary_cat":"","_seopress_titles_title":"","_seopress_titles_desc":"","_seopress_robots_index":"","_uag_custom_page_level_css":"","_EventAllDay":false,"_EventTimezone":"","_EventStartDate":"","_EventEndDate":"","_EventStartDateUTC":"","_EventEndDateUTC":"","_EventShowMap":false,"_EventShowMapLink":false,"_EventURL":"","_EventCost":"","_EventCostDescription":"","_EventCurrencySymbol":"","_EventCurrencyCode":"","_EventCurrencyPosition":"","_EventDateTimeSeparator":"","_EventTimeRangeSeparator":"","_EventOrganizerID":[],"_EventVenueID":[],"_OrganizerEmail":"","_OrganizerPhone":"","_OrganizerWebsite":"","_VenueAddress":"","_VenueCity":"","_VenueCountry":"","_VenueProvince":"","_VenueState":"","_VenueZip":"","_VenuePhone":"","_VenueURL":"","_VenueStateProvince":"","_VenueLat":"","_VenueLng":"","_VenueShowMap":false,"_VenueShowMapLink":false,"footnotes":""},"categories":[19451],"tags":[],"class_list":["post-10546","post","type-post","status-publish","format-standard","category-theses"],"uagb_featured_image_src":{"full":false,"thumbnail":false,"medium":false,"medium_large":false,"large":false,"1536x1536":false,"2048x2048":false,"hitmag-landscape":false,"hitmag-featured":false,"hitmag-grid":false,"hitmag-list":false,"hitmag-thumbnail":false,"gform-image-choice-sm":false,"gform-image-choice-md":false,"gform-image-choice-lg":false,"mailpoet_newsletter_max":false},"uagb_author_info":{"display_name":"sschlat1","author_link":"https:\/\/wp.unil.ch\/esspace\/author\/sschlat1\/"},"uagb_comment_info":0,"uagb_excerpt":"How and Why European Cities Engage in City Networks? Insights from Barcelona,Milan, and Eurocities.","_links":{"self":[{"href":"https:\/\/wp.unil.ch\/esspace\/wp-json\/wp\/v2\/posts\/10546","targetHints":{"allow":["GET"]}}],"collection":[{"href":"https:\/\/wp.unil.ch\/esspace\/wp-json\/wp\/v2\/posts"}],"about":[{"href":"https:\/\/wp.unil.ch\/esspace\/wp-json\/wp\/v2\/types\/post"}],"author":[{"embeddable":true,"href":"https:\/\/wp.unil.ch\/esspace\/wp-json\/wp\/v2\/users\/163"}],"replies":[{"embeddable":true,"href":"https:\/\/wp.unil.ch\/esspace\/wp-json\/wp\/v2\/comments?post=10546"}],"version-history":[{"count":4,"href":"https:\/\/wp.unil.ch\/esspace\/wp-json\/wp\/v2\/posts\/10546\/revisions"}],"predecessor-version":[{"id":10558,"href":"https:\/\/wp.unil.ch\/esspace\/wp-json\/wp\/v2\/posts\/10546\/revisions\/10558"}],"wp:attachment":[{"href":"https:\/\/wp.unil.ch\/esspace\/wp-json\/wp\/v2\/media?parent=10546"}],"wp:term":[{"taxonomy":"category","embeddable":true,"href":"https:\/\/wp.unil.ch\/esspace\/wp-json\/wp\/v2\/categories?post=10546"},{"taxonomy":"post_tag","embeddable":true,"href":"https:\/\/wp.unil.ch\/esspace\/wp-json\/wp\/v2\/tags?post=10546"}],"curies":[{"name":"wp","href":"https:\/\/api.w.org\/{rel}","templated":true}]}}