{"id":10469,"date":"2026-01-29T09:53:29","date_gmt":"2026-01-29T08:53:29","guid":{"rendered":"https:\/\/wp.unil.ch\/esspace\/?p=10469"},"modified":"2026-01-29T16:21:07","modified_gmt":"2026-01-29T15:21:07","slug":"quand-le-populisme-et-le-complotisme-renforcent-la-droite-radicale-en-europe","status":"publish","type":"post","link":"https:\/\/wp.unil.ch\/esspace\/2026\/01\/quand-le-populisme-et-le-complotisme-renforcent-la-droite-radicale-en-europe\/","title":{"rendered":"Quand le populisme et le complotisme renforcent la droite radicale en Europe"},"content":{"rendered":"\n<p>Les th\u00e9ories du complot ne sont plus marginales dans l\u2019espace politique : elles s\u2019invitent de plus en plus dans la comp\u00e9tition politique, en combinaison avec les rh\u00e9toriques populistes. Le projet de recherche Weave-POPCON porte sur la mani\u00e8re dont les partis et les leaders de la droite radicale europ\u00e9enne d\u00e9veloppent des strat\u00e9gies qui d\u00e9noncent la manipulation et le mensonge des \u00ab ennemi\u00b7es \u00bb, en opposition aux v\u00e9rit\u00e9s et aux int\u00e9r\u00eats du peuple vertueux, et dans quelle mesure ces strat\u00e9gies contribuent \u00e0 expliquer le soutien \u00e0 la droite radicale.<\/p>\n\n\n<div class=\"wp-block-image\">\n<figure class=\"alignleft size-full\"><a href=\"https:\/\/wp.unil.ch\/esspace\/files\/2026\/01\/populisme_complotismejpg.jpg\"><img loading=\"lazy\" decoding=\"async\" width=\"300\" height=\"220\" src=\"https:\/\/wp.unil.ch\/esspace\/files\/2026\/01\/populisme_complotismejpg.jpg\" alt=\"populisme complotismejpg\" class=\"wp-image-10417\" \/><\/a><figcaption class=\"wp-element-caption\">\u00a9 Win Nondakowit | Dreamstime.com <\/figcaption><\/figure>\n<\/div>\n\n\n<p><strong>L\u2019articulation entre populisme et complotisme<\/strong><\/p>\n\n\n\n<p>Le projet international \u00ab Populism and Conspiracy: Linking Discourses and Attitudes in Four European Countries \u00bb, d\u00e9marr\u00e9 en novembre 2022 et co-financ\u00e9 par le FNS et le Fonds national autrichien, focalise un ph\u00e9nom\u00e8ne devenu crucial en relation \u00e0 la mont\u00e9e de la droite radicale : l\u2019articulation entre les rh\u00e9toriques populistes et complotistes.<\/p>\n\n\n\n<p>L\u2019analyse montre comment ces rh\u00e9toriques peuvent modeler les strat\u00e9gies politiques et le soutien des droites radicales durant et apr\u00e8s la p\u00e9riode de la pand\u00e9mie de Covid-19. Si le populisme peut se manifester sans le complotisme et vice-versa, l\u2019analyse porte sur la mani\u00e8re dont ces deux rh\u00e9toriques peuvent se combiner. Leurs logiques variables s\u2019incarnent dans des r\u00e9cits, des croyances et des mentalit\u00e9s qui contribuent \u00e0 la construction manich\u00e9enne d&rsquo;un peuple \u00ab vertueux \u00bb et d&rsquo;une v\u00e9rit\u00e9 \u00ab manipul\u00e9e \u00bb, qui s&rsquo;opposent \u00e0 leurs diff\u00e9rent\u00b7es \u00ab ennemi\u00b7es \u00bb. Le projet se concentre principalement, mais pas exclusivement, sur les \u00e9lites politiques et scientifiques d\u00e9nonc\u00e9es comme corrompues ou ayant des desseins cach\u00e9s, sur les immigr\u00e9\u00b7es pr\u00e9sent\u00e9\u00b7es comme des entit\u00e9s dangereuses cherchant \u00e0 remplacer les nationaux, ainsi que sur les politiques climatiques accus\u00e9es d&rsquo;affaiblir le bien-\u00eatre des citoyen\u00b7nes.<\/p>\n\n\n\n<p><strong>Deux \u00e9quipes en \u00e9troite collaboration <\/strong><\/p>\n\n\n\n<p>L\u2019\u00e9quipe bas\u00e9e \u00e0 l\u2019Institut d\u2019\u00e9tudes politiques de l\u2019Unil, compos\u00e9e d&rsquo;<a href=\"https:\/\/applicationspub.unil.ch\/interpub\/noauth\/php\/Un\/UnPers.php?PerNum=870629&amp;LanCode=37\">Oscar Mazzoleni<\/a>, de <a href=\"https:\/\/applicationspub.unil.ch\/interpub\/noauth\/php\/Un\/UnPers.php?PerNum=1271492&amp;LanCode=37\">Klaudia Koxha<\/a> et d&rsquo;<a href=\"https:\/\/applicationspub.unil.ch\/interpub\/noauth\/php\/Un\/UnPers.php?PerNum=1255223&amp;LanCode=8\">Emilia Meini<\/a>, analyse le discours des partis et des leaders de la droite radicale dans quatre pays europ\u00e9ens : la Suisse, l\u2019Autriche, la France et l\u2019Italie. L\u2019\u00e9quipe de l&rsquo;universit\u00e9 de Salzbourg, leur partenaire, se concentre sur l\u2019\u00e9tude des attitudes citoyennes. Gr\u00e2ce \u00e0 une approche comparative et \u00e0 une m\u00e9thodologie mixte, la collaboration entre ces deux \u00e9quipes permet de mieux comprendre comment les logiques populistes et complotistes se manifestent, trouvent un \u00e9cho aupr\u00e8s du public et peuvent influencer les choix \u00e9lectoraux en faveur des droites radicales.<\/p>\n\n\n\n<p><strong>Publications en cours<\/strong><\/p>\n\n\n\n<p>Deux th\u00e8ses de doctorat, plusieurs articles pour revues \u00e0 comit\u00e9 de lecture, ainsi que deux ouvrages sont pr\u00e9vus pour valoriser les r\u00e9sultats de ce projet international.<\/p>\n\n\n\n<p><em>Klaudia Koxha, chercheuse FNS senior \u00e0 l\u2019Institut d\u2019\u00e9tudes politiques et Oscar Mazzoleni, Professeur titulaire \u00e0 l\u2019Institut d\u2019\u00e9tudes politiques<\/em><\/p>\n\n\n\n<p><\/p>\n","protected":false},"excerpt":{"rendered":"<p>Les th\u00e9ories du complot ne sont plus marginales dans l\u2019espace politique : elles s\u2019invitent de plus en plus dans la comp\u00e9tition politique, en combinaison avec les rh\u00e9toriques populistes. Le projet &hellip; <\/p>\n","protected":false},"author":163,"featured_media":0,"comment_status":"closed","ping_status":"closed","sticky":false,"template":"","format":"standard","meta":{"_seopress_robots_primary_cat":"","_seopress_titles_title":"","_seopress_titles_desc":"","_seopress_robots_index":"","_uag_custom_page_level_css":"","_EventAllDay":false,"_EventTimezone":"","_EventStartDate":"","_EventEndDate":"","_EventStartDateUTC":"","_EventEndDateUTC":"","_EventShowMap":false,"_EventShowMapLink":false,"_EventURL":"","_EventCost":"","_EventCostDescription":"","_EventCurrencySymbol":"","_EventCurrencyCode":"","_EventCurrencyPosition":"","_EventDateTimeSeparator":"","_EventTimeRangeSeparator":"","_EventOrganizerID":[],"_EventVenueID":[],"_OrganizerEmail":"","_OrganizerPhone":"","_OrganizerWebsite":"","_VenueAddress":"","_VenueCity":"","_VenueCountry":"","_VenueProvince":"","_VenueState":"","_VenueZip":"","_VenuePhone":"","_VenueURL":"","_VenueStateProvince":"","_VenueLat":"","_VenueLng":"","_VenueShowMap":false,"_VenueShowMapLink":false,"footnotes":""},"categories":[19452],"tags":[],"class_list":["post-10469","post","type-post","status-publish","format-standard","category-nouveaux-projets-de-recherche"],"uagb_featured_image_src":{"full":false,"thumbnail":false,"medium":false,"medium_large":false,"large":false,"1536x1536":false,"2048x2048":false,"hitmag-landscape":false,"hitmag-featured":false,"hitmag-grid":false,"hitmag-list":false,"hitmag-thumbnail":false,"gform-image-choice-sm":false,"gform-image-choice-md":false,"gform-image-choice-lg":false,"mailpoet_newsletter_max":false},"uagb_author_info":{"display_name":"sschlat1","author_link":"https:\/\/wp.unil.ch\/esspace\/author\/sschlat1\/"},"uagb_comment_info":0,"uagb_excerpt":"Les th\u00e9ories du complot ne sont plus marginales dans l\u2019espace politique : elles s\u2019invitent de plus en plus dans la comp\u00e9tition politique, en combinaison avec les rh\u00e9toriques populistes. Le projet &hellip;","_links":{"self":[{"href":"https:\/\/wp.unil.ch\/esspace\/wp-json\/wp\/v2\/posts\/10469","targetHints":{"allow":["GET"]}}],"collection":[{"href":"https:\/\/wp.unil.ch\/esspace\/wp-json\/wp\/v2\/posts"}],"about":[{"href":"https:\/\/wp.unil.ch\/esspace\/wp-json\/wp\/v2\/types\/post"}],"author":[{"embeddable":true,"href":"https:\/\/wp.unil.ch\/esspace\/wp-json\/wp\/v2\/users\/163"}],"replies":[{"embeddable":true,"href":"https:\/\/wp.unil.ch\/esspace\/wp-json\/wp\/v2\/comments?post=10469"}],"version-history":[{"count":3,"href":"https:\/\/wp.unil.ch\/esspace\/wp-json\/wp\/v2\/posts\/10469\/revisions"}],"predecessor-version":[{"id":10555,"href":"https:\/\/wp.unil.ch\/esspace\/wp-json\/wp\/v2\/posts\/10469\/revisions\/10555"}],"wp:attachment":[{"href":"https:\/\/wp.unil.ch\/esspace\/wp-json\/wp\/v2\/media?parent=10469"}],"wp:term":[{"taxonomy":"category","embeddable":true,"href":"https:\/\/wp.unil.ch\/esspace\/wp-json\/wp\/v2\/categories?post=10469"},{"taxonomy":"post_tag","embeddable":true,"href":"https:\/\/wp.unil.ch\/esspace\/wp-json\/wp\/v2\/tags?post=10469"}],"curies":[{"name":"wp","href":"https:\/\/api.w.org\/{rel}","templated":true}]}}