{"id":10366,"date":"2026-01-27T10:31:08","date_gmt":"2026-01-27T09:31:08","guid":{"rendered":"https:\/\/wp.unil.ch\/esspace\/?p=10366"},"modified":"2026-01-27T10:31:10","modified_gmt":"2026-01-27T09:31:10","slug":"marine-kneubuhler","status":"publish","type":"post","link":"https:\/\/wp.unil.ch\/esspace\/2026\/01\/marine-kneubuhler\/","title":{"rendered":"Marine Kneub\u00fchler"},"content":{"rendered":"\n<p><strong>Socioph\u00e9nom\u00e9nologie. Rassembler les sciences sociales autour de l\u2019exp\u00e9rience d\u2019un rappeur romand<\/strong><\/p>\n\n\n\n<!--more-->\n\n\n\n<p><em>Marine Kneub\u00fchler est titulaire d\u2019un master en sciences sociales de l\u2019Universit\u00e9 de Lausanne (UNIL). Apr\u00e8s avoir occup\u00e9 la fonction d\u2019assistante dipl\u00f4m\u00e9e \u00e0 l\u2019Institut des sciences sociales de l\u2019UNIL, elle a obtenu une bourse Doc.Mobility du Fonds national suisse de la recherche scientifique (FNS) pour approfondir ses recherches durant 6 mois \u00e0 l\u2019Universit\u00e9 Catholique de Louvain, puis 1 an au Center for Subjectivity Research de l\u2019Universit\u00e9 de Copenhague. En parall\u00e8le de la r\u00e9daction de sa th\u00e8se, dirig\u00e9e par la Prof. Laurence Kaufmann (Institut des sciences sociales de l\u2019UNIL), elle a travaill\u00e9 pour diff\u00e9rents projets financ\u00e9s par le FNS, le Fonds d\u2019initiative pour les m\u00e9dias (IMI) et Innosuisse. Elle a soutenu sa th\u00e8se le 17 d\u00e9cembre 2025.<\/em><\/p>\n\n\n\n<p>En faisant de la ph\u00e9nom\u00e9nologie son alli\u00e9e \u00e9pist\u00e9mologique, cette th\u00e8se entend r\u00e9int\u00e9grer l\u2019individu, sa singularit\u00e9 et son exp\u00e9rience au c\u0153ur m\u00eame de la sociologie. Elle d\u00e9veloppe ainsi une socioph\u00e9nom\u00e9nologie, entendue comme l\u2019\u00e9tude des ph\u00e9nom\u00e8nes sociaux tels qu\u2019ils se donnent \u00e0 l\u2019exp\u00e9rience. Elle part du constat que le social ne peut \u00eatre connu qu\u2019en tant qu\u2019il est \u00e9prouv\u00e9 par des individus, qui en sont \u00e0 la fois les \u00ab&nbsp;produits&nbsp;\u00bb et les constituants. Pour d\u00e9passer l\u2019opposition classique entre le holisme et l\u2019individualisme, elle s\u2019inspire de l\u2019approche dialectique de G.&nbsp;Simmel et de sa m\u00e9thode formelle, afin de d\u00e9gager des formes minimales capables d\u2019articuler les institutions, les collectifs et les individus singuliers.<\/p>\n\n\n\n<p>Ce cadre conceptuel est nourri par le suivi approfondi d\u2019un rappeur, LK, actif dans le hip-hop suisse romand et cofondateur du collectif Les Uns. De nature paradigmatique, ce cas empirique permet d\u2019examiner les apports et les limites des grandes approches en sciences sociales, notamment leur difficult\u00e9 \u00e0 saisir la perspective en premi\u00e8re personne et les appropriations dynamiques propres \u00e0 l\u2019exp\u00e9rience. La th\u00e8se d\u00e9fend ainsi la n\u00e9cessit\u00e9 d\u2019une anthropologie ph\u00e9nom\u00e9nologique, adoss\u00e9e au corps propre, au <em>minimal self<\/em> et au concept de \u00ab&nbsp;volume humain&nbsp;\u00bb, pour pr\u00e9server les dimensions singuli\u00e8res et subjectives irr\u00e9ductibles de l\u2019exp\u00e9rience. Une telle anthropologie permet de tenir compte des capacit\u00e9s r\u00e9flexives des individus aussi bien que de l\u2019opacit\u00e9 inh\u00e9rente \u00e0 leur perspective et \u00e0 leur structure d\u2019exp\u00e9rience.<\/p>\n\n\n\n<p>La derni\u00e8re partie approfondit ce programme \u00e0 partir de l\u2019observation d\u2019un moment de cr\u00e9ation d\u2019un couplet par LK, afin d\u2019\u00e9clairer les m\u00e9diations qui \u00ab&nbsp;travaillent&nbsp;\u00bb l\u2019intersubjectivit\u00e9, l\u2019alt\u00e9rit\u00e9 \u00e0 soi, la subjectivation et la circulation de l\u2019exp\u00e9rience. La th\u00e8se vise ainsi \u00e0 montrer que seule une sociologie attentive \u00e0 l\u2019exp\u00e9rience subjective des individus et \u00e0 ses m\u00e9diations peut rendre justice \u00e0 la gen\u00e8se et \u00e0 la transformation des ph\u00e9nom\u00e8nes sociaux.<\/p>\n","protected":false},"excerpt":{"rendered":"<p>Socioph\u00e9nom\u00e9nologie. Rassembler les sciences sociales autour de l\u2019exp\u00e9rience d\u2019un rappeur romand<\/p>\n","protected":false},"author":163,"featured_media":0,"comment_status":"closed","ping_status":"closed","sticky":false,"template":"","format":"standard","meta":{"_seopress_robots_primary_cat":"","_seopress_titles_title":"","_seopress_titles_desc":"","_seopress_robots_index":"","_uag_custom_page_level_css":"","_EventAllDay":false,"_EventTimezone":"","_EventStartDate":"","_EventEndDate":"","_EventStartDateUTC":"","_EventEndDateUTC":"","_EventShowMap":false,"_EventShowMapLink":false,"_EventURL":"","_EventCost":"","_EventCostDescription":"","_EventCurrencySymbol":"","_EventCurrencyCode":"","_EventCurrencyPosition":"","_EventDateTimeSeparator":"","_EventTimeRangeSeparator":"","_EventOrganizerID":[],"_EventVenueID":[],"_OrganizerEmail":"","_OrganizerPhone":"","_OrganizerWebsite":"","_VenueAddress":"","_VenueCity":"","_VenueCountry":"","_VenueProvince":"","_VenueState":"","_VenueZip":"","_VenuePhone":"","_VenueURL":"","_VenueStateProvince":"","_VenueLat":"","_VenueLng":"","_VenueShowMap":false,"_VenueShowMapLink":false,"footnotes":""},"categories":[19451],"tags":[],"class_list":["post-10366","post","type-post","status-publish","format-standard","category-theses"],"uagb_featured_image_src":{"full":false,"thumbnail":false,"medium":false,"medium_large":false,"large":false,"1536x1536":false,"2048x2048":false,"hitmag-landscape":false,"hitmag-featured":false,"hitmag-grid":false,"hitmag-list":false,"hitmag-thumbnail":false,"gform-image-choice-sm":false,"gform-image-choice-md":false,"gform-image-choice-lg":false,"mailpoet_newsletter_max":false},"uagb_author_info":{"display_name":"sschlat1","author_link":"https:\/\/wp.unil.ch\/esspace\/author\/sschlat1\/"},"uagb_comment_info":0,"uagb_excerpt":"Socioph\u00e9nom\u00e9nologie. Rassembler les sciences sociales autour de l\u2019exp\u00e9rience d\u2019un rappeur romand","_links":{"self":[{"href":"https:\/\/wp.unil.ch\/esspace\/wp-json\/wp\/v2\/posts\/10366","targetHints":{"allow":["GET"]}}],"collection":[{"href":"https:\/\/wp.unil.ch\/esspace\/wp-json\/wp\/v2\/posts"}],"about":[{"href":"https:\/\/wp.unil.ch\/esspace\/wp-json\/wp\/v2\/types\/post"}],"author":[{"embeddable":true,"href":"https:\/\/wp.unil.ch\/esspace\/wp-json\/wp\/v2\/users\/163"}],"replies":[{"embeddable":true,"href":"https:\/\/wp.unil.ch\/esspace\/wp-json\/wp\/v2\/comments?post=10366"}],"version-history":[{"count":1,"href":"https:\/\/wp.unil.ch\/esspace\/wp-json\/wp\/v2\/posts\/10366\/revisions"}],"predecessor-version":[{"id":10367,"href":"https:\/\/wp.unil.ch\/esspace\/wp-json\/wp\/v2\/posts\/10366\/revisions\/10367"}],"wp:attachment":[{"href":"https:\/\/wp.unil.ch\/esspace\/wp-json\/wp\/v2\/media?parent=10366"}],"wp:term":[{"taxonomy":"category","embeddable":true,"href":"https:\/\/wp.unil.ch\/esspace\/wp-json\/wp\/v2\/categories?post=10366"},{"taxonomy":"post_tag","embeddable":true,"href":"https:\/\/wp.unil.ch\/esspace\/wp-json\/wp\/v2\/tags?post=10366"}],"curies":[{"name":"wp","href":"https:\/\/api.w.org\/{rel}","templated":true}]}}