{"id":2249,"date":"2025-05-29T14:50:58","date_gmt":"2025-05-29T12:50:58","guid":{"rendered":"https:\/\/wp.unil.ch\/droitetlitterature\/?p=2249"},"modified":"2025-05-29T14:50:58","modified_gmt":"2025-05-29T12:50:58","slug":"affaire-bastien-vives-la-liberte-dexpression-peut-elle-justifier-nimporte-quel-dessin","status":"publish","type":"post","link":"https:\/\/wp.unil.ch\/droitetlitterature\/affaire-bastien-vives-la-liberte-dexpression-peut-elle-justifier-nimporte-quel-dessin\/","title":{"rendered":"Affaire Bastien Viv\u00e8s : la libert\u00e9 d&rsquo;expression peut-elle justifier n&rsquo;importe quel dessin ?"},"content":{"rendered":"\n<p>\u00ab\u00a0L\u2019auteur de bande dessin\u00e9e Bastien Viv\u00e8s \u00e9tait pr\u00e9venu, au visa de <a href=\"https:\/\/www.legifrance.gouv.fr\/codes\/article_lc\/LEGIARTI000043409170\" target=\"_blank\" rel=\"noreferrer noopener\">l\u2019article 227-23 du code p\u00e9nal fran\u00e7ais<\/a>, d\u2019avoir r\u00e9alis\u00e9 des dessins de mineurs \u00e0 caract\u00e8re pornographique dans deux de ses ouvrages, \u00ab\u00a0Petit Paul\u00a0\u00bb (\u00e9ditions Gl\u00e9nat) et \u00ab\u00a0La d\u00e9charge mentale\u00a0\u00bb (\u00e9ditions Les requins marteaux). Comme le dessinateur de 41 ans, ses \u00e9diteurs avaient \u00e9t\u00e9 renvoy\u00e9s devant la 20e chambre du tribunal correctionnel de Nanterre, sp\u00e9cialis\u00e9e dans le traitement des infractions contre les mineurs\u00a0\u00bb<sup data-fn=\"183bf2d5-405f-476f-ba26-2b96bfe6b405\" class=\"fn\"><a href=\"#183bf2d5-405f-476f-ba26-2b96bfe6b405\" id=\"183bf2d5-405f-476f-ba26-2b96bfe6b405-link\">1<\/a><\/sup>.<\/p>\n\n\n\n<p>Le tribunal correctionnel de Nanterre s&rsquo;est finalement d\u00e9clar\u00e9 territorialement incomp\u00e9tent, mais l&rsquo;accusation demeure. Bastien Viv\u00e8s aurait banalis\u00e9 et fait l&rsquo;apologie de l&rsquo;inceste et de la p\u00e9docriminalit\u00e9 dans plusieurs de ses ouvrages&#8230; <\/p>\n\n\n\n<p><strong>Pour en apprendre plus :<\/strong> <\/p>\n\n\n\n<ul class=\"wp-block-list\">\n<li><a href=\"https:\/\/www.lematin.ch\/story\/france-le-tribunal-qui-devait-juger-bastien-vives-se-declare-incompetent-103353863\">https:\/\/www.lematin.ch\/story\/france-le-tribunal-qui-devait-juger-bastien-vives-se-declare-incompetent-103353863<\/a><\/li>\n\n\n\n<li><a href=\"https:\/\/www.radiofrance.fr\/franceinter\/bd-de-bastien-vives-pourquoi-la-justice-ouvre-une-enquete-pour-diffusion-d-images-pedopornographiques-2125597\">https:\/\/www.radiofrance.fr\/franceinter\/bd-de-bastien-vives-pourquoi-la-justice-ouvre-une-enquete-pour-diffusion-d-images-pedopornographiques-2125597<\/a><\/li>\n<\/ul>\n\n\n<ol class=\"wp-block-footnotes\"><li id=\"183bf2d5-405f-476f-ba26-2b96bfe6b405\"><a href=\"https:\/\/www.blast-info.fr\/articles\/2025\/affaire-bastien-vives-le-tribunal-renvoie-le-parquet-dans-les-cordes-mo9rkJS0QQKjYndk0rbLRA\">https:\/\/www.blast-info.fr\/articles\/2025\/affaire-bastien-vives-le-tribunal-renvoie-le-parquet-dans-les-cordes-mo9rkJS0QQKjYndk0rbLRA<\/a> <a href=\"#183bf2d5-405f-476f-ba26-2b96bfe6b405-link\" aria-label=\"Aller \u00e0 la note de bas de page 1\">\u21a9\ufe0e<\/a><\/li><\/ol>\n\n\n<p><\/p>\n","protected":false},"excerpt":{"rendered":"<p>\u00ab\u00a0L\u2019auteur de bande dessin\u00e9e Bastien Viv\u00e8s \u00e9tait pr\u00e9venu, au visa de l\u2019article 227-23 du code p\u00e9nal fran\u00e7ais, d\u2019avoir r\u00e9alis\u00e9 des dessins de mineurs \u00e0 caract\u00e8re pornographique dans deux&hellip;<\/p>\n","protected":false},"author":1002851,"featured_media":2250,"comment_status":"closed","ping_status":"closed","sticky":false,"template":"template-full-width.php","format":"standard","meta":{"_seopress_robots_primary_cat":"","_seopress_titles_title":"","_seopress_titles_desc":"","_seopress_robots_index":"","_EventAllDay":false,"_EventTimezone":"","_EventStartDate":"","_EventEndDate":"","_EventStartDateUTC":"","_EventEndDateUTC":"","_EventShowMap":false,"_EventShowMapLink":false,"_EventURL":"","_EventCost":"","_EventCostDescription":"","_EventCurrencySymbol":"","_EventCurrencyCode":"","_EventCurrencyPosition":"","_EventDateTimeSeparator":"","_EventTimeRangeSeparator":"","_EventOrganizerID":[],"_EventVenueID":[],"_OrganizerEmail":"","_OrganizerPhone":"","_OrganizerWebsite":"","_VenueAddress":"","_VenueCity":"","_VenueCountry":"","_VenueProvince":"","_VenueState":"","_VenueZip":"","_VenuePhone":"","_VenueURL":"","_VenueStateProvince":"","_VenueLat":"","_VenueLng":"","_VenueShowMap":false,"_VenueShowMapLink":false,"footnotes":"[{\"id\":\"183bf2d5-405f-476f-ba26-2b96bfe6b405\",\"content\":\"<a href=\\\"https:\\\/\\\/www.blast-info.fr\\\/articles\\\/2025\\\/affaire-bastien-vives-le-tribunal-renvoie-le-parquet-dans-les-cordes-mo9rkJS0QQKjYndk0rbLRA\\\">https:\\\/\\\/www.blast-info.fr\\\/articles\\\/2025\\\/affaire-bastien-vives-le-tribunal-renvoie-le-parquet-dans-les-cordes-mo9rkJS0QQKjYndk0rbLRA<\\\/a>\"}]"},"categories":[1],"tags":[],"class_list":["post-2249","post","type-post","status-publish","format-standard","has-post-thumbnail","category-uncategorized"],"_links":{"self":[{"href":"https:\/\/wp.unil.ch\/droitetlitterature\/wp-json\/wp\/v2\/posts\/2249","targetHints":{"allow":["GET"]}}],"collection":[{"href":"https:\/\/wp.unil.ch\/droitetlitterature\/wp-json\/wp\/v2\/posts"}],"about":[{"href":"https:\/\/wp.unil.ch\/droitetlitterature\/wp-json\/wp\/v2\/types\/post"}],"author":[{"embeddable":true,"href":"https:\/\/wp.unil.ch\/droitetlitterature\/wp-json\/wp\/v2\/users\/1002851"}],"replies":[{"embeddable":true,"href":"https:\/\/wp.unil.ch\/droitetlitterature\/wp-json\/wp\/v2\/comments?post=2249"}],"version-history":[{"count":1,"href":"https:\/\/wp.unil.ch\/droitetlitterature\/wp-json\/wp\/v2\/posts\/2249\/revisions"}],"predecessor-version":[{"id":2251,"href":"https:\/\/wp.unil.ch\/droitetlitterature\/wp-json\/wp\/v2\/posts\/2249\/revisions\/2251"}],"wp:featuredmedia":[{"embeddable":true,"href":"https:\/\/wp.unil.ch\/droitetlitterature\/wp-json\/wp\/v2\/media\/2250"}],"wp:attachment":[{"href":"https:\/\/wp.unil.ch\/droitetlitterature\/wp-json\/wp\/v2\/media?parent=2249"}],"wp:term":[{"taxonomy":"category","embeddable":true,"href":"https:\/\/wp.unil.ch\/droitetlitterature\/wp-json\/wp\/v2\/categories?post=2249"},{"taxonomy":"post_tag","embeddable":true,"href":"https:\/\/wp.unil.ch\/droitetlitterature\/wp-json\/wp\/v2\/tags?post=2249"}],"curies":[{"name":"wp","href":"https:\/\/api.w.org\/{rel}","templated":true}]}}