{"id":2419,"date":"2026-04-09T10:31:30","date_gmt":"2026-04-09T08:31:30","guid":{"rendered":"https:\/\/wp.unil.ch\/diesacademicus\/?p=2419"},"modified":"2026-04-28T11:25:54","modified_gmt":"2026-04-28T09:25:54","slug":"domaine-espaces-verts-unibat","status":"publish","type":"post","link":"https:\/\/wp.unil.ch\/diesacademicus\/domaine-espaces-verts-unibat\/","title":{"rendered":"Domaine Espaces verts, Unibat"},"content":{"rendered":"\n<p style=\"font-size:clamp(14px, 0.875rem + ((1vw - 3.2px) * 0.098), 15px);\"><em>Par Francine Zambano<\/em><\/p>\n\n\n\n<h3 class=\"wp-block-heading\">Un prix collectif pour un paysage en mouvement<\/h3>\n\n\n\n<p>Rattach\u00e9 \u00e0 Unibat, le domaine Espaces verts est pilot\u00e9 par Patrick Arnold et son adjointe Claire Badi. Tous deux saluent une distinction\u00a0<em>(voir encadr\u00e9)<\/em>\u00a0re\u00e7ue avec gratitude. \u00ab\u00a0Nous sommes tr\u00e8s honor\u00e9s. Il est essentiel pour nous que l\u2019\u00e9quipe de terrain soit mise en lumi\u00e8re\u00a0\u00bb, soulignent-ils. Leur mission consiste \u00e0 d\u00e9finir une strat\u00e9gie des espaces verts, planifier et superviser les travaux, dont une partie est assur\u00e9e par l\u2019\u00e9quipe de quatre jardiniers dirig\u00e9e par Jos\u00e9 Da Silva.<\/p>\n\n\n\n<p>Ce dernier, qui repr\u00e9sente l\u2019ensemble du personnel du domaine Espaces verts, accueille le prix avec fiert\u00e9 et sobri\u00e9t\u00e9. \u00ab&nbsp;Il r\u00e9compense avant tout un collectif&nbsp;\u00bb, insiste-t-il. Car ici rien ne se fait seul. \u00ab&nbsp;Sans l\u2019engagement de chacun, le campus ne serait pas ce qu\u2019il est.&nbsp;\u00bb Leur terrain d\u2019action couvre pr\u00e8s de 90 hectares de for\u00eats, prairies, cheminements et zones tr\u00e8s fr\u00e9quent\u00e9es. Un \u00e9cosyst\u00e8me vivant, en perp\u00e9tuelle \u00e9volution. \u00ab&nbsp;On s\u2019occupe de tout. Le site est exceptionnel, mais exigeant&nbsp;\u00bb, r\u00e9sume-t-il.<\/p>\n\n\n\n<p>Rien n\u2019est laiss\u00e9 au hasard. Ce qui semble spontan\u00e9 est pens\u00e9, structur\u00e9, assum\u00e9. Certaines zones sont entretenues avec pr\u00e9cision, d\u2019autres volontairement laiss\u00e9es libres. \u00ab&nbsp;Nous pr\u00e9servons des prairies naturelles et des espaces d\u00e9di\u00e9s \u00e0 la biodiversit\u00e9. C\u2019est un choix.&nbsp;\u00bb<\/p>\n\n\n\n<h3 class=\"wp-block-heading\">Des moutons pour entretenir autrement<\/h3>\n\n\n\n<p>Ce choix intrigue, notamment les visiteurs \u00e9trangers. \u00ab&nbsp;Ils ne s\u2019attendent pas \u00e0 traverser une for\u00eat au c\u0153ur du campus&nbsp;\u00bb, observe Jos\u00e9 Da Silva. C\u2019est pourtant l\u00e0 que r\u00e9side l\u2019identit\u00e9 du lieu, soit un contraste fort et assum\u00e9. Sans produits chimiques, avec des solutions naturelles&nbsp;: biotopes, nichoirs, zones refuges et m\u00eame des moutons pour l\u2019entretien. Une approche douce, largement salu\u00e9e. Jardinier paysagiste depuis pr\u00e8s de 40 ans, \u00e0 l\u2019Unil depuis dix ans, Jos\u00e9 Da Silva travaille dans le temps long. \u00ab&nbsp;J\u2019aime cr\u00e9er, planter, puis voir \u00e9voluer&nbsp;\u00bb, dit-il simplement.<\/p>\n\n\n\n<p>Dans ce contexte, le prix prend tout son sens. \u00ab&nbsp;Il nous motive encore davantage. Il confirme que notre travail est reconnu.&nbsp;\u00bb Et d\u00e9j\u00e0 l\u2019avenir s\u2019esquisse. La renaturation de la Chamberonne transformera le site. \u00ab&nbsp;Cela changera la perception du campus d\u2019une fa\u00e7on tr\u00e8s positive&nbsp;\u00bb, conclut-il.<\/p>\n\n\n\n<p>En fa\u00e7onnant un paysage vivant, durable et ouvert \u00e0 toutes et tous, le domaine Espaces verts contribue chaque jour \u00e0 la qualit\u00e9 de vie de la communaut\u00e9 Unil, un engagement aujourd\u2019hui pleinement reconnu.<\/p>\n\n\n\n<div class=\"wp-block-group is-style-section-1 has-global-padding is-layout-constrained wp-container-core-group-is-layout-942fe8c5 wp-block-group-is-layout-constrained is-style-section-1--1\" style=\"border-top-left-radius:20px;border-top-right-radius:20px;border-bottom-left-radius:20px;border-bottom-right-radius:20px;margin-top:var(--wp--preset--spacing--40);padding-top:var(--wp--preset--spacing--40);padding-right:var(--wp--preset--spacing--40);padding-bottom:var(--wp--preset--spacing--40);padding-left:var(--wp--preset--spacing--40)\">\n<p>Le Prix de l\u2019engagement en faveur de la communaut\u00e9 Unil, instaur\u00e9 par la Direction en 2022, vise \u00e0 souligner l&rsquo;importance du sentiment d&rsquo;appartenance \u00e0 la communaut\u00e9 universitaire. Il r\u00e9compense des membres ou des collectifs de l&rsquo;Universit\u00e9 dont le travail ou l&rsquo;investissement, souvent effectu\u00e9 dans l&rsquo;ombre, est au service de l&rsquo;institution et de ses membres.<\/p>\n<\/div>\n","protected":false},"excerpt":{"rendered":"<p>Le domaine Espaces verts du service Unibat est laur\u00e9at du Prix de l\u2019engagement en faveur de la communaut\u00e9 Unil, r\u00e9compensant son r\u00f4le central dans la gestion et la valorisation du patrimoine paysager du campus.<\/p>\n","protected":false},"author":47,"featured_media":2522,"comment_status":"closed","ping_status":"closed","sticky":false,"template":"","format":"standard","meta":{"_seopress_robots_primary_cat":"","_seopress_titles_title":"","_seopress_titles_desc":"","_seopress_robots_index":"","_uag_custom_page_level_css":"","footnotes":""},"categories":[21],"tags":[],"class_list":{"0":"post-2419","1":"post","2":"type-post","3":"status-publish","4":"format-standard","5":"has-post-thumbnail","7":"category-prix-de-lengagement-en-faveur-de-la-communaute-unil"},"uagb_featured_image_src":{"full":["https:\/\/wp.unil.ch\/diesacademicus\/files\/2026\/04\/da-silva.jpg",1200,800,false],"thumbnail":["https:\/\/wp.unil.ch\/diesacademicus\/files\/2026\/04\/da-silva-150x150.jpg",150,150,true],"medium":["https:\/\/wp.unil.ch\/diesacademicus\/files\/2026\/04\/da-silva-300x200.jpg",300,200,true],"medium_large":["https:\/\/wp.unil.ch\/diesacademicus\/files\/2026\/04\/da-silva-768x512.jpg",768,512,true],"large":["https:\/\/wp.unil.ch\/diesacademicus\/files\/2026\/04\/da-silva-1024x683.jpg",1024,683,true],"1536x1536":["https:\/\/wp.unil.ch\/diesacademicus\/files\/2026\/04\/da-silva.jpg",1200,800,false],"2048x2048":["https:\/\/wp.unil.ch\/diesacademicus\/files\/2026\/04\/da-silva.jpg",1200,800,false],"gform-image-choice-sm":["https:\/\/wp.unil.ch\/diesacademicus\/files\/2026\/04\/da-silva.jpg",300,200,false],"gform-image-choice-md":["https:\/\/wp.unil.ch\/diesacademicus\/files\/2026\/04\/da-silva.jpg",400,267,false],"gform-image-choice-lg":["https:\/\/wp.unil.ch\/diesacademicus\/files\/2026\/04\/da-silva.jpg",600,400,false],"bdpp-medium":["https:\/\/wp.unil.ch\/diesacademicus\/files\/2026\/04\/da-silva-640x480.jpg",640,480,true],"mailpoet_newsletter_max":["https:\/\/wp.unil.ch\/diesacademicus\/files\/2026\/04\/da-silva.jpg",1200,800,false]},"uagb_author_info":{"display_name":"G\u00e9oblog","author_link":"https:\/\/wp.unil.ch\/diesacademicus\/author\/fguignet\/"},"uagb_comment_info":0,"uagb_excerpt":"Le domaine Espaces verts du service Unibat est laur\u00e9at du Prix de l\u2019engagement en faveur de la communaut\u00e9 Unil, r\u00e9compensant son r\u00f4le central dans la gestion et la valorisation du patrimoine paysager du campus.","_links":{"self":[{"href":"https:\/\/wp.unil.ch\/diesacademicus\/wp-json\/wp\/v2\/posts\/2419","targetHints":{"allow":["GET"]}}],"collection":[{"href":"https:\/\/wp.unil.ch\/diesacademicus\/wp-json\/wp\/v2\/posts"}],"about":[{"href":"https:\/\/wp.unil.ch\/diesacademicus\/wp-json\/wp\/v2\/types\/post"}],"author":[{"embeddable":true,"href":"https:\/\/wp.unil.ch\/diesacademicus\/wp-json\/wp\/v2\/users\/47"}],"replies":[{"embeddable":true,"href":"https:\/\/wp.unil.ch\/diesacademicus\/wp-json\/wp\/v2\/comments?post=2419"}],"version-history":[{"count":5,"href":"https:\/\/wp.unil.ch\/diesacademicus\/wp-json\/wp\/v2\/posts\/2419\/revisions"}],"predecessor-version":[{"id":2547,"href":"https:\/\/wp.unil.ch\/diesacademicus\/wp-json\/wp\/v2\/posts\/2419\/revisions\/2547"}],"wp:featuredmedia":[{"embeddable":true,"href":"https:\/\/wp.unil.ch\/diesacademicus\/wp-json\/wp\/v2\/media\/2522"}],"wp:attachment":[{"href":"https:\/\/wp.unil.ch\/diesacademicus\/wp-json\/wp\/v2\/media?parent=2419"}],"wp:term":[{"taxonomy":"category","embeddable":true,"href":"https:\/\/wp.unil.ch\/diesacademicus\/wp-json\/wp\/v2\/categories?post=2419"},{"taxonomy":"post_tag","embeddable":true,"href":"https:\/\/wp.unil.ch\/diesacademicus\/wp-json\/wp\/v2\/tags?post=2419"}],"curies":[{"name":"wp","href":"https:\/\/api.w.org\/{rel}","templated":true}]}}