{"id":2415,"date":"2026-04-09T10:30:59","date_gmt":"2026-04-09T08:30:59","guid":{"rendered":"https:\/\/wp.unil.ch\/diesacademicus\/?p=2415"},"modified":"2026-04-27T11:26:51","modified_gmt":"2026-04-27T09:26:51","slug":"marie-gaille","status":"publish","type":"post","link":"https:\/\/wp.unil.ch\/diesacademicus\/marie-gaille\/","title":{"rendered":"Marie Gaille"},"content":{"rendered":"\n<p class=\"marge-neg\" style=\"font-size:12px\">Cr\u00e9dit photo : C\u00e9line Gaille<\/p>\n\n\n\n<p style=\"margin-top:var(--wp--preset--spacing--40);font-size:clamp(14px, 0.875rem + ((1vw - 3.2px) * 0.098), 15px);\"><em>Par : Communication FBM<\/em><\/p>\n\n\n\n<p class=\"has-contrast-color has-text-color has-link-color wp-elements-dcdb98d48bf97cfe5a166bfc5f358367\">Marie Gaille est une \u00ab&nbsp;vraie Parisienne&nbsp;\u00bb, comme la d\u00e9crit le professeur Nicolas Senn&nbsp;: la philosophe, sp\u00e9cialis\u00e9e en histoire et philosophie des sciences, a \u0153uvr\u00e9 dans les plus hautes sph\u00e8res acad\u00e9miques de la capitale fran\u00e7aise. Elle a \u00e9t\u00e9 directrice de recherche au laboratoire <a href=\"https:\/\/sphere.cnrs.fr\/\">SPHERE<\/a> du CNRS-Universit\u00e9 de Paris, et enseigne aujourd\u2019hui la philosophie \u00e0 l\u2019\u00c9cole normale sup\u00e9rieure (ENS). Elle est \u00e9galement rattach\u00e9e \u00e0 la <a href=\"https:\/\/republique-des-savoirs.fr\/\">R\u00e9publique des savoirs<\/a>, unit\u00e9 mixte de recherche, transdisciplinaire, affili\u00e9e \u00e0 l\u2019ENS, au CNRS et au Coll\u00e8ge de France. Jusqu\u2019en ao\u00fbt 2025 enfin, elle \u00e9tait directrice de l\u2019Institut des sciences humaines et sociales du CNRS, la plus haute instance de recherche dans le domaine en France.<\/p>\n\n\n\n<p>Dans ses travaux, Marie Gaille s\u2019int\u00e9resse tout particuli\u00e8rement aux questions de sant\u00e9, de philosophie du soin (<em>care<\/em> en anglais), avec souvent un ancrage tr\u00e8s pratique, proche de l\u2019\u00e9thique. Pour l\u2019anecdote, elle a aujourd\u2019hui son bureau, \u00e0 l\u2019ENS, dans la maison historique de Louis Pasteur.<\/p>\n\n\n\n<p class=\"has-contrast-color has-text-color has-link-color wp-elements-8e7fc33a6fe98ee0ec131e7559d60cdb\">Marie Gaille s\u2019est aussi pench\u00e9e sur les liens entre environnement et sant\u00e9, et c\u2019est dans ce contexte qu\u2019elle a rencontr\u00e9 le professeur Nicolas Senn, ce qui a marqu\u00e9 le d\u00e9but d\u2019une collaboration florissante entre la scientifique fran\u00e7aise et l\u2019Unil : plusieurs projets de recherche ont \u00e9t\u00e9 d\u00e9velopp\u00e9s, et la collaboration a culmin\u00e9 avec la publication en 2022 du livre <a href=\"https:\/\/www.unil.ch\/unil\/fr\/home\/menuinst\/universite\/organisation-universite\/unites-et-services\/centre-de-competence-en-durabilite\/articles-et-rapports\/sante-et-environnement-vers-une-nouvelle-approche-globale.html\"><em>Sant\u00e9 et environnement : vers une nouvelle approche globale<\/em><\/a> (RMS \u00c9ditions), ouvrage somme regroupant les contributions de plus 60 auteur\u00b7es.<\/p>\n\n\n\n<p class=\"has-contrast-color has-text-color has-link-color wp-elements-a3e902166288c01fecf44b11b2fb2d17\">Aujourd\u2019hui, Marie Gaille continue \u00e0 collaborer avec diff\u00e9rents groupes de recherche de la Facult\u00e9 de biologie et de m\u00e9decine (FBM) de l\u2019Unil. Elle est impliqu\u00e9e dans les <a href=\"https:\/\/www.unil.ch\/fbm\/fr\/home\/menuinst\/faculte\/durabilite\/recherche\/assises-fbm.html\">Assises de la recherche durable en FBM<\/a>, apportant sa \u00ab vision historique et une perspective \u00ab\u00a0m\u00e9ta\u00a0\u00bb sur la recherche \u00bb, souligne Nicolas Senn, vice-doyen de la FBM \u00e0 la Durabilit\u00e9 et aux infrastructures.<\/p>\n\n\n\n<p>Le professeur insiste encore, outre l\u2019excellence acad\u00e9mique de Marie Gaille, sur ses qualit\u00e9s humaines, sa capacit\u00e9 \u00e0 \u00ab&nbsp;d\u00e9samorcer des situations complexes&nbsp;\u00bb, \u00ab&nbsp;toujours \u00e0 m\u00eame de d\u00e9velopper un dialogue constructif dans un esprit d\u2019ouverture et de rassemblement&nbsp;\u00bb.<\/p>\n","protected":false},"excerpt":{"rendered":"<p>Figure majeure des sciences humaines, sp\u00e9cialiste de la philosophie des sciences, Marie Gaille inscrit ses travaux au c\u0153ur des enjeux contemporains, de la sant\u00e9 \u00e0 l\u2019environnement, tout en d\u00e9veloppant des collaborations internationales, notamment avec l\u2019Universit\u00e9 de Lausanne.<\/p>\n","protected":false},"author":47,"featured_media":2481,"comment_status":"closed","ping_status":"closed","sticky":false,"template":"","format":"standard","meta":{"_seopress_robots_primary_cat":"","_seopress_titles_title":"","_seopress_titles_desc":"","_seopress_robots_index":"","_uag_custom_page_level_css":"","footnotes":""},"categories":[1],"tags":[],"class_list":{"0":"post-2415","1":"post","2":"type-post","3":"status-publish","4":"format-standard","5":"has-post-thumbnail","7":"category-dhc"},"uagb_featured_image_src":{"full":["https:\/\/wp.unil.ch\/diesacademicus\/files\/2026\/04\/gaille.jpg",1200,800,false],"thumbnail":["https:\/\/wp.unil.ch\/diesacademicus\/files\/2026\/04\/gaille-150x150.jpg",150,150,true],"medium":["https:\/\/wp.unil.ch\/diesacademicus\/files\/2026\/04\/gaille-300x200.jpg",300,200,true],"medium_large":["https:\/\/wp.unil.ch\/diesacademicus\/files\/2026\/04\/gaille-768x512.jpg",768,512,true],"large":["https:\/\/wp.unil.ch\/diesacademicus\/files\/2026\/04\/gaille-1024x683.jpg",1024,683,true],"1536x1536":["https:\/\/wp.unil.ch\/diesacademicus\/files\/2026\/04\/gaille.jpg",1200,800,false],"2048x2048":["https:\/\/wp.unil.ch\/diesacademicus\/files\/2026\/04\/gaille.jpg",1200,800,false],"gform-image-choice-sm":["https:\/\/wp.unil.ch\/diesacademicus\/files\/2026\/04\/gaille.jpg",300,200,false],"gform-image-choice-md":["https:\/\/wp.unil.ch\/diesacademicus\/files\/2026\/04\/gaille.jpg",400,267,false],"gform-image-choice-lg":["https:\/\/wp.unil.ch\/diesacademicus\/files\/2026\/04\/gaille.jpg",600,400,false],"bdpp-medium":["https:\/\/wp.unil.ch\/diesacademicus\/files\/2026\/04\/gaille-640x480.jpg",640,480,true],"mailpoet_newsletter_max":["https:\/\/wp.unil.ch\/diesacademicus\/files\/2026\/04\/gaille.jpg",1200,800,false]},"uagb_author_info":{"display_name":"G\u00e9oblog","author_link":"https:\/\/wp.unil.ch\/diesacademicus\/author\/fguignet\/"},"uagb_comment_info":0,"uagb_excerpt":"Figure majeure des sciences humaines, sp\u00e9cialiste de la philosophie des sciences, Marie Gaille inscrit ses travaux au c\u0153ur des enjeux contemporains, de la sant\u00e9 \u00e0 l\u2019environnement, tout en d\u00e9veloppant des collaborations internationales, notamment avec l\u2019Universit\u00e9 de Lausanne.","_links":{"self":[{"href":"https:\/\/wp.unil.ch\/diesacademicus\/wp-json\/wp\/v2\/posts\/2415","targetHints":{"allow":["GET"]}}],"collection":[{"href":"https:\/\/wp.unil.ch\/diesacademicus\/wp-json\/wp\/v2\/posts"}],"about":[{"href":"https:\/\/wp.unil.ch\/diesacademicus\/wp-json\/wp\/v2\/types\/post"}],"author":[{"embeddable":true,"href":"https:\/\/wp.unil.ch\/diesacademicus\/wp-json\/wp\/v2\/users\/47"}],"replies":[{"embeddable":true,"href":"https:\/\/wp.unil.ch\/diesacademicus\/wp-json\/wp\/v2\/comments?post=2415"}],"version-history":[{"count":5,"href":"https:\/\/wp.unil.ch\/diesacademicus\/wp-json\/wp\/v2\/posts\/2415\/revisions"}],"predecessor-version":[{"id":2545,"href":"https:\/\/wp.unil.ch\/diesacademicus\/wp-json\/wp\/v2\/posts\/2415\/revisions\/2545"}],"wp:featuredmedia":[{"embeddable":true,"href":"https:\/\/wp.unil.ch\/diesacademicus\/wp-json\/wp\/v2\/media\/2481"}],"wp:attachment":[{"href":"https:\/\/wp.unil.ch\/diesacademicus\/wp-json\/wp\/v2\/media?parent=2415"}],"wp:term":[{"taxonomy":"category","embeddable":true,"href":"https:\/\/wp.unil.ch\/diesacademicus\/wp-json\/wp\/v2\/categories?post=2415"},{"taxonomy":"post_tag","embeddable":true,"href":"https:\/\/wp.unil.ch\/diesacademicus\/wp-json\/wp\/v2\/tags?post=2415"}],"curies":[{"name":"wp","href":"https:\/\/api.w.org\/{rel}","templated":true}]}}