{"id":2413,"date":"2026-04-09T10:30:43","date_gmt":"2026-04-09T08:30:43","guid":{"rendered":"https:\/\/wp.unil.ch\/diesacademicus\/?p=2413"},"modified":"2026-04-27T11:21:15","modified_gmt":"2026-04-27T09:21:15","slug":"laura-nota","status":"publish","type":"post","link":"https:\/\/wp.unil.ch\/diesacademicus\/laura-nota\/","title":{"rendered":"Laura Nota"},"content":{"rendered":"\n<p style=\"font-size:clamp(14px, 0.875rem + ((1vw - 3.2px) * 0.098), 15px);\"><em>Par : Communication SSP<\/em><\/p>\n\n\n\n<p>Avec plus de 300 publications scientifiques, la professeure Nota est une chercheuse prolifique qui a contribu\u00e9 au d\u00e9veloppement de la psychologie du conseil et de l\u2019orientation. Ancienne pr\u00e9sidente de la European Society for Vocational Designing and Career Counseling, elle est \u00e9ditrice en chef&nbsp;de l&rsquo;<em>International Journal for Educational and Vocational Guidance,<\/em>&nbsp;membre des comit\u00e9s \u00e9ditoriaux de plusieurs revues prestigieuses, et est aussi fortement ancr\u00e9e dans diff\u00e9rents r\u00e9seaux scientifiques de pointe, comme la Chaire Unitwin&nbsp;\/&nbsp;Unesco pour l\u2019orientation tout au long de la vie.<\/p>\n\n\n\n<p>Rappelons que le domaine d\u2019expertise de la professeure Nota a un statut particulier \u00e0 l\u2019Unil&nbsp;: la psychologie du conseil et de l\u2019orientation a \u00e9t\u00e9 le premier domaine d\u2019\u00e9tude de l\u2019Institut de psychologie d\u00e8s sa naissance dans les ann\u00e9es 1970, et repr\u00e9sente encore aujourd\u2019hui l\u2019une de ses particularit\u00e9s, avec une sp\u00e9cialisation de master unique en Suisse et cit\u00e9 en exemple \u00e0 l\u2019\u00e9chelle internationale. Depuis le d\u00e9but des ann\u00e9es 2000, le laboratoire qu\u2019elle dirige \u00e0 l\u2019Universit\u00e9 de Padoue (Larios) et le Centre de recherche en psychologie du conseil et de l\u2019orientation (CePCO) de l\u2019Unil entretiennent des collaborations \u00e9troites et productives.<\/p>\n\n\n\n<p>Outre son expertise scientifique, il est \u00e9galement important de souligner les valeurs d\u00e9fendues par la professeure Nota \u00e0 travers des th\u00e9matiques de recherche comme l\u2019int\u00e9gration socioprofessionnelle des publics vuln\u00e9rables ou l\u2019accompagnement des carri\u00e8res \u00e0 l\u2019\u00e8re anthropoc\u00e8ne. Dans un monde en proie aux in\u00e9galit\u00e9s sociales et aux d\u00e9fis climatiques, ses recherches r\u00e9sonnent fortement avec les grands enjeux soci\u00e9taux contemporains et s\u2019inscrivent pleinement dans le Plan d\u2019intentions de l\u2019Universit\u00e9 de Lausanne.<\/p>\n\n\n\n<div class=\"wp-block-group is-style-section-1 has-global-padding is-layout-constrained wp-container-core-group-is-layout-68a6995b wp-block-group-is-layout-constrained is-style-section-1--1\" style=\"border-top-left-radius:20px;border-top-right-radius:20px;border-bottom-left-radius:20px;border-bottom-right-radius:20px;margin-top:var(--wp--preset--spacing--40);margin-bottom:var(--wp--preset--spacing--40);padding-top:var(--wp--preset--spacing--40);padding-right:var(--wp--preset--spacing--40);padding-bottom:var(--wp--preset--spacing--40);padding-left:var(--wp--preset--spacing--40)\">\n<p class=\"has-text-align-center\">L\u2019ensemble de la communaut\u00e9 de l\u2019Unil est invit\u00e9e \u00e0 la conf\u00e9rence donn\u00e9e par la professeure Laura Nota, le jeudi 28 mai.<\/p>\n\n\n\n<div class=\"wp-block-buttons is-content-justification-center is-layout-flex wp-container-core-buttons-is-layout-a89b3969 wp-block-buttons-is-layout-flex\">\n<div class=\"wp-block-button\"><a class=\"wp-block-button__link wp-element-button\" href=\"https:\/\/events.unil.ch\/register\/662\/1167\" target=\"_blank\" rel=\"noreferrer noopener\">Programme et inscription<\/a><\/div>\n<\/div>\n<\/div>\n","protected":false},"excerpt":{"rendered":"<p>Le doctorat honoris causa de Laura Nota r\u00e9compense ainsi une carri\u00e8re acad\u00e9mique exceptionnelle, tout en soulignant l\u2019engagement de l\u2019Unil pour une d\u00e9marche scientifique \u00e0 m\u00eame de contribuer \u00e0 des soci\u00e9t\u00e9s plus justes et plus durables.\u00a0<\/p>\n","protected":false},"author":47,"featured_media":2500,"comment_status":"closed","ping_status":"closed","sticky":false,"template":"","format":"standard","meta":{"_seopress_robots_primary_cat":"","_seopress_titles_title":"","_seopress_titles_desc":"","_seopress_robots_index":"","_uag_custom_page_level_css":"","footnotes":""},"categories":[1],"tags":[],"class_list":{"0":"post-2413","1":"post","2":"type-post","3":"status-publish","4":"format-standard","5":"has-post-thumbnail","7":"category-dhc"},"uagb_featured_image_src":{"full":["https:\/\/wp.unil.ch\/diesacademicus\/files\/2026\/04\/nota.webp",1200,800,false],"thumbnail":["https:\/\/wp.unil.ch\/diesacademicus\/files\/2026\/04\/nota-150x150.webp",150,150,true],"medium":["https:\/\/wp.unil.ch\/diesacademicus\/files\/2026\/04\/nota-300x200.webp",300,200,true],"medium_large":["https:\/\/wp.unil.ch\/diesacademicus\/files\/2026\/04\/nota-768x512.webp",768,512,true],"large":["https:\/\/wp.unil.ch\/diesacademicus\/files\/2026\/04\/nota-1024x683.webp",1024,683,true],"1536x1536":["https:\/\/wp.unil.ch\/diesacademicus\/files\/2026\/04\/nota.webp",1200,800,false],"2048x2048":["https:\/\/wp.unil.ch\/diesacademicus\/files\/2026\/04\/nota.webp",1200,800,false],"gform-image-choice-sm":["https:\/\/wp.unil.ch\/diesacademicus\/files\/2026\/04\/nota.webp",300,200,false],"gform-image-choice-md":["https:\/\/wp.unil.ch\/diesacademicus\/files\/2026\/04\/nota.webp",400,267,false],"gform-image-choice-lg":["https:\/\/wp.unil.ch\/diesacademicus\/files\/2026\/04\/nota.webp",600,400,false],"bdpp-medium":["https:\/\/wp.unil.ch\/diesacademicus\/files\/2026\/04\/nota-640x480.webp",640,480,true],"mailpoet_newsletter_max":["https:\/\/wp.unil.ch\/diesacademicus\/files\/2026\/04\/nota.webp",1200,800,false]},"uagb_author_info":{"display_name":"G\u00e9oblog","author_link":"https:\/\/wp.unil.ch\/diesacademicus\/author\/fguignet\/"},"uagb_comment_info":0,"uagb_excerpt":"Le doctorat honoris causa de Laura Nota r\u00e9compense ainsi une carri\u00e8re acad\u00e9mique exceptionnelle, tout en soulignant l\u2019engagement de l\u2019Unil pour une d\u00e9marche scientifique \u00e0 m\u00eame de contribuer \u00e0 des soci\u00e9t\u00e9s plus justes et plus durables.\u00a0","_links":{"self":[{"href":"https:\/\/wp.unil.ch\/diesacademicus\/wp-json\/wp\/v2\/posts\/2413","targetHints":{"allow":["GET"]}}],"collection":[{"href":"https:\/\/wp.unil.ch\/diesacademicus\/wp-json\/wp\/v2\/posts"}],"about":[{"href":"https:\/\/wp.unil.ch\/diesacademicus\/wp-json\/wp\/v2\/types\/post"}],"author":[{"embeddable":true,"href":"https:\/\/wp.unil.ch\/diesacademicus\/wp-json\/wp\/v2\/users\/47"}],"replies":[{"embeddable":true,"href":"https:\/\/wp.unil.ch\/diesacademicus\/wp-json\/wp\/v2\/comments?post=2413"}],"version-history":[{"count":5,"href":"https:\/\/wp.unil.ch\/diesacademicus\/wp-json\/wp\/v2\/posts\/2413\/revisions"}],"predecessor-version":[{"id":2537,"href":"https:\/\/wp.unil.ch\/diesacademicus\/wp-json\/wp\/v2\/posts\/2413\/revisions\/2537"}],"wp:featuredmedia":[{"embeddable":true,"href":"https:\/\/wp.unil.ch\/diesacademicus\/wp-json\/wp\/v2\/media\/2500"}],"wp:attachment":[{"href":"https:\/\/wp.unil.ch\/diesacademicus\/wp-json\/wp\/v2\/media?parent=2413"}],"wp:term":[{"taxonomy":"category","embeddable":true,"href":"https:\/\/wp.unil.ch\/diesacademicus\/wp-json\/wp\/v2\/categories?post=2413"},{"taxonomy":"post_tag","embeddable":true,"href":"https:\/\/wp.unil.ch\/diesacademicus\/wp-json\/wp\/v2\/tags?post=2413"}],"curies":[{"name":"wp","href":"https:\/\/api.w.org\/{rel}","templated":true}]}}