{"id":2408,"date":"2026-04-09T10:30:19","date_gmt":"2026-04-09T08:30:19","guid":{"rendered":"https:\/\/wp.unil.ch\/diesacademicus\/?p=2408"},"modified":"2026-04-16T16:16:45","modified_gmt":"2026-04-16T14:16:45","slug":"andreas-heinemann","status":"publish","type":"post","link":"https:\/\/wp.unil.ch\/diesacademicus\/andreas-heinemann\/","title":{"rendered":"Andreas Heinemann"},"content":{"rendered":"\n<p style=\"font-size:clamp(14px, 0.875rem + ((1vw - 3.2px) * 0.098), 15px);\"><em>Par : Communication FDCA<\/em><\/p>\n\n\n\n<p>Les travaux scientifiques d&rsquo;Andreas Heinemann, reconnus internationalement, ont en premier lieu jou\u00e9 un r\u00f4le d\u00e9terminant pour comprendre les interactions qui existent entre le droit de la concurrence et le droit de la propri\u00e9t\u00e9 intellectuelle. Par la suite, il a toujours \u00e9t\u00e9 parmi les premiers auteurs de doctrine \u00e0 s\u2019int\u00e9resser aux relations entre le droit de la concurrence et les nouvelles technologies, par exemple aux questions li\u00e9es \u00e0 l\u2019intelligence artificielle et aux g\u00e9ants de la tech.<\/p>\n\n\n\n<p>Outre son parcours acad\u00e9mique remarquable, Andreas Heinemann a exerc\u00e9 des responsabilit\u00e9s institutionnelles majeures, notamment en tant que vice-pr\u00e9sident, puis pr\u00e9sident de la Commission de la concurrence (Comco). \u00c0 ce titre, il a \u0153uvr\u00e9 avec rigueur et ind\u00e9pendance \u00e0 la d\u00e9fense d\u2019une \u00e9conomie de march\u00e9 \u00e9quitable, renfor\u00e7ant la cr\u00e9dibilit\u00e9 et l\u2019efficacit\u00e9 de cette autorit\u00e9. Il est aussi l\u2019un des cofondateurs, en 2003, de l\u2019Academic Society for Competition Law (Ascola), une association r\u00e9unissant plusieurs centaines de chercheur\u00b7euses et d&rsquo;universitaires de tous les continents, engag\u00e9s dans le d\u00e9veloppement du droit de la concurrence. Enfin, il s\u2019est \u00e9galement engag\u00e9 largement au sein de sa facult\u00e9. Il occupe actuellement la fonction de vice-doyen aux Relations ext\u00e9rieures et est membre de la Kommission f\u00fcr Gleichstellung und Diversit\u00e4t de l\u2019Universit\u00e9 de Zurich.<\/p>\n\n\n\n<p>De longue date, Andreas Heinemann entretient des liens \u00e9troits et durables avec la Facult\u00e9 de droit, des sciences criminelles et d\u2019administration publique de l\u2019Universit\u00e9 de Lausanne. Il y a \u00e9t\u00e9 professeur ordinaire, titulaire de la chaire de droit allemand entre 2001 et son d\u00e9part pour Zurich. Durant cette p\u00e9riode, il a exerc\u00e9 la fonction de vice-doyen et, \u00e0 ce titre, s\u2019est charg\u00e9 de la premi\u00e8re \u00e9valuation de la facult\u00e9 en 2005-2006.<\/p>\n\n\n\n<p>Son engagement au sein de la FDCA s\u2019est poursuivi. En qualit\u00e9 de professeur invit\u00e9, il enseigne le droit de la concurrence depuis de nombreuses ann\u00e9es. Il coorganise aussi un s\u00e9minaire annuel extra-muros \u00e0 Luxembourg portant sur le droit commercial et \u00e9conomique europ\u00e9en et suisse. Enfin, il est codirecteur de la Ma\u00eetrise universitaire en droit des universit\u00e9s de Zurich et Lausanne, qu\u2019il a largement contribu\u00e9 \u00e0 cr\u00e9er.<\/p>\n","protected":false},"excerpt":{"rendered":"<p>Professeur ordinaire \u00e0 l\u2019Universit\u00e9 de Zurich depuis 2006, titulaire de la chaire de droit commercial, \u00e9conomique et europ\u00e9en, le professeur Andreas Heinemann est une figure de premier plan dans le domaine du droit de la concurrence \u00e0 l\u2019\u00e9chelle suisse et europ\u00e9enne.<\/p>\n","protected":false},"author":47,"featured_media":2499,"comment_status":"closed","ping_status":"closed","sticky":false,"template":"","format":"standard","meta":{"_seopress_robots_primary_cat":"","_seopress_titles_title":"","_seopress_titles_desc":"","_seopress_robots_index":"","_uag_custom_page_level_css":"","footnotes":""},"categories":[1],"tags":[],"class_list":{"0":"post-2408","1":"post","2":"type-post","3":"status-publish","4":"format-standard","5":"has-post-thumbnail","7":"category-dhc"},"uagb_featured_image_src":{"full":["https:\/\/wp.unil.ch\/diesacademicus\/files\/2026\/04\/heinemann.jpg",1200,800,false],"thumbnail":["https:\/\/wp.unil.ch\/diesacademicus\/files\/2026\/04\/heinemann-150x150.jpg",150,150,true],"medium":["https:\/\/wp.unil.ch\/diesacademicus\/files\/2026\/04\/heinemann-300x200.jpg",300,200,true],"medium_large":["https:\/\/wp.unil.ch\/diesacademicus\/files\/2026\/04\/heinemann-768x512.jpg",768,512,true],"large":["https:\/\/wp.unil.ch\/diesacademicus\/files\/2026\/04\/heinemann-1024x683.jpg",1024,683,true],"1536x1536":["https:\/\/wp.unil.ch\/diesacademicus\/files\/2026\/04\/heinemann.jpg",1200,800,false],"2048x2048":["https:\/\/wp.unil.ch\/diesacademicus\/files\/2026\/04\/heinemann.jpg",1200,800,false],"gform-image-choice-sm":["https:\/\/wp.unil.ch\/diesacademicus\/files\/2026\/04\/heinemann.jpg",300,200,false],"gform-image-choice-md":["https:\/\/wp.unil.ch\/diesacademicus\/files\/2026\/04\/heinemann.jpg",400,267,false],"gform-image-choice-lg":["https:\/\/wp.unil.ch\/diesacademicus\/files\/2026\/04\/heinemann.jpg",600,400,false],"bdpp-medium":["https:\/\/wp.unil.ch\/diesacademicus\/files\/2026\/04\/heinemann-640x480.jpg",640,480,true],"mailpoet_newsletter_max":["https:\/\/wp.unil.ch\/diesacademicus\/files\/2026\/04\/heinemann.jpg",1200,800,false]},"uagb_author_info":{"display_name":"G\u00e9oblog","author_link":"https:\/\/wp.unil.ch\/diesacademicus\/author\/fguignet\/"},"uagb_comment_info":0,"uagb_excerpt":"Professeur ordinaire \u00e0 l\u2019Universit\u00e9 de Zurich depuis 2006, titulaire de la chaire de droit commercial, \u00e9conomique et europ\u00e9en, le professeur Andreas Heinemann est une figure de premier plan dans le domaine du droit de la concurrence \u00e0 l\u2019\u00e9chelle suisse et europ\u00e9enne.","_links":{"self":[{"href":"https:\/\/wp.unil.ch\/diesacademicus\/wp-json\/wp\/v2\/posts\/2408","targetHints":{"allow":["GET"]}}],"collection":[{"href":"https:\/\/wp.unil.ch\/diesacademicus\/wp-json\/wp\/v2\/posts"}],"about":[{"href":"https:\/\/wp.unil.ch\/diesacademicus\/wp-json\/wp\/v2\/types\/post"}],"author":[{"embeddable":true,"href":"https:\/\/wp.unil.ch\/diesacademicus\/wp-json\/wp\/v2\/users\/47"}],"replies":[{"embeddable":true,"href":"https:\/\/wp.unil.ch\/diesacademicus\/wp-json\/wp\/v2\/comments?post=2408"}],"version-history":[{"count":4,"href":"https:\/\/wp.unil.ch\/diesacademicus\/wp-json\/wp\/v2\/posts\/2408\/revisions"}],"predecessor-version":[{"id":2498,"href":"https:\/\/wp.unil.ch\/diesacademicus\/wp-json\/wp\/v2\/posts\/2408\/revisions\/2498"}],"wp:featuredmedia":[{"embeddable":true,"href":"https:\/\/wp.unil.ch\/diesacademicus\/wp-json\/wp\/v2\/media\/2499"}],"wp:attachment":[{"href":"https:\/\/wp.unil.ch\/diesacademicus\/wp-json\/wp\/v2\/media?parent=2408"}],"wp:term":[{"taxonomy":"category","embeddable":true,"href":"https:\/\/wp.unil.ch\/diesacademicus\/wp-json\/wp\/v2\/categories?post=2408"},{"taxonomy":"post_tag","embeddable":true,"href":"https:\/\/wp.unil.ch\/diesacademicus\/wp-json\/wp\/v2\/tags?post=2408"}],"curies":[{"name":"wp","href":"https:\/\/api.w.org\/{rel}","templated":true}]}}