{"id":2149,"date":"2024-04-09T10:30:18","date_gmt":"2024-04-09T08:30:18","guid":{"rendered":"https:\/\/wp.unil.ch\/diesacademicus\/?p=2149"},"modified":"2026-04-27T11:25:37","modified_gmt":"2026-04-27T09:25:37","slug":"francine-carrillo","status":"publish","type":"post","link":"https:\/\/wp.unil.ch\/diesacademicus\/francine-carrillo\/","title":{"rendered":"Francine Carrillo"},"content":{"rendered":"\n<p class=\"marge-neg\" style=\"margin-top:0;margin-bottom:0;padding-top:0;font-size:12px\">Cr\u00e9dit photo : \u00a9 Eric Roset Photographe<\/p>\n\n\n\n<p class=\"is-style-default\" style=\"margin-top:var(--wp--preset--spacing--40);font-size:clamp(14px, 0.875rem + ((1vw - 3.2px) * 0.098), 15px);\"><em>Par : Communication FTSR<\/em><\/p>\n\n\n\n<p class=\"has-contrast-color has-text-color has-link-color wp-elements-70b3891e13a0425f42d9d9588276cc29\">Apr\u00e8s des \u00e9tudes de th\u00e9ologie dans les universit\u00e9s de Gen\u00e8ve et de T\u00fcbingen, Francine Carrillo devient pasteure dans l\u2019\u00c9glise protestante de Gen\u00e8ve entre 1975 et 2008. Elle contribue \u00e0 plusieurs de ses lieux de r\u00e9flexions, comme le Centre protestant d\u2019\u00e9tudes et l\u2019Atelier \u0153cum\u00e9nique de th\u00e9ologie, dont elle a \u00e9t\u00e9 codirectrice. Pasteure dans la paroisse genevoise de Champel-Malagnou, elle y cr\u00e9e en 1996 un Espace de pri\u00e8re hebdomadaire. Espace \u00ab&nbsp;de notre petite chapelle&nbsp;\u00bb, mais aussi espace du \u00ab&nbsp;temps pris dans notre semaine&nbsp;\u00bb, espace \u00ab&nbsp;du lieu int\u00e9rieur que nous essayons d\u2019ouvrir \u00e0 l\u2019accueil des autres et du Tout-Autre, dont le Christ nous r\u00e9v\u00e8le le visage&nbsp;\u00bb<sup data-fn=\"cc075765-0916-4690-a361-0b7d55900f9b\" class=\"fn\"><a href=\"#cc075765-0916-4690-a361-0b7d55900f9b\" id=\"cc075765-0916-4690-a361-0b7d55900f9b-link\">1<\/a><\/sup>.<\/p>\n\n\n\n<p>Pionni\u00e8re, elle veut replacer l\u2019initiation spirituelle et la tradition mystique au c\u0153ur de la vie d\u2019une foi protestante, en favorisant la m\u00e9ditation des textes bibliques, la pri\u00e8re et le silence. Si elle y soigne la forme, avec une \u00ab&nbsp;\u00e9quipe de soutien&nbsp;\u00bb elle r\u00e9fl\u00e9chit aussi \u00e0 l\u2019am\u00e9nagement du lieu&nbsp;: un grand tapis au centre, une ic\u00f4ne, une bible et une bougie entour\u00e9es par des bancs de pri\u00e8re pour s\u2019agenouiller et des chaises pour s\u2019asseoir. Pendant son dernier minist\u00e8re pastoral, elle imagine l\u2019Espace Saint-Gervais dans la paroisse du m\u00eame nom. Elle y fait dialoguer la culture, la musique et la spiritualit\u00e9.<\/p>\n\n\n\n<p>D\u00e9j\u00e0 pendant son minist\u00e8re pastoral, mais surtout depuis sa retraite, Francine Carrillo transmet sa spiritualit\u00e9 par l\u2019\u00e9criture et l\u2019aquarelle. Elle a ainsi publi\u00e9 19 livres de spiritualit\u00e9, principalement dans deux maisons d\u2019\u00e9dition suisses romandes, mais aussi en France et au Canada, toujours dans un langage po\u00e9tique, parfois illustr\u00e9 de ses peintures. En 2011, l\u2019\u00c9glise protestante de Gen\u00e8ve lui d\u00e9cerne le Prix Colladon pour son livre <em>Le Plus-que-parfait.<\/em><\/p>\n\n\n\n<p>Mari\u00e9e, m\u00e8re et grand-m\u00e8re, elle vit depuis 2016 \u00e0 1700&nbsp;m\u00e8tres d\u2019altitude dans les Alpes valaisannes. Son ouvrage le plus r\u00e9cent,&nbsp;<em>L\u2019ombre du D\u00e9liant,&nbsp;<\/em>est paru chez Labor et Fides en 2026.<\/p>\n\n\n\n<hr class=\"wp-block-separator has-alpha-channel-opacity\" \/>\n\n\n<ol style=\"font-size:clamp(14px, 0.875rem + ((1vw - 3.2px) * 0.098), 15px);\" class=\"wp-block-footnotes\"><li id=\"cc075765-0916-4690-a361-0b7d55900f9b\">Carrillo Francine, \u00ab\u00a0L\u2019Espace\u00a0de pri\u00e8re de Champel\u00a0\u00bb, in Mottu Henry et\u00a0Bauer Olivier\u00a0(dir.),\u00a0<em>Le culte protestant,<\/em>Lausanne\u00a0: Institut romand de pastorale, 2001, p.\u00a021\u201124, ici p.\u00a022 <a href=\"#cc075765-0916-4690-a361-0b7d55900f9b-link\" aria-label=\"Aller \u00e0 la note de bas de page 1\">\u21a9\ufe0e<\/a><\/li><\/ol>","protected":false},"excerpt":{"rendered":"<p>Th\u00e9ologienne, pasteure et autrice, Francine Carrillo renouvelle par ses \u00e9crits et son engagement la spiritualit\u00e9 protestante. Elle lui donne une dimension plus vivante et toujours incarn\u00e9e. Ses ouvrages, qui allient rigueur th\u00e9ologique et sensibilit\u00e9 po\u00e9tique, nourrissent la vie int\u00e9rieure et ouvrent des chemins de libert\u00e9.<\/p>\n","protected":false},"author":108,"featured_media":2482,"comment_status":"closed","ping_status":"closed","sticky":false,"template":"","format":"standard","meta":{"_seopress_robots_primary_cat":"","_seopress_titles_title":"","_seopress_titles_desc":"","_seopress_robots_index":"","_uag_custom_page_level_css":"","footnotes":"[{\"id\":\"cc075765-0916-4690-a361-0b7d55900f9b\",\"content\":\"Carrillo Francine, \\u00ab\\u00a0L\\u2019Espace\\u00a0de pri\\u00e8re de Champel\\u00a0\\u00bb, in Mottu Henry et\\u00a0Bauer Olivier\\u00a0(dir.),\\u00a0<em>Le culte protestant,<\\\/em>Lausanne\\u00a0: Institut romand de pastorale, 2001, p.\\u00a021\\u201124, ici p.\\u00a022\"}]"},"categories":[1],"tags":[],"class_list":{"0":"post-2149","1":"post","2":"type-post","3":"status-publish","4":"format-standard","5":"has-post-thumbnail","7":"category-dhc"},"uagb_featured_image_src":{"full":["https:\/\/wp.unil.ch\/diesacademicus\/files\/2024\/04\/carrillo.webp",1200,800,false],"thumbnail":["https:\/\/wp.unil.ch\/diesacademicus\/files\/2024\/04\/carrillo-150x150.webp",150,150,true],"medium":["https:\/\/wp.unil.ch\/diesacademicus\/files\/2024\/04\/carrillo-300x200.webp",300,200,true],"medium_large":["https:\/\/wp.unil.ch\/diesacademicus\/files\/2024\/04\/carrillo-768x512.webp",768,512,true],"large":["https:\/\/wp.unil.ch\/diesacademicus\/files\/2024\/04\/carrillo-1024x683.webp",1024,683,true],"1536x1536":["https:\/\/wp.unil.ch\/diesacademicus\/files\/2024\/04\/carrillo.webp",1200,800,false],"2048x2048":["https:\/\/wp.unil.ch\/diesacademicus\/files\/2024\/04\/carrillo.webp",1200,800,false],"gform-image-choice-sm":["https:\/\/wp.unil.ch\/diesacademicus\/files\/2024\/04\/carrillo.webp",300,200,false],"gform-image-choice-md":["https:\/\/wp.unil.ch\/diesacademicus\/files\/2024\/04\/carrillo.webp",400,267,false],"gform-image-choice-lg":["https:\/\/wp.unil.ch\/diesacademicus\/files\/2024\/04\/carrillo.webp",600,400,false],"bdpp-medium":["https:\/\/wp.unil.ch\/diesacademicus\/files\/2024\/04\/carrillo-640x480.webp",640,480,true],"mailpoet_newsletter_max":["https:\/\/wp.unil.ch\/diesacademicus\/files\/2024\/04\/carrillo.webp",1200,800,false]},"uagb_author_info":{"display_name":"centre informatique","author_link":"https:\/\/wp.unil.ch\/diesacademicus\/author\/ci-unil\/"},"uagb_comment_info":0,"uagb_excerpt":"Th\u00e9ologienne, pasteure et autrice, Francine Carrillo renouvelle par ses \u00e9crits et son engagement la spiritualit\u00e9 protestante. Elle lui donne une dimension plus vivante et toujours incarn\u00e9e. Ses ouvrages, qui allient rigueur th\u00e9ologique et sensibilit\u00e9 po\u00e9tique, nourrissent la vie int\u00e9rieure et ouvrent des chemins de libert\u00e9.","_links":{"self":[{"href":"https:\/\/wp.unil.ch\/diesacademicus\/wp-json\/wp\/v2\/posts\/2149","targetHints":{"allow":["GET"]}}],"collection":[{"href":"https:\/\/wp.unil.ch\/diesacademicus\/wp-json\/wp\/v2\/posts"}],"about":[{"href":"https:\/\/wp.unil.ch\/diesacademicus\/wp-json\/wp\/v2\/types\/post"}],"author":[{"embeddable":true,"href":"https:\/\/wp.unil.ch\/diesacademicus\/wp-json\/wp\/v2\/users\/108"}],"replies":[{"embeddable":true,"href":"https:\/\/wp.unil.ch\/diesacademicus\/wp-json\/wp\/v2\/comments?post=2149"}],"version-history":[{"count":5,"href":"https:\/\/wp.unil.ch\/diesacademicus\/wp-json\/wp\/v2\/posts\/2149\/revisions"}],"predecessor-version":[{"id":2544,"href":"https:\/\/wp.unil.ch\/diesacademicus\/wp-json\/wp\/v2\/posts\/2149\/revisions\/2544"}],"wp:featuredmedia":[{"embeddable":true,"href":"https:\/\/wp.unil.ch\/diesacademicus\/wp-json\/wp\/v2\/media\/2482"}],"wp:attachment":[{"href":"https:\/\/wp.unil.ch\/diesacademicus\/wp-json\/wp\/v2\/media?parent=2149"}],"wp:term":[{"taxonomy":"category","embeddable":true,"href":"https:\/\/wp.unil.ch\/diesacademicus\/wp-json\/wp\/v2\/categories?post=2149"},{"taxonomy":"post_tag","embeddable":true,"href":"https:\/\/wp.unil.ch\/diesacademicus\/wp-json\/wp\/v2\/tags?post=2149"}],"curies":[{"name":"wp","href":"https:\/\/api.w.org\/{rel}","templated":true}]}}