{"id":31472,"date":"2026-01-19T07:13:35","date_gmt":"2026-01-19T06:13:35","guid":{"rendered":"https:\/\/wp.unil.ch\/connaissance3\/?p=31472"},"modified":"2026-01-23T08:29:17","modified_gmt":"2026-01-23T07:29:17","slug":"la-passion-du-vitrail-a-lausanne","status":"publish","type":"post","link":"https:\/\/wp.unil.ch\/connaissance3\/2026\/01\/la-passion-du-vitrail-a-lausanne\/","title":{"rendered":"La passion du vitrail \u00e0 Lausanne"},"content":{"rendered":"\n<div class=\"wp-block-group alignwide\"><div class=\"wp-block-group__inner-container is-layout-constrained wp-block-group-is-layout-constrained\">\n<div class=\"wp-block-columns is-layout-flex wp-container-core-columns-is-layout-9d6595d7 wp-block-columns-is-layout-flex\">\n<div class=\"wp-block-column is-vertically-aligned-top is-layout-flow wp-block-column-is-layout-flow\" style=\"flex-basis:25%\">\n<figure class=\"wp-block-image size-full\"><img loading=\"lazy\" decoding=\"async\" width=\"1080\" height=\"1080\" src=\"https:\/\/wp.unil.ch\/connaissance3\/files\/2026\/01\/11.-passion-du-vitrail.jpg\" alt=\"11. passion du vitrail\" class=\"wp-image-31447\" srcset=\"https:\/\/wp.unil.ch\/connaissance3\/files\/2026\/01\/11.-passion-du-vitrail.jpg 1080w, https:\/\/wp.unil.ch\/connaissance3\/files\/2026\/01\/11.-passion-du-vitrail-300x300.jpg 300w, https:\/\/wp.unil.ch\/connaissance3\/files\/2026\/01\/11.-passion-du-vitrail-1024x1024.jpg 1024w, https:\/\/wp.unil.ch\/connaissance3\/files\/2026\/01\/11.-passion-du-vitrail-180x180.jpg 180w, https:\/\/wp.unil.ch\/connaissance3\/files\/2026\/01\/11.-passion-du-vitrail-768x768.jpg 768w, https:\/\/wp.unil.ch\/connaissance3\/files\/2026\/01\/11.-passion-du-vitrail-230x230.jpg 230w, https:\/\/wp.unil.ch\/connaissance3\/files\/2026\/01\/11.-passion-du-vitrail-365x365.jpg 365w\" sizes=\"auto, (max-width: 1080px) 100vw, 1080px\" \/><\/figure>\n<\/div>\n\n\n\n<div class=\"wp-block-column is-layout-flow wp-block-column-is-layout-flow\" style=\"flex-basis:66.66%\">\n<p>Depuis plus de cinq mille ans, la production du verre a \u00e9volu\u00e9 du luxe \u00e0 l\u2019utilitaire. Mais c\u2019est au Moyen \u00c2ge que le vitrail s\u2019est \u00e9panoui, transformant la lumi\u00e8re des \u00e9difices religieux en \u00ab\u00a0art sacr\u00e9\u00a0\u00bb. Depuis, les techniques et les styles ont suivi les go\u00fbts des \u00e9poques.<\/p>\n\n\n\n<p>Ma\u00eetre-verrier au centre de Lausanne depuis plus de trente ans, <strong>Christophe Burlet <\/strong>nous ouvre les portes de son atelier pour d\u00e9couvrir son travail en sa compagnie. Cet \u00ab\u00a0orf\u00e8vre du vitrail\u00a0\u00bb nous immergera dans une atmosph\u00e8re de formes et de couleurs. Il partagera son approche alliant tradition et modernit\u00e9, pour la cr\u00e9ation et la restauration de vitraux. Une passion faite de pr\u00e9cision, de patience et de pers\u00e9v\u00e9rance. Cerise sur le g\u00e2teau: la lumi\u00e8re donne \u00e0 ce lieu une dimension particuli\u00e8re qui contribuera \u00e0 l\u2019enchantement de la visite.<\/p>\n\n\n\n<p>Un verre de l\u2019amiti\u00e9 sera offert \u00e0 la fin de la visite.<\/p>\n\n\n\n<p><strong>Remarque<\/strong>: l\u2019atelier n\u2019est pas accessible aux personnes \u00e0 mobilit\u00e9 r\u00e9duite (3e \u00e9tage, sans ascenseur).<\/p>\n<\/div>\n<\/div>\n\n\n\n<figure class=\"wp-block-table\"><table><tbody><tr><td>Date<\/td><td>mardi 26 mai 2026 | COMPLET<\/td><\/tr><tr><td>Heures<\/td><td>de 14h \u00e0 16h30<\/td><\/tr><tr><td>Rendez-vous<\/td><td>13h45, devant l\u2019entr\u00e9e de l\u2019atelier au Flon, rue des C\u00f4tes-de-Montbenon 12, Lausanne<\/td><\/tr><tr><td>Participant\u00b7es<\/td><td>15 au maximum<\/td><\/tr><tr><td>Responsables<\/td><td>Roger Darioli et David Burckhardt<\/td><\/tr><tr><td>Prix<\/td><td>40 fr. (55 fr. sans adh\u00e9sion), ap\u00e9ritif inclus<\/td><\/tr><\/tbody><\/table><\/figure>\n<\/div><\/div>\n","protected":false},"excerpt":{"rendered":"<p>\u00c0 Lausanne, l\u2019atelier du ma\u00eetre-verrier Christophe Burlet vous emm\u00e8nera dans l\u2019univers fascinant du vitrail. Entre tradition et modernit\u00e9, d\u00e9couvrez les techniques de cr\u00e9ation et de restauration, admirez formes et couleurs, et laissez-vous \u00e9merveiller par la lumi\u00e8re qui sublime chaque pi\u00e8ce.<br \/>\nMardi 26 mai 2026 | COMPLET<\/p>\n","protected":false},"author":1136,"featured_media":31447,"comment_status":"closed","ping_status":"closed","sticky":false,"template":"","format":"standard","meta":{"_seopress_robots_primary_cat":"","_seopress_titles_title":"","_seopress_titles_desc":"","_seopress_robots_index":"","footnotes":""},"categories":[306],"tags":[74372],"class_list":{"0":"post-31472","1":"post","2":"type-post","3":"status-publish","4":"format-standard","5":"has-post-thumbnail","7":"category-visites","8":"tag-pe26"},"_links":{"self":[{"href":"https:\/\/wp.unil.ch\/connaissance3\/wp-json\/wp\/v2\/posts\/31472","targetHints":{"allow":["GET"]}}],"collection":[{"href":"https:\/\/wp.unil.ch\/connaissance3\/wp-json\/wp\/v2\/posts"}],"about":[{"href":"https:\/\/wp.unil.ch\/connaissance3\/wp-json\/wp\/v2\/types\/post"}],"author":[{"embeddable":true,"href":"https:\/\/wp.unil.ch\/connaissance3\/wp-json\/wp\/v2\/users\/1136"}],"replies":[{"embeddable":true,"href":"https:\/\/wp.unil.ch\/connaissance3\/wp-json\/wp\/v2\/comments?post=31472"}],"version-history":[{"count":3,"href":"https:\/\/wp.unil.ch\/connaissance3\/wp-json\/wp\/v2\/posts\/31472\/revisions"}],"predecessor-version":[{"id":31596,"href":"https:\/\/wp.unil.ch\/connaissance3\/wp-json\/wp\/v2\/posts\/31472\/revisions\/31596"}],"wp:featuredmedia":[{"embeddable":true,"href":"https:\/\/wp.unil.ch\/connaissance3\/wp-json\/wp\/v2\/media\/31447"}],"wp:attachment":[{"href":"https:\/\/wp.unil.ch\/connaissance3\/wp-json\/wp\/v2\/media?parent=31472"}],"wp:term":[{"taxonomy":"category","embeddable":true,"href":"https:\/\/wp.unil.ch\/connaissance3\/wp-json\/wp\/v2\/categories?post=31472"},{"taxonomy":"post_tag","embeddable":true,"href":"https:\/\/wp.unil.ch\/connaissance3\/wp-json\/wp\/v2\/tags?post=31472"}],"curies":[{"name":"wp","href":"https:\/\/api.w.org\/{rel}","templated":true}]}}