{"id":31468,"date":"2026-01-19T07:11:36","date_gmt":"2026-01-19T06:11:36","guid":{"rendered":"https:\/\/wp.unil.ch\/connaissance3\/?p=31468"},"modified":"2026-04-20T15:00:52","modified_gmt":"2026-04-20T13:00:52","slug":"changins-haute-ecole-de-viticulture-et-oenologie","status":"publish","type":"post","link":"https:\/\/wp.unil.ch\/connaissance3\/2026\/01\/changins-haute-ecole-de-viticulture-et-oenologie\/","title":{"rendered":"Changins, haute \u00e9cole de viticulture et \u0153nologie"},"content":{"rendered":"\n<div class=\"wp-block-group alignwide\"><div class=\"wp-block-group__inner-container is-layout-constrained wp-block-group-is-layout-constrained\">\n<div class=\"wp-block-columns is-layout-flex wp-container-core-columns-is-layout-9d6595d7 wp-block-columns-is-layout-flex\">\n<div class=\"wp-block-column is-vertically-aligned-top is-layout-flow wp-block-column-is-layout-flow\" style=\"flex-basis:25%\">\n<figure class=\"wp-block-image size-full\"><img loading=\"lazy\" decoding=\"async\" width=\"1080\" height=\"1080\" src=\"https:\/\/wp.unil.ch\/connaissance3\/files\/2026\/01\/9.-changins.jpg\" alt=\"9. changins\" class=\"wp-image-31445\" srcset=\"https:\/\/wp.unil.ch\/connaissance3\/files\/2026\/01\/9.-changins.jpg 1080w, https:\/\/wp.unil.ch\/connaissance3\/files\/2026\/01\/9.-changins-300x300.jpg 300w, https:\/\/wp.unil.ch\/connaissance3\/files\/2026\/01\/9.-changins-1024x1024.jpg 1024w, https:\/\/wp.unil.ch\/connaissance3\/files\/2026\/01\/9.-changins-180x180.jpg 180w, https:\/\/wp.unil.ch\/connaissance3\/files\/2026\/01\/9.-changins-768x768.jpg 768w, https:\/\/wp.unil.ch\/connaissance3\/files\/2026\/01\/9.-changins-230x230.jpg 230w, https:\/\/wp.unil.ch\/connaissance3\/files\/2026\/01\/9.-changins-365x365.jpg 365w\" sizes=\"auto, (max-width: 1080px) 100vw, 1080px\" \/><\/figure>\n<\/div>\n\n\n\n<div class=\"wp-block-column is-layout-flow wp-block-column-is-layout-flow\" style=\"flex-basis:66.66%\">\n<p>Centre de comp\u00e9tences pour la formation sup\u00e9rieure des m\u00e9tiers de la vigne, du vin et de l\u2019arboriculture, Changins est un site de formation unique en Suisse. L\u2019offre est vaste: un cursus (bachelor ou master HES-SO) en viticulture et \u0153nologie, une formation professionnelle sup\u00e9rieure en vitiviniculture (dipl\u00f4me ES), divers cours de pr\u00e9paration aux examens f\u00e9d\u00e9raux (brevets ou ma\u00eetrises). Alliant th\u00e9orie et pratique, l\u2019enseignement pr\u00e9pare les \u00e9l\u00e8ves \u00e0 entrer avec succ\u00e8s dans la vie professionnelle.<\/p>\n\n\n\n<p>Apr\u00e8s la visite du vignoble exp\u00e9rimental, de la cave didactique et du laboratoire, nous assisterons \u00e0 une conf\u00e9rence sur la microbiologie en \u0153nologie, suivie d\u2019une d\u00e9gustation illustrative. La visite sera encadr\u00e9e par Serge Hautier, responsable de fili\u00e8re \u00ab\u00a0ES, Brevets &amp; Ma\u00eetrises\u00a0\u00bb au sein de l\u2019institution et ma\u00eetre d\u2019enseignement en microbiologie des vins.<\/p>\n\n\n\n<p>\u00c0 la fin des activit\u00e9s, nous aurons le plaisir de partager un ap\u00e9ritif lors d\u2019un moment convivial.<\/p>\n\n\n\n<p><strong>Remarque<\/strong>: Changins est accessible en bus depuis la gare de Nyon. Un parking payant est situ\u00e9 au nord-ouest de l\u2019\u00e9cole. L\u2019\u00e9tablissement est enti\u00e8rement accessible aux personnes \u00e0 mobilit\u00e9 r\u00e9duite.<\/p>\n\n\n\n<p><\/p>\n<\/div>\n<\/div>\n\n\n\n<figure class=\"wp-block-table\"><table><tbody><tr><td>Date<\/td><td>mercredi 6 mai 2026 &#8211; COMPLET | mardi 9 juin 2026 &#8211; Nouvelle date<\/td><\/tr><tr><td>Heures<\/td><td>de 13h30 \u00e0 17h<\/td><\/tr><tr><td>Rendez-vous<\/td><td>13h30, sur le site de l\u2019\u00e9cole de Changins, route de Duillier 52, Nyon<\/td><\/tr><tr><td>Participant\u00b7es<\/td><td>23 au maximum<\/td><\/tr><tr><td>Responsables<\/td><td>Carla et Henri Rouge<\/td><\/tr><tr><td>Prix<\/td><td>50 fr. (65 fr. sans adh\u00e9sion), ap\u00e9ritif inclus<\/td><\/tr><\/tbody><\/table><\/figure>\n<\/div><\/div>\n\n\n\n<div class=\"wp-block-columns is-layout-flex wp-container-core-columns-is-layout-9d6595d7 wp-block-columns-is-layout-flex\">\n<div class=\"wp-block-column is-layout-flow wp-block-column-is-layout-flow\"><\/div>\n<\/div>\n\n\n\n<div class=\"wp-block-group alignwide\"><div class=\"wp-block-group__inner-container is-layout-constrained wp-block-group-is-layout-constrained\">\n<div class=\"wp-block-buttons alignwide has-custom-font-size has-medium-font-size is-horizontal is-content-justification-center is-layout-flex wp-container-core-buttons-is-layout-499968f5 wp-block-buttons-is-layout-flex\">\n<div class=\"wp-block-button\"><a class=\"wp-block-button__link has-white-color has-text-color has-background has-text-align-center wp-element-button\" href=\"https:\/\/wp.unil.ch\/connaissance3\/visites-culturelles\/inscriptions\/\" style=\"background-color:#00acc8\">S&rsquo;inscrire<\/a><\/div>\n<\/div>\n<\/div><\/div>\n\n\n\n<p><\/p>\n","protected":false},"excerpt":{"rendered":"<p>\u00c0 Changins, haute \u00e9cole de viticulture et \u0153nologie, d\u00e9couvrez l\u2019enseignement alliant th\u00e9orie et pratique dans les m\u00e9tiers du vin et de l\u2019arboriculture. Vous visiterez vignoble, cave et laboratoire, assisterez \u00e0 une conf\u00e9rence sur la microbiologie du vin et terminerez par une d\u00e9gustation illustrative.<br \/>\nMercredi 6 mai 2026 | mardi 9 juin 2026<\/p>\n","protected":false},"author":1136,"featured_media":31445,"comment_status":"closed","ping_status":"closed","sticky":false,"template":"","format":"standard","meta":{"_seopress_robots_primary_cat":"","_seopress_titles_title":"","_seopress_titles_desc":"","_seopress_robots_index":"","footnotes":""},"categories":[306],"tags":[74372],"class_list":{"0":"post-31468","1":"post","2":"type-post","3":"status-publish","4":"format-standard","5":"has-post-thumbnail","7":"category-visites","8":"tag-pe26"},"_links":{"self":[{"href":"https:\/\/wp.unil.ch\/connaissance3\/wp-json\/wp\/v2\/posts\/31468","targetHints":{"allow":["GET"]}}],"collection":[{"href":"https:\/\/wp.unil.ch\/connaissance3\/wp-json\/wp\/v2\/posts"}],"about":[{"href":"https:\/\/wp.unil.ch\/connaissance3\/wp-json\/wp\/v2\/types\/post"}],"author":[{"embeddable":true,"href":"https:\/\/wp.unil.ch\/connaissance3\/wp-json\/wp\/v2\/users\/1136"}],"replies":[{"embeddable":true,"href":"https:\/\/wp.unil.ch\/connaissance3\/wp-json\/wp\/v2\/comments?post=31468"}],"version-history":[{"count":4,"href":"https:\/\/wp.unil.ch\/connaissance3\/wp-json\/wp\/v2\/posts\/31468\/revisions"}],"predecessor-version":[{"id":31984,"href":"https:\/\/wp.unil.ch\/connaissance3\/wp-json\/wp\/v2\/posts\/31468\/revisions\/31984"}],"wp:featuredmedia":[{"embeddable":true,"href":"https:\/\/wp.unil.ch\/connaissance3\/wp-json\/wp\/v2\/media\/31445"}],"wp:attachment":[{"href":"https:\/\/wp.unil.ch\/connaissance3\/wp-json\/wp\/v2\/media?parent=31468"}],"wp:term":[{"taxonomy":"category","embeddable":true,"href":"https:\/\/wp.unil.ch\/connaissance3\/wp-json\/wp\/v2\/categories?post=31468"},{"taxonomy":"post_tag","embeddable":true,"href":"https:\/\/wp.unil.ch\/connaissance3\/wp-json\/wp\/v2\/tags?post=31468"}],"curies":[{"name":"wp","href":"https:\/\/api.w.org\/{rel}","templated":true}]}}