{"id":31314,"date":"2026-01-19T07:02:11","date_gmt":"2026-01-19T06:02:11","guid":{"rendered":"https:\/\/wp.unil.ch\/connaissance3\/?p=31314"},"modified":"2026-02-27T08:16:40","modified_gmt":"2026-02-27T07:16:40","slug":"construction-du-savoir-la-valeur-de-la-science","status":"publish","type":"post","link":"https:\/\/wp.unil.ch\/connaissance3\/2026\/01\/construction-du-savoir-la-valeur-de-la-science\/","title":{"rendered":"Construction du savoir &#8211; La valeur de la science"},"content":{"rendered":"\n<div class=\"wp-block-group alignwide\"><div class=\"wp-block-group__inner-container is-layout-constrained wp-block-group-is-layout-constrained\">\n<h4 class=\"wp-block-heading\">Libero Zuppiroli, ing\u00e9nieur et physicien, professeur honoraire, EPFL<\/h4>\n\n\n\n<div class=\"wp-block-columns is-layout-flex wp-container-core-columns-is-layout-9d6595d7 wp-block-columns-is-layout-flex\">\n<div class=\"wp-block-column is-vertically-aligned-top is-layout-flow wp-block-column-is-layout-flow\" style=\"flex-basis:25%\">\n<figure class=\"wp-block-image size-large\"><img loading=\"lazy\" decoding=\"async\" width=\"1024\" height=\"1024\" src=\"https:\/\/wp.unil.ch\/connaissance3\/files\/2026\/01\/la-valeur-de-la-science-1024x1024.png\" alt=\"la valeur de la science\" class=\"wp-image-31708\" srcset=\"https:\/\/wp.unil.ch\/connaissance3\/files\/2026\/01\/la-valeur-de-la-science-1024x1024.png 1024w, https:\/\/wp.unil.ch\/connaissance3\/files\/2026\/01\/la-valeur-de-la-science-300x300.png 300w, https:\/\/wp.unil.ch\/connaissance3\/files\/2026\/01\/la-valeur-de-la-science-180x180.png 180w, https:\/\/wp.unil.ch\/connaissance3\/files\/2026\/01\/la-valeur-de-la-science-768x768.png 768w, https:\/\/wp.unil.ch\/connaissance3\/files\/2026\/01\/la-valeur-de-la-science-230x230.png 230w, https:\/\/wp.unil.ch\/connaissance3\/files\/2026\/01\/la-valeur-de-la-science-365x365.png 365w, https:\/\/wp.unil.ch\/connaissance3\/files\/2026\/01\/la-valeur-de-la-science.png 1093w\" sizes=\"auto, (max-width: 1024px) 100vw, 1024px\" \/><\/figure>\n<\/div>\n\n\n\n<div class=\"wp-block-column is-layout-flow wp-block-column-is-layout-flow\" style=\"flex-basis:66.66%\">\n<p>Les arguments scientifiques et technologiques \u00e9tant souvent consid\u00e9r\u00e9s comme irr\u00e9futables, il est important de se demander comment se construisent les convictions \u00e0 caract\u00e8re scientifique. Le probl\u00e8me se pose tout particuli\u00e8rement pour les sciences de la vie, celles de l\u2019\u00e9conomie et plus g\u00e9n\u00e9ralement pour toutes les disciplines empreintes d\u2019une irr\u00e9ductible complexit\u00e9, qui fondent souvent leurs pr\u00e9dictions sur des \u00e9tudes statistiques, bient\u00f4t relay\u00e9es par l\u2019intelligence artificielle.<\/p>\n\n\n\n<p>Ce cours, largement interactif, consistera \u00e0 discuter des exemples qui impactent notre sant\u00e9, y compris mentale, et nos vies quotidiennes:<\/p>\n\n\n\n<ul class=\"wp-block-list\">\n<li>Comment d\u00e9finir scientifiquement une alimentation saine ?<\/li>\n\n\n\n<li>La criminologie peut-elle r\u00e9duire le terrorisme ?<\/li>\n\n\n\n<li>Que faut-il penser de la psychanalyse, de la th\u00e9orie de l\u2019\u00e9volution des esp\u00e8ces, des th\u00e9ories \u00e9conomiques d\u2019Adam Smith et de Karl Marx, ou encore de la th\u00e9orie du big bang ?<\/li>\n\n\n\n<li>Lesquelles d\u2019entre elles peuvent \u00eatre consid\u00e9r\u00e9es comme scientifiques et selon quels crit\u00e8res ?<\/li>\n<\/ul>\n<\/div>\n<\/div>\n\n\n\n<figure class=\"wp-block-table\"><table><tbody><tr><td>Dates<\/td><td>les vendredis 6, 13, 20 et 27 mars 2026 | ANNUL\u00c9<\/td><\/tr><tr><td>Heures<\/td><td>de 10h30 \u00e0 12h15<\/td><\/tr><tr><td>Lieu<\/td><td>Centre aux Aliz\u00e9s, ruelle Vautier 5, Yverdon-les-Bains<\/td><\/tr><tr><td>Prix<\/td><td>125 fr. (160 fr. sans adh\u00e9sion) pour 4 s\u00e9ances, support de cours inclus<\/td><\/tr><\/tbody><\/table><\/figure>\n<\/div><\/div>\n","protected":false},"excerpt":{"rendered":"<p>Ce cours interactif explorera la construction des convictions scientifiques et leur impact sur nos vies. \u00c0 travers des exemples concrets \u2013 alimentation, criminologie, psychanalyse, \u00e9conomie ou cosmologie \u2013 vous questionnerez ce qui fait la valeur scientifique d\u2019une id\u00e9e et comment distinguer science et opinion.<br \/>\n4 s\u00e9ances, d\u00e8s le 6 mars 2026 | ANNUL\u00c9<\/p>\n","protected":false},"author":1136,"featured_media":31708,"comment_status":"closed","ping_status":"closed","sticky":false,"template":"","format":"standard","meta":{"_seopress_robots_primary_cat":"","_seopress_titles_title":"","_seopress_titles_desc":"","_seopress_robots_index":"","footnotes":""},"categories":[74309],"tags":[74374],"class_list":{"0":"post-31314","1":"post","2":"type-post","3":"status-publish","4":"format-standard","5":"has-post-thumbnail","7":"category-cours-yverdon","8":"tag-pe26-yverdon"},"_links":{"self":[{"href":"https:\/\/wp.unil.ch\/connaissance3\/wp-json\/wp\/v2\/posts\/31314","targetHints":{"allow":["GET"]}}],"collection":[{"href":"https:\/\/wp.unil.ch\/connaissance3\/wp-json\/wp\/v2\/posts"}],"about":[{"href":"https:\/\/wp.unil.ch\/connaissance3\/wp-json\/wp\/v2\/types\/post"}],"author":[{"embeddable":true,"href":"https:\/\/wp.unil.ch\/connaissance3\/wp-json\/wp\/v2\/users\/1136"}],"replies":[{"embeddable":true,"href":"https:\/\/wp.unil.ch\/connaissance3\/wp-json\/wp\/v2\/comments?post=31314"}],"version-history":[{"count":4,"href":"https:\/\/wp.unil.ch\/connaissance3\/wp-json\/wp\/v2\/posts\/31314\/revisions"}],"predecessor-version":[{"id":31711,"href":"https:\/\/wp.unil.ch\/connaissance3\/wp-json\/wp\/v2\/posts\/31314\/revisions\/31711"}],"wp:featuredmedia":[{"embeddable":true,"href":"https:\/\/wp.unil.ch\/connaissance3\/wp-json\/wp\/v2\/media\/31708"}],"wp:attachment":[{"href":"https:\/\/wp.unil.ch\/connaissance3\/wp-json\/wp\/v2\/media?parent=31314"}],"wp:term":[{"taxonomy":"category","embeddable":true,"href":"https:\/\/wp.unil.ch\/connaissance3\/wp-json\/wp\/v2\/categories?post=31314"},{"taxonomy":"post_tag","embeddable":true,"href":"https:\/\/wp.unil.ch\/connaissance3\/wp-json\/wp\/v2\/tags?post=31314"}],"curies":[{"name":"wp","href":"https:\/\/api.w.org\/{rel}","templated":true}]}}