{"id":30082,"date":"2025-01-13T11:40:13","date_gmt":"2025-01-13T10:40:13","guid":{"rendered":"https:\/\/wp.unil.ch\/connaissance3\/?p=30082"},"modified":"2025-01-13T11:42:51","modified_gmt":"2025-01-13T10:42:51","slug":"programme-printemps-ete-2025-les-tresors-des-seniors","status":"publish","type":"post","link":"https:\/\/wp.unil.ch\/connaissance3\/2025\/01\/programme-printemps-ete-2025-les-tresors-des-seniors\/","title":{"rendered":"Programme printemps-\u00e9t\u00e9 2025: \u00ab\u00a0les tr\u00e9sors des seniors\u00a0\u00bb"},"content":{"rendered":"\n<h4 class=\"wp-block-heading\">Un tout nouveau programme pour le semestre de printemps-\u00e9t\u00e9 2025 est d\u00e9sormais disponible. Laissez-vous s\u00e9duire par les diverses activit\u00e9s propos\u00e9es et d\u00e9couvrez, en quelques lignes, l&rsquo;\u00e9dito de notre secr\u00e9taire g\u00e9n\u00e9rale.<\/h4>\n\n\n\n<div style=\"height:27px\" aria-hidden=\"true\" class=\"wp-block-spacer\"><\/div>\n\n\n\n<div class=\"wp-block-columns is-layout-flex wp-container-core-columns-is-layout-9d6595d7 wp-block-columns-is-layout-flex\">\n<div class=\"wp-block-column is-layout-flow wp-block-column-is-layout-flow\" style=\"flex-basis:25%\">\n<figure class=\"wp-block-image size-full\"><img alt=\"\" loading=\"lazy\" decoding=\"async\" width=\"945\" height=\"945\" src=\"https:\/\/wp.unil.ch\/connaissance3\/files\/2025\/01\/PatriciaDubois_Connaissance3-2.jpg\" alt=\"\" class=\"wp-image-30085\" srcset=\"https:\/\/wp.unil.ch\/connaissance3\/files\/2025\/01\/PatriciaDubois_Connaissance3-2.jpg 945w, https:\/\/wp.unil.ch\/connaissance3\/files\/2025\/01\/PatriciaDubois_Connaissance3-2-300x300.jpg 300w, https:\/\/wp.unil.ch\/connaissance3\/files\/2025\/01\/PatriciaDubois_Connaissance3-2-180x180.jpg 180w, https:\/\/wp.unil.ch\/connaissance3\/files\/2025\/01\/PatriciaDubois_Connaissance3-2-768x768.jpg 768w, https:\/\/wp.unil.ch\/connaissance3\/files\/2025\/01\/PatriciaDubois_Connaissance3-2-230x230.jpg 230w, https:\/\/wp.unil.ch\/connaissance3\/files\/2025\/01\/PatriciaDubois_Connaissance3-2-365x365.jpg 365w, https:\/\/wp.unil.ch\/connaissance3\/files\/2025\/01\/PatriciaDubois_Connaissance3-2-400x400.jpg 400w, https:\/\/wp.unil.ch\/connaissance3\/files\/2025\/01\/PatriciaDubois_Connaissance3-2-600x600.jpg 600w\" sizes=\"auto, (max-width: 945px) 100vw, 945px\" \/><\/figure>\n<\/div>\n\n\n\n<div class=\"wp-block-column is-layout-flow wp-block-column-is-layout-flow\" style=\"flex-basis:66.66%\">\n<p>\u00ab\u00a0Notre tr\u00e8s ch\u00e8re enseignante, Vittoria Cesari Lusso, docteure en psychologie, ne m\u2019en voudra pas si je m\u2019inspire, pour le titre de cet \u00e9ditorial, de celui de la <a href=\"https:\/\/wp.unil.ch\/connaissance3\/conferences\/\" target=\"_blank\" rel=\"noreferrer noopener\">conf\u00e9rence<\/a> qu\u2019elle donnera le 6 mars prochain au S\u00e9pey.<\/p>\n\n\n\n<p>Je m\u2019en inspire, mais je le mets au pluriel pour de multiples raisons. D\u2019abord parce que les personnes qui se sont engag\u00e9es pour cr\u00e9er le programme que vous tenez entre vos mains ont \u00e9t\u00e9 nombreuses. En effet, comme chaque semestre, il a \u00e9t\u00e9 \u00e9labor\u00e9 par nos onze comit\u00e9s r\u00e9gionaux, nos commissions des cours, de la recherche, des visites culturelles et scientifiques, sans oublier les membres de notre Conseil de fondation, qui s\u2019impliquent \u00e9galement dans les activit\u00e9s au quotidien.<\/p>\n\n\n\n<p>Ensuite, parce que les tr\u00e9sors que vous d\u00e9couvrirez dans ces pages sont eux aussi abondants: <a href=\"https:\/\/wp.unil.ch\/connaissance3\/conferences\/\" target=\"_blank\" rel=\"noreferrer noopener\">45 conf\u00e9rences<\/a> dans tout le canton; une <a href=\"https:\/\/wp.unil.ch\/connaissance3\/cours\/\" target=\"_blank\" rel=\"noreferrer noopener\">vingtaine de cours<\/a> \u00e0 Yverdon-les-Bains, \u00e0 Lausanne et \u00ab hors les murs \u00bb pour de nouvelles d\u00e9couvertes; plus d\u2019une <a href=\"https:\/\/wp.unil.ch\/connaissance3\/visites-culturelles\/\" target=\"_blank\" rel=\"noreferrer noopener\">dizaine de visites culturelles ou scientifiques<\/a>. Des visites qui vous permettront d\u2019entrer dans des institutions qui n\u2019ont pas vocation \u00e0 accueillir du public, telles que l\u2019<a href=\"https:\/\/wp.unil.ch\/connaissance3\/2025\/01\/lusine-de-pierre-de-plan-pionniere-du-chauffage-a-distance\/\" target=\"_blank\" rel=\"noreferrer noopener\">usine de Pierre-de-Plan<\/a>, le <a href=\"https:\/\/wp.unil.ch\/connaissance3\/2025\/01\/le-centre-de-recherche-et-darchivage-de-la-cinematheque-suisse\/\" target=\"_blank\" rel=\"noreferrer noopener\">Centre de recherche et d\u2019archivage de la Cin\u00e9math\u00e8que suisse<\/a> ou les coulisses du <a href=\"https:\/\/wp.unil.ch\/connaissance3\/2025\/01\/generations-un-magazine-pas-comme-les-autres\/\" target=\"_blank\" rel=\"noreferrer noopener\">magazine <em>g\u00e9n\u00e9rations<\/em><\/a><em> <\/em>pour ne prendre que ces exemples. Nous les remercions chaleureusement d\u2019ouvrir leurs portes \u00e0 Connaissance 3. Vous voyagerez \u00e9galement, vous irez <a href=\"https:\/\/wp.unil.ch\/connaissance3\/2025\/01\/la-vieille-ville-de-soleure-et-les-cloches-de-la-manufacture-glutz\/\" target=\"_blank\" rel=\"noreferrer noopener\">\u00ab\u00a0sur Soleure\u00a0\u00bb<\/a> en esp\u00e9rant que vous en reviendrez! Ce semestre aussi, et c\u2019est plus rare, nous vous invitons au-del\u00e0 de nos fronti\u00e8res: <a href=\"https:\/\/wp.unil.ch\/connaissance3\/2025\/01\/le-chateau-de-syam-et-labbaye-de-baume-les-messieurs\/\" target=\"_blank\" rel=\"noreferrer noopener\">en Bourgogne<\/a> et <a href=\"https:\/\/wp.unil.ch\/connaissance3\/2025\/01\/voyage-musical-a-prague\/\" target=\"_blank\" rel=\"noreferrer noopener\">\u00e0 Prague<\/a> pour des voyages exclusifs.<\/p>\n\n\n\n<p>Pour revenir au titre ci-dessus, je me permets une touche plus personnelle: le secr\u00e9tariat est le point de vue id\u00e9al pour mesurer la richesse inestimable que repr\u00e9sente le carnet d\u2019adresses des seniors engag\u00e9\u00b7es b\u00e9n\u00e9volement chez Connaissance 3. Leur enthousiasme \u00e0 faire partager leurs passions et leur insatiable curiosit\u00e9 rencontrent chaque semestre un public lui aussi de plus en plus nombreux: aucun doute, les seniors offrent des tr\u00e9sors!<\/p>\n\n\n\n<p>Je vous souhaite un excellent semestre en notre compagnie.\u00a0\u00bb<\/p>\n\n\n\n<p><strong>Patricia Dubois<\/strong>, secr\u00e9taire g\u00e9n\u00e9rale de Connaissance 3<\/p>\n<\/div>\n<\/div>\n\n\n\n<div style=\"height:51px\" aria-hidden=\"true\" class=\"wp-block-spacer\"><\/div>\n\n\n\n<div class=\"wp-block-columns alignfull has-text-color has-background is-layout-flex wp-container-core-columns-is-layout-9d6595d7 wp-block-columns-is-layout-flex\" style=\"color:#000000;background-color:#ffffff\">\n<div class=\"wp-block-column is-layout-flow wp-block-column-is-layout-flow\">\n<h3 class=\"wp-block-heading\" style=\"font-size:24px;line-height:1.3\"><a rel=\"noreferrer noopener\" href=\"https:\/\/wp.unil.ch\/connaissance3\/conferences\/\" data-type=\"link\" data-id=\"https:\/\/wp.unil.ch\/connaissance3\/conferences\/\" target=\"_blank\"><mark style=\"background-color:#ffffff;color:#00acc8\" class=\"has-inline-color\">Conf\u00e9rences \u2197<\/mark><\/a><\/h3>\n\n\n\n<p>Consultez la programmation annuelle de toutes les conf\u00e9rences que Connaissance 3 propose dans 11 r\u00e9gions du canton.<\/p>\n<\/div>\n\n\n\n<div class=\"wp-block-column is-layout-flow wp-block-column-is-layout-flow\">\n<h3 class=\"wp-block-heading\" style=\"font-size:24px;line-height:1.3\"><a rel=\"noreferrer noopener\" href=\"https:\/\/wp.unil.ch\/connaissance3\/cours\/\" data-type=\"link\" data-id=\"https:\/\/wp.unil.ch\/connaissance3\/cours\/\" target=\"_blank\"><mark style=\"background-color:#ffffff;color:#f28c00\" class=\"has-inline-color\">Cours-s\u00e9minaires \u2197<\/mark><\/a><\/h3>\n\n\n\n<p>Une palette vari\u00e9e de cours et s\u00e9minaires donn\u00e9s dans nos salles d&rsquo;Yverdon et Lausanne ainsi que dans diff\u00e9rents lieux partenaires.<\/p>\n<\/div>\n\n\n\n<div class=\"wp-block-column is-layout-flow wp-block-column-is-layout-flow\">\n<h3 class=\"wp-block-heading\" style=\"font-size:24px;line-height:1.3\"><a rel=\"noreferrer noopener\" href=\"https:\/\/wp.unil.ch\/connaissance3\/visites-culturelles\/\" data-type=\"link\" data-id=\"https:\/\/wp.unil.ch\/connaissance3\/visites-culturelles\/\" target=\"_blank\"><mark style=\"background-color:#ffffff;color:#94c11f\" class=\"has-inline-color\">Visites \u2197<\/mark><\/a><\/h3>\n\n\n\n<p>D\u00e9couvrez certains des fleurons culturels, scientifiques et \u00e9conomiques des quatre coins de la Suisse en compagnie d&rsquo;expert\u00b7es.<\/p>\n<\/div>\n<\/div>\n\n\n\n<div style=\"height:27px\" aria-hidden=\"true\" class=\"wp-block-spacer\"><\/div>\n","protected":false},"excerpt":{"rendered":"<p>13.01.2025 | Un tout nouveau programme pour le semestre de printemps-\u00e9t\u00e9 2025 est d\u00e9sormais disponible. Laissez-vous s\u00e9duire par les diverses activit\u00e9s propos\u00e9es et d\u00e9couvrez, en quelques lignes, l&rsquo;\u00e9dito de notre secr\u00e9taire g\u00e9n\u00e9rale.<\/p>\n","protected":false},"author":1136,"featured_media":30089,"comment_status":"closed","ping_status":"closed","sticky":false,"template":"","format":"standard","meta":{"_seopress_robots_primary_cat":"","_seopress_titles_title":"","_seopress_titles_desc":"","_seopress_robots_index":"","footnotes":""},"categories":[74276],"tags":[],"class_list":{"0":"post-30082","1":"post","2":"type-post","3":"status-publish","4":"format-standard","5":"has-post-thumbnail","7":"category-actu"},"_links":{"self":[{"href":"https:\/\/wp.unil.ch\/connaissance3\/wp-json\/wp\/v2\/posts\/30082","targetHints":{"allow":["GET"]}}],"collection":[{"href":"https:\/\/wp.unil.ch\/connaissance3\/wp-json\/wp\/v2\/posts"}],"about":[{"href":"https:\/\/wp.unil.ch\/connaissance3\/wp-json\/wp\/v2\/types\/post"}],"author":[{"embeddable":true,"href":"https:\/\/wp.unil.ch\/connaissance3\/wp-json\/wp\/v2\/users\/1136"}],"replies":[{"embeddable":true,"href":"https:\/\/wp.unil.ch\/connaissance3\/wp-json\/wp\/v2\/comments?post=30082"}],"version-history":[{"count":3,"href":"https:\/\/wp.unil.ch\/connaissance3\/wp-json\/wp\/v2\/posts\/30082\/revisions"}],"predecessor-version":[{"id":30088,"href":"https:\/\/wp.unil.ch\/connaissance3\/wp-json\/wp\/v2\/posts\/30082\/revisions\/30088"}],"wp:featuredmedia":[{"embeddable":true,"href":"https:\/\/wp.unil.ch\/connaissance3\/wp-json\/wp\/v2\/media\/30089"}],"wp:attachment":[{"href":"https:\/\/wp.unil.ch\/connaissance3\/wp-json\/wp\/v2\/media?parent=30082"}],"wp:term":[{"taxonomy":"category","embeddable":true,"href":"https:\/\/wp.unil.ch\/connaissance3\/wp-json\/wp\/v2\/categories?post=30082"},{"taxonomy":"post_tag","embeddable":true,"href":"https:\/\/wp.unil.ch\/connaissance3\/wp-json\/wp\/v2\/tags?post=30082"}],"curies":[{"name":"wp","href":"https:\/\/api.w.org\/{rel}","templated":true}]}}