{"id":29813,"date":"2025-01-06T09:01:48","date_gmt":"2025-01-06T08:01:48","guid":{"rendered":"https:\/\/wp.unil.ch\/connaissance3\/?p=29813"},"modified":"2025-07-15T12:12:01","modified_gmt":"2025-07-15T10:12:01","slug":"litterature-et-architecture-building-stories-construire-des-histoires-histoires-dimmeubles","status":"publish","type":"post","link":"https:\/\/wp.unil.ch\/connaissance3\/2025\/01\/litterature-et-architecture-building-stories-construire-des-histoires-histoires-dimmeubles\/","title":{"rendered":"Litt\u00e9rature et architecture \u2013\u00a0Building stories: construire des histoires &amp; histoires d\u2019immeubles"},"content":{"rendered":"\n<div class=\"wp-block-group alignwide\"><div class=\"wp-block-group__inner-container is-layout-constrained wp-block-group-is-layout-constrained\">\n<h4 class=\"wp-block-heading\">Nadja Maillard, anthropologue, docteure en histoire de l\u2019architecture et auteure<\/h4>\n\n\n\n<div class=\"wp-block-columns is-layout-flex wp-container-core-columns-is-layout-9d6595d7 wp-block-columns-is-layout-flex\">\n<div class=\"wp-block-column is-vertically-aligned-top is-layout-flow wp-block-column-is-layout-flow\" style=\"flex-basis:25%\">\n<figure class=\"wp-block-image size-full\"><img alt=\"\" decoding=\"async\" src=\"https:\/\/wp.unil.ch\/connaissance3\/files\/2025\/01\/1_Yv_Building-stories_CPT.jpg\" alt=\"\" class=\"wp-image-29815\" \/><\/figure>\n<\/div>\n\n\n\n<div class=\"wp-block-column is-layout-flow wp-block-column-is-layout-flow\" style=\"flex-basis:66.66%\">\n<p>\u00ab\u00a0Une maison n\u2019existe vraiment dans l\u2019espace qu\u2019au moment o\u00f9 elle nous impose la quantit\u00e9 de litt\u00e9rature quelle contient\u00a0\u00bb, affirme l\u2019\u00e9crivain Pierre Mac Orlan. De fait, \u00e9crivain\u00b7es et architectes travaillent \u00e0 b\u00e2tir des espaces r\u00e9gis par des syst\u00e8mes normatifs sp\u00e9cifiques. Quels enseignements pouvons-nous tirer de leur fa\u00e7on de construire, d\u2019\u00e9crire et d\u2019habiter ces espaces? La lecture critique, l\u2019analyse crois\u00e9e de textes allant de l\u2019essai \u00e0 la bande dessin\u00e9e, du roman au script de film ou au r\u00e9cit de voyage, permettent de porter un regard diff\u00e9rent sur des objets construits, tels que cath\u00e9drales, immeubles, gratte-ciel, labyrinthes, ou sur des lieux \u00e0 forte charge symbolique, tels que biblioth\u00e8ques, ruines, escaliers, chambres ou encore chantiers.<\/p>\n\n\n\n<p>Durant chacune des sessions, des ouvrages \u2013 au double sens de constructions et de livres \u2013 pass\u00e9s et contemporains seront ainsi mis en perspective.<\/p>\n\n\n<div class=\"su-spoiler su-spoiler-style-fancy su-spoiler-icon-arrow su-spoiler-closed\" data-scroll-offset=\"0\" data-anchor-in-url=\"no\"><div class=\"su-spoiler-title\" tabindex=\"0\" role=\"button\"><span class=\"su-spoiler-icon\"><\/span>Programme d\u00e9taill\u00e9<\/div><div class=\"su-spoiler-content su-u-clearfix su-u-trim\">\n\n\n\n<p><strong><mark style=\"background-color:#ffffff;color:#00acc8\" class=\"has-inline-color\">vendredi 21 mars<\/mark><\/strong><br>Apr\u00e8s une introduction qui cartographie la th\u00e9matique, cette session sera l\u2019occasion d\u2019\u00e9tudier ce que peut \u00eatre l\u2019\u00e9change entre belles-lettres et architecture, en consid\u00e9rant la relation professionnelle qu\u2019entretinrent certains \u00e9crivains et b\u00e2tisseurs. Des romans, comme <em>Pot-Bouille<\/em> d\u2019Emile Zola (1882) ou <em>La vie mode d\u2019emploi<\/em> de Georges Perec (1978), poss\u00e8dent leur propre charge structurante: autant de fen\u00eatres, autant de pi\u00e8ces et derri\u00e8re d\u2019autres pi\u00e8ces encore comme des liens hypertextes.<\/p>\n\n\n\n<p><strong><mark style=\"background-color:#ffffff;color:#00acc8\" class=\"has-inline-color\">vendredi 28 mars<\/mark><\/strong><br>Parmi les lieux de l\u2019\u00e9crit, la biblioth\u00e8que en tant que point de rencontre de l\u2019\u00e9criture et de la lecture, la biblioth\u00e8que comme institution et comme b\u00e2timent, la biblioth\u00e8que comme gardienne privil\u00e9gi\u00e9e de l\u2019\u00e9crit et de sa conservation sera l\u2019objet de cette session. Elle sera \u00e9tudi\u00e9e dans ses diff\u00e9rentes apparitions litt\u00e9raires, au cin\u00e9ma ou dans les arts plastiques.<\/p>\n\n\n\n<p><strong><mark style=\"background-color:#ffffff;color:#00acc8\" class=\"has-inline-color\">vendredi 4 avril<\/mark><\/strong><br>Durant cette session, nous visiterons quelques <em>Writing Studios<\/em> pour voir si le lieu de travail a des incidences sur la fabrique de l\u2019\u00e9criture. De la biblioth\u00e8que de Montaigne, qu\u2019il appelait sa librairie, au bedroom-office de William Faulkner, en passant par la solitude comme espace n\u00e9cessaire \u00e0 la cr\u00e9ation pour Marguerite Duras. Et puis comme tous les chemins m\u00e8nent \u00e0 la chambre\u2026 seront aussi analys\u00e9s les r\u00e9cits de chambre qui nous disent certes ce qu\u2019elle est, mais plus encore ce qu\u2019elle repr\u00e9sente comme ressort d\u2019une intrigue et structure signifiante. Beaucoup de mots pour dire, au sein de l\u2019appartement, les divisions de l\u2019intime.<\/p>\n\n\n\n<p><strong><mark style=\"background-color:#ffffff;color:#00acc8\" class=\"has-inline-color\">vendredi 11 avril<\/mark><\/strong><br>Dans le vingt-et-uni\u00e8me album de la s\u00e9rie des Aventures de Tintin, <em>Les bijoux de la Castafiore<\/em> (1963), \u00e9criture et architecture se trouvent agr\u00e9g\u00e9s d&rsquo;une mani\u00e8re tout \u00e0 fait singuli\u00e8re, qui tient en un mot: la chute. Celle du langage et de la communication, celles occasionn\u00e9es par la d\u00e9t\u00e9rioration d\u2019une pi\u00e8ce majeure de l\u2019architecture: l\u2019escalier. Nous verrons ainsi comment se manifeste la chute dans les deux domaines d\u2019expression du cours, <em>\u00e9crire<\/em> et <em>construire<\/em>.<\/p>\n\n\n\n<\/div><\/div>\n<\/div>\n<\/div>\n\n\n\n<figure class=\"wp-block-table\"><table><tbody><tr><td>Dates<\/td><td>les vendredis 21, 28 mars, 4 et 11 avril 2025<\/td><\/tr><tr><td>Heures<\/td><td>de 10h30 \u00e0 12h<\/td><\/tr><tr><td>Lieu<\/td><td>Centre aux Aliz\u00e9s, ruelle Vautier 5, Yverdon-les-Bains<\/td><\/tr><tr><td>Prix<\/td><td>125 fr. (160 fr. sans adh\u00e9sion) pour 4 s\u00e9ances, supports de cours inclus<br><a href=\"https:\/\/wp.unil.ch\/connaissance3\/culture-pour-tous\/\" target=\"_blank\" rel=\"noreferrer noopener\">Culture pour tous<\/a>: 30 fr.<\/td><\/tr><\/tbody><\/table><\/figure>\n\n\n\n<div class=\"wp-block-buttons alignwide has-custom-font-size has-medium-font-size is-horizontal is-content-justification-center is-layout-flex wp-container-core-buttons-is-layout-499968f5 wp-block-buttons-is-layout-flex\">\n<div class=\"wp-block-button\"><a class=\"wp-block-button__link has-white-color has-text-color has-background has-text-align-center wp-element-button\" href=\"https:\/\/wp.unil.ch\/connaissance3\/cours\/inscriptions\/\" style=\"background-color:#00acc8\">S&rsquo;inscrire<\/a><\/div>\n<\/div>\n<\/div><\/div>\n\n\n\n<p><\/p>\n","protected":false},"excerpt":{"rendered":"<p>A travers leurs cr\u00e9ations, \u00e9crivain\u00b7es et architectes fa\u00e7onnent des espaces et influencent notre mani\u00e8re d&rsquo;habiter le monde. En croisant des textes vari\u00e9s \u2013 essais, bandes dessin\u00e9es, romans, films ou r\u00e9cits de voyage \u2013 Nadja Maillard vous emm\u00e8ne \u00e0 la d\u00e9couverte de lieux charg\u00e9s de symbolisme, comme des cath\u00e9drales, immeubles, chambres ou biblioth\u00e8ques.<br \/>\n4 s\u00e9ances, d\u00e8s le 21 mars 2025<\/p>\n","protected":false},"author":1136,"featured_media":0,"comment_status":"closed","ping_status":"closed","sticky":false,"template":"","format":"standard","meta":{"_seopress_robots_primary_cat":"","_seopress_titles_title":"","_seopress_titles_desc":"","_seopress_robots_index":"","footnotes":""},"categories":[74315],"tags":[74363],"class_list":{"0":"post-29813","1":"post","2":"type-post","3":"status-publish","4":"format-standard","6":"category-archives-cours","7":"tag-pe25_yverdon"},"_links":{"self":[{"href":"https:\/\/wp.unil.ch\/connaissance3\/wp-json\/wp\/v2\/posts\/29813","targetHints":{"allow":["GET"]}}],"collection":[{"href":"https:\/\/wp.unil.ch\/connaissance3\/wp-json\/wp\/v2\/posts"}],"about":[{"href":"https:\/\/wp.unil.ch\/connaissance3\/wp-json\/wp\/v2\/types\/post"}],"author":[{"embeddable":true,"href":"https:\/\/wp.unil.ch\/connaissance3\/wp-json\/wp\/v2\/users\/1136"}],"replies":[{"embeddable":true,"href":"https:\/\/wp.unil.ch\/connaissance3\/wp-json\/wp\/v2\/comments?post=29813"}],"version-history":[{"count":5,"href":"https:\/\/wp.unil.ch\/connaissance3\/wp-json\/wp\/v2\/posts\/29813\/revisions"}],"predecessor-version":[{"id":30027,"href":"https:\/\/wp.unil.ch\/connaissance3\/wp-json\/wp\/v2\/posts\/29813\/revisions\/30027"}],"wp:attachment":[{"href":"https:\/\/wp.unil.ch\/connaissance3\/wp-json\/wp\/v2\/media?parent=29813"}],"wp:term":[{"taxonomy":"category","embeddable":true,"href":"https:\/\/wp.unil.ch\/connaissance3\/wp-json\/wp\/v2\/categories?post=29813"},{"taxonomy":"post_tag","embeddable":true,"href":"https:\/\/wp.unil.ch\/connaissance3\/wp-json\/wp\/v2\/tags?post=29813"}],"curies":[{"name":"wp","href":"https:\/\/api.w.org\/{rel}","templated":true}]}}