{"id":29724,"date":"2025-01-06T08:13:00","date_gmt":"2025-01-06T07:13:00","guid":{"rendered":"https:\/\/wp.unil.ch\/connaissance3\/?p=29724"},"modified":"2025-07-15T11:45:58","modified_gmt":"2025-07-15T09:45:58","slug":"voyage-musical-a-prague","status":"publish","type":"post","link":"https:\/\/wp.unil.ch\/connaissance3\/2025\/01\/voyage-musical-a-prague\/","title":{"rendered":"Voyage musical \u00e0 Prague"},"content":{"rendered":"\n<div class=\"wp-block-group alignwide\"><div class=\"wp-block-group__inner-container is-layout-constrained wp-block-group-is-layout-constrained\">\n<div class=\"wp-block-columns is-layout-flex wp-container-core-columns-is-layout-9d6595d7 wp-block-columns-is-layout-flex\">\n<div class=\"wp-block-column is-vertically-aligned-top is-layout-flow wp-block-column-is-layout-flow\" style=\"flex-basis:25%\">\n<figure class=\"wp-block-image size-full\"><img alt=\"\" decoding=\"async\" src=\"https:\/\/wp.unil.ch\/connaissance3\/files\/2024\/12\/Voyage-musical-a-Prague.jpg\" alt=\"\" class=\"wp-image-29725\" \/><\/figure>\n<\/div>\n\n\n\n<div class=\"wp-block-column is-layout-flow wp-block-column-is-layout-flow\" style=\"flex-basis:66.66%\">\n<p>En compagnie de <strong>Jean-Marc Grob<\/strong>, musicien retrait\u00e9, vous pourrez d\u00e9couvrir (ou red\u00e9couvrir) Prague, une des capitales les plus fascinantes d\u2019Europe. Parmi les moments forts de votre s\u00e9jour (cinq jours et quatre nuits), vous aurez l\u2019occasion d\u2019assister \u00e0 deux repr\u00e9sentations musicales, dont <strong>un concert priv\u00e9 du fameux Quatuor Pra\u017e\u00e1k<\/strong>, l\u2019un des principaux quatuors \u00e0 cordes actuels, dans un merveilleux monast\u00e8re situ\u00e9 dans la banlieue de la capitale.<\/p>\n\n\n\n<p>Avant cela, vous vivrez une <strong>soir\u00e9e exceptionnelle au Th\u00e9\u00e2tre des \u00c9tats<\/strong> o\u00f9 fut cr\u00e9\u00e9 le <em>Don Juan<\/em> de Mozart avec une repr\u00e9sentation des <em>Noces de Figaro<\/em> \u2013 une de ses \u0153uvres embl\u00e9matiques d\u2019apr\u00e8s la pi\u00e8ce de Beaumarchais. Chaque matin, Jean-Marc Grob partagera sa passion pour la musique au cours d\u2019un interm\u00e8de \u00e0 l\u2019h\u00f4tel. Un moment privil\u00e9gi\u00e9 pour \u00e9changer avec ce \u00ab\u00a0passeur de musique\u00a0\u00bb, chef du Sinfonietta de Lausanne durant trois d\u00e9cennies.<\/p>\n\n\n\n<p>La richesse des tr\u00e9sors architecturaux et artistiques de la \u00ab\u00a0ville aux cent tours\u00a0\u00bb ne sera pas oubli\u00e9e. Sous la conduite d\u2019un guide local, vous visiterez notamment la Vieille Ville, la Maison municipale ou le monast\u00e8re de Strahov. Enfin, une journ\u00e9e sera consacr\u00e9e \u00e0 la d\u00e9couverte du centre historique de Cesky\u0301 Krumlov, une des plus belles villes du pays.<\/p>\n\n\n\n<p>En pr\u00e9lude au voyage, une introduction musicale, sous forme de conf\u00e9rence, sera offerte aux participant\u00b7es.<\/p>\n\n\n\n<div class=\"wp-block-buttons alignwide has-custom-font-size has-medium-font-size is-horizontal is-content-justification-center is-layout-flex wp-container-core-buttons-is-layout-499968f5 wp-block-buttons-is-layout-flex\">\n<div class=\"wp-block-button\"><a class=\"wp-block-button__link has-white-color has-text-color has-background has-text-align-center wp-element-button\" href=\"https:\/\/wp.unil.ch\/connaissance3\/files\/2025\/01\/Flyer-Voyage-musical-Prague-Connaissance-3-Les-Noces-de-Figaro.pdf\" style=\"background-color:#00acc8\" target=\"_blank\" rel=\"noreferrer noopener\">Programme d\u00e9taill\u00e9<\/a><\/div>\n<\/div>\n\n\n\n<div style=\"height:13px\" aria-hidden=\"true\" class=\"wp-block-spacer\"><\/div>\n\n\n\n<p class=\"has-text-align-center\"><em><mark style=\"background-color:#ffffff;color:#00acc8\" class=\"has-inline-color\">*Programme sous r\u00e9serve de modifications*<\/mark><\/em><\/p>\n\n\n\n<p style=\"font-size:15px\"><strong>Jean-Marc Grob<\/strong><br>N\u00e9 il y a trois quarts de si\u00e8cle dans le Chablais vaudois, Jean-Marc Grob se destine d\u2019abord \u00e0 la fl\u00fbte qu\u2019il \u00e9tudie \u00e0 Lausanne, Zurich et Berlin. Apr\u00e8s quelques ann\u00e9es d\u2019exp\u00e9riences passionnantes dans divers orchestres professionnels, il se d\u00e9couvre un int\u00e9r\u00eat pour l\u2019organisation et la direction musicales. Avec des amis, il fonde, en 1981, l\u2019Orchestre des rencontres musicales qui sera restructur\u00e9, en 1996, en Sinfonietta de Lausanne. \u00c0 la t\u00eate de cette formation jusqu\u2019en 2013, il dirige plusieurs centaines de concerts et entreprend plusieurs tourn\u00e9es internationales. En 1999, il re\u00e7oit le \u00ab\u00a0Prix de l\u2019\u00c9veil\u00a0\u00bb attribu\u00e9 par la Fondation vaudoise pour la culture. Jean-Marc Grob est avant tout un \u00ab\u00a0passeur\u00a0\u00bb qui aime \u00e9changer et transmettre. Il a programm\u00e9 de nombreux concerts dans le canton de Vaud, en pr\u00e9sentant un vaste r\u00e9pertoire classique privil\u00e9giant surprises et d\u00e9couvertes. Depuis le d\u00e9but des ann\u00e9es 2000, il est co-responsable du pupitre \u00ab\u00a0Musique\u00a0\u00bb pour les conf\u00e9rences de Connaissance 3 \u00e0 Lausanne. En parall\u00e8le, il a anim\u00e9 d\u2019innombrables conf\u00e9rences sur l\u2019\u00e9coute de la musique pour l\u2019universit\u00e9 populaire et, depuis son d\u00e9part en retraite, il accompagne chaque ann\u00e9e une demi-douzaine de voyages musicaux dans toute l\u2019Europe \u00e0 l\u2019intention de personnes d\u00e9sireuses de d\u00e9couvrir ce que la musique peut nous dire.<\/p>\n\n\n\n<figure class=\"wp-block-image size-large is-resized\"><a href=\"https:\/\/www.micexperts.ch\/fr\/\" target=\"_blank\" rel=\" noreferrer noopener\"><img alt=\"\" loading=\"lazy\" decoding=\"async\" width=\"1024\" height=\"576\" src=\"https:\/\/wp.unil.ch\/connaissance3\/files\/2024\/12\/MicExperts_Logo-1024x576.png\" alt=\"\" class=\"wp-image-29729\" style=\"width:235px;height:auto\" srcset=\"https:\/\/wp.unil.ch\/connaissance3\/files\/2024\/12\/MicExperts_Logo-1024x576.png 1024w, https:\/\/wp.unil.ch\/connaissance3\/files\/2024\/12\/MicExperts_Logo-300x169.png 300w, https:\/\/wp.unil.ch\/connaissance3\/files\/2024\/12\/MicExperts_Logo-180x101.png 180w, https:\/\/wp.unil.ch\/connaissance3\/files\/2024\/12\/MicExperts_Logo-768x432.png 768w, https:\/\/wp.unil.ch\/connaissance3\/files\/2024\/12\/MicExperts_Logo.png 1280w\" sizes=\"auto, (max-width: 1024px) 100vw, 1024px\" \/><\/a><\/figure>\n<\/div>\n<\/div>\n\n\n\n<figure class=\"wp-block-table\"><table><tbody><tr><td>Dates<\/td><td>du mercredi 4 au dimanche 8 juin 2025 | <mark style=\"background-color:#ffffff\" class=\"has-inline-color has-vivid-red-color\">Complet, liste d&rsquo;attente<\/mark><\/td><\/tr><tr><td>Organisateurs<\/td><td><a href=\"https:\/\/www.micexperts.ch\/fr\/\" target=\"_blank\" rel=\"noreferrer noopener\">MICExperts<\/a> et Connaissance 3<\/td><\/tr><tr><td>Participant\u00b7es<\/td><td>25 au maximum<\/td><\/tr><tr><td>Guide musical<\/td><td>Jean-Marc Grob, musicien et chef d\u2019orchestre<\/td><\/tr><tr><td>Prix<\/td><td>2080 fr. (par personne, en chambre double),<br>suppl\u00e9ment en chambre individuelle: 350 fr.<br>Vol direct au d\u00e9part de Gen\u00e8ve<\/td><\/tr><\/tbody><\/table><\/figure>\n<\/div><\/div>\n\n\n\n<div class=\"wp-block-buttons alignwide has-custom-font-size has-medium-font-size is-horizontal is-content-justification-center is-layout-flex wp-container-core-buttons-is-layout-499968f5 wp-block-buttons-is-layout-flex\">\n<div class=\"wp-block-button\"><a class=\"wp-block-button__link has-white-color has-text-color has-background has-text-align-center wp-element-button\" href=\"https:\/\/wp.unil.ch\/connaissance3\/visites-culturelles\/inscriptions\/\" style=\"background-color:#00acc8\">S&rsquo;inscrire sur liste d&rsquo;attente<\/a><\/div>\n<\/div>\n","protected":false},"excerpt":{"rendered":"<p>Partez \u00e0 la d\u00e9couverte de Prague avec Jean-Marc Grob, musicien passionn\u00e9, pour un voyage de 5 jours m\u00ealant musique et patrimoine. Assistez \u00e0 deux concerts exceptionnels, dont un priv\u00e9, et vivez une soir\u00e9e au son de Mozart au Th\u00e9\u00e2tre des \u00c9tats. Chaque matin, profitez d\u2019un interm\u00e8de musical avant de visiter les tr\u00e9sors de la capitale tch\u00e8que et de la ville Cesk\u00fd Krumlov. Un voyage unique entre musique, histoire et architecture.<br \/>\nDu mercredi 4 au dimanche 8 juin 2025 | Complet, liste d&rsquo;attente<\/p>\n","protected":false},"author":1136,"featured_media":0,"comment_status":"closed","ping_status":"closed","sticky":false,"template":"","format":"standard","meta":{"_seopress_robots_primary_cat":"","_seopress_titles_title":"","_seopress_titles_desc":"","_seopress_robots_index":"","footnotes":""},"categories":[74308],"tags":[74362],"class_list":{"0":"post-29724","1":"post","2":"type-post","3":"status-publish","4":"format-standard","6":"category-archives-visites","7":"tag-pe25"},"_links":{"self":[{"href":"https:\/\/wp.unil.ch\/connaissance3\/wp-json\/wp\/v2\/posts\/29724","targetHints":{"allow":["GET"]}}],"collection":[{"href":"https:\/\/wp.unil.ch\/connaissance3\/wp-json\/wp\/v2\/posts"}],"about":[{"href":"https:\/\/wp.unil.ch\/connaissance3\/wp-json\/wp\/v2\/types\/post"}],"author":[{"embeddable":true,"href":"https:\/\/wp.unil.ch\/connaissance3\/wp-json\/wp\/v2\/users\/1136"}],"replies":[{"embeddable":true,"href":"https:\/\/wp.unil.ch\/connaissance3\/wp-json\/wp\/v2\/comments?post=29724"}],"version-history":[{"count":4,"href":"https:\/\/wp.unil.ch\/connaissance3\/wp-json\/wp\/v2\/posts\/29724\/revisions"}],"predecessor-version":[{"id":30185,"href":"https:\/\/wp.unil.ch\/connaissance3\/wp-json\/wp\/v2\/posts\/29724\/revisions\/30185"}],"wp:attachment":[{"href":"https:\/\/wp.unil.ch\/connaissance3\/wp-json\/wp\/v2\/media?parent=29724"}],"wp:term":[{"taxonomy":"category","embeddable":true,"href":"https:\/\/wp.unil.ch\/connaissance3\/wp-json\/wp\/v2\/categories?post=29724"},{"taxonomy":"post_tag","embeddable":true,"href":"https:\/\/wp.unil.ch\/connaissance3\/wp-json\/wp\/v2\/tags?post=29724"}],"curies":[{"name":"wp","href":"https:\/\/api.w.org\/{rel}","templated":true}]}}