{"id":197,"date":"2023-03-02T11:42:08","date_gmt":"2023-03-02T10:42:08","guid":{"rendered":"https:\/\/wp.unil.ch\/confluence\/?p=197"},"modified":"2023-11-06T11:11:45","modified_gmt":"2023-11-06T10:11:45","slug":"cultiver-limaginaire-de-leau-douce","status":"publish","type":"post","link":"https:\/\/wp.unil.ch\/confluence\/cultiver-limaginaire-de-leau-douce\/","title":{"rendered":"Cartographie des mobilisations citoyennes portant sur l&rsquo;eau dans le bassin l\u00e9manique"},"content":{"rendered":"\n<div class=\"wp-block-columns is-layout-flex wp-container-core-columns-is-layout-9d6595d7 wp-block-columns-is-layout-flex\">\n<div class=\"wp-block-column is-layout-flow wp-block-column-is-layout-flow\" style=\"flex-basis:66.66%\">\n<div class=\"wp-block-group infostech has-primary-color has-light-background-background-color has-text-color has-background\"><div class=\"wp-block-group__inner-container is-layout-constrained wp-block-group-is-layout-constrained\">\n<h6 class=\"wp-block-heading has-text-align-center has-primary-color has-text-color\">Objectifs envisag\u00e9s<\/h6>\n\n\n\n<p class=\"has-text-align-center\">Produire une cartographie des mobilisations citoyennes portant sur l&rsquo;eau dans le bassin l\u00e9manique<\/p>\n<\/div><\/div>\n\n\n\n<p>Les menaces qui affectent l\u2019eau douce sont nombreuses<br>et l\u2019urgence est grandissante.&nbsp;Devant une situation chaque jour plus d\u00e9grad\u00e9e, l\u2019association id\u00b7eau s\u2019est constitu\u00e9e pour f\u00e9d\u00e9rer les \u00e9nergies et&nbsp;encourager l&rsquo;action afin de chercher comment changer notre quotidien pour pr\u00e9server cette ressource qui nous est essentielle et vitale :&nbsp;<strong>l&rsquo;eau<\/strong>.<\/p>\n\n\n\n<p>L\u2019objectif premier de l\u2019association id\u00b7eau est de contribuer \u00e0 l\u2019appropriation citoyenne de la gouvernance de l\u2019eau, et la participation active des habitantes et habitants en la mati\u00e8re. Cet objectif sera facilit\u00e9 par la f\u00e9d\u00e9ration des initiatives citoyennes prenant pour objet l\u2019eau partout o\u00f9 elle est un enjeu (en termes de droits de la nature et de limites plan\u00e9taires). Il s\u2019agit donc dans un premier temps de dresser une cartographie des initiatives et mobilisations citoyennes portant sur l\u2019eau, qu\u2019elles se situent en agriculture, \u00e9nergie\/barrage, qualit\u00e9 de l\u2019eau, etc. Le territoire r\u00e9gional (bassin l\u00e9manique\/ suisse romande) est privil\u00e9gi\u00e9 pour cette premi\u00e8re \u00e9tape.<\/p>\n\n\n\n<p>Ce travail de cartographie devra permettre de rendre compte des exp\u00e9riences citoyennes de mobilisation pour l\u2019eau (la trajectoire et l\u2019exp\u00e9rience) pour valoriser les initiatives et exp\u00e9rimentations porteuses, comprendre ce qui coince, ce qui marche, cr\u00e9er du lien entre les initiatives (f\u00e9d\u00e9rer et \u00e9quiper l\u2019action), etc. <\/p>\n\n\n\n<p>id.eau a identifi\u00e9 diff\u00e9rents domaines et collectifs d\u2019int\u00e9r\u00eat pour cette \u00e9tude.<\/p>\n<\/div>\n\n\n\n<div class=\"wp-block-column is-layout-flow wp-block-column-is-layout-flow\" style=\"flex-basis:33.33%\">\n<div class=\"wp-block-group infostech has-primary-color has-light-background-background-color has-text-color has-background\"><div class=\"wp-block-group__inner-container is-layout-constrained wp-block-group-is-layout-constrained\">\n<h6 class=\"wp-block-heading has-text-align-center\">Date de d\u00e9but <\/h6>\n\n\n\n<p class=\"has-text-align-center\">\u00e0 convenir<\/p>\n\n\n\n<hr class=\"wp-block-separator has-text-color has-buttons-text-color has-alpha-channel-opacity has-buttons-text-background-color has-background is-style-wide\" \/>\n\n\n\n<h6 class=\"wp-block-heading has-text-align-center\">Date de fin <\/h6>\n\n\n\n<p class=\"has-text-align-center\">\u00e0 convenir<\/p>\n\n\n\n<hr class=\"wp-block-separator has-text-color has-buttons-text-color has-alpha-channel-opacity has-buttons-text-background-color has-background is-style-wide\" \/>\n\n\n\n<h6 class=\"wp-block-heading has-text-align-center\">Partenaire <\/h6>\n\n\n\n<p class=\"has-text-align-center\"><a href=\"https:\/\/www.id-eau.org\/\">Association ID-eau<\/a><\/p>\n\n\n\n<hr class=\"wp-block-separator has-text-color has-buttons-text-color has-alpha-channel-opacity has-buttons-text-background-color has-background largeur100 is-style-wide\" \/>\n\n\n\n<h6 class=\"wp-block-heading has-text-align-center\">Profil \u00e9tudiant<\/h6>\n\n\n<div class=\"taxonomy-post_tag has-text-align-center wp-block-post-terms\"><a href=\"https:\/\/wp.unil.ch\/confluence\/tag\/master\/\" rel=\"tag\">Master<\/a><\/div><\/div><\/div>\n\n\n\n<div class=\"wp-block-buttons alignwide is-layout-flex wp-block-buttons-is-layout-flex\">\n<div class=\"wp-block-button has-custom-width wp-block-button__width-100 has-custom-font-size is-style-outline has-normal-font-size is-style-outline--1\"><a class=\"wp-block-button__link has-buttons-text-color has-accent-background-color has-text-color has-background wp-element-button\" href=\"https:\/\/wp.unil.ch\/confluence\/postuler-a-une-offre-de-projet-etudiant\u00b7e\/\" style=\"border-radius:3px\">CETTE OFFRE M&rsquo;INT\u00c9RESSE<\/a><\/div>\n<\/div>\n<\/div>\n<\/div>\n","protected":false},"excerpt":{"rendered":"<p>Objectifs envisag\u00e9s Produire une cartographie des mobilisations citoyennes portant sur l&rsquo;eau dans le bassin l\u00e9manique Les menaces qui affectent l\u2019eau douce sont nombreuseset l\u2019urgence est grandissante.&nbsp;Devant une situation&hellip;<\/p>\n","protected":false},"author":108,"featured_media":1197,"comment_status":"closed","ping_status":"closed","sticky":false,"template":"template-full-width.php","format":"standard","meta":{"_seopress_robots_primary_cat":"","_seopress_titles_title":"","_seopress_titles_desc":"","_seopress_robots_index":"","_uag_custom_page_level_css":"","footnotes":""},"categories":[3],"tags":[12],"class_list":{"0":"post-197","1":"post","2":"type-post","3":"status-publish","4":"format-standard","5":"has-post-thumbnail","7":"category-offre","8":"tag-master"},"uagb_featured_image_src":{"full":["https:\/\/wp.unil.ch\/confluence\/files\/2023\/07\/Capture-decran-2023-07-05-a-14.58.08.png",1282,1002,false],"thumbnail":["https:\/\/wp.unil.ch\/confluence\/files\/2023\/07\/Capture-decran-2023-07-05-a-14.58.08-150x150.png",150,150,true],"medium":["https:\/\/wp.unil.ch\/confluence\/files\/2023\/07\/Capture-decran-2023-07-05-a-14.58.08-300x234.png",300,234,true],"medium_large":["https:\/\/wp.unil.ch\/confluence\/files\/2023\/07\/Capture-decran-2023-07-05-a-14.58.08-768x600.png",580,453,true],"large":["https:\/\/wp.unil.ch\/confluence\/files\/2023\/07\/Capture-decran-2023-07-05-a-14.58.08-1024x800.png",580,453,true],"1536x1536":["https:\/\/wp.unil.ch\/confluence\/files\/2023\/07\/Capture-decran-2023-07-05-a-14.58.08.png",1282,1002,false],"2048x2048":["https:\/\/wp.unil.ch\/confluence\/files\/2023\/07\/Capture-decran-2023-07-05-a-14.58.08.png",1282,1002,false],"post-thumbnail":["https:\/\/wp.unil.ch\/confluence\/files\/2023\/07\/Capture-decran-2023-07-05-a-14.58.08.png",1282,1002,false],"chaplin_preview_image_low_resolution":["https:\/\/wp.unil.ch\/confluence\/files\/2023\/07\/Capture-decran-2023-07-05-a-14.58.08-540x422.png",540,422,true],"chaplin_preview_image_high_resolution":["https:\/\/wp.unil.ch\/confluence\/files\/2023\/07\/Capture-decran-2023-07-05-a-14.58.08-1080x844.png",1080,844,true],"chaplin_fullscreen":["https:\/\/wp.unil.ch\/confluence\/files\/2023\/07\/Capture-decran-2023-07-05-a-14.58.08.png",1282,1002,false],"gform-image-choice-sm":["https:\/\/wp.unil.ch\/confluence\/files\/2023\/07\/Capture-decran-2023-07-05-a-14.58.08.png",300,234,false],"gform-image-choice-md":["https:\/\/wp.unil.ch\/confluence\/files\/2023\/07\/Capture-decran-2023-07-05-a-14.58.08.png",400,313,false],"gform-image-choice-lg":["https:\/\/wp.unil.ch\/confluence\/files\/2023\/07\/Capture-decran-2023-07-05-a-14.58.08.png",600,469,false]},"uagb_author_info":{"display_name":"centre informatique","author_link":"https:\/\/wp.unil.ch\/confluence\/author\/ci-unil\/"},"uagb_comment_info":0,"uagb_excerpt":"Objectifs envisag\u00e9s Produire une cartographie des mobilisations citoyennes portant sur l&rsquo;eau dans le bassin l\u00e9manique Les menaces qui affectent l\u2019eau douce sont nombreuseset l\u2019urgence est grandissante.&nbsp;Devant une situation&hellip;","_links":{"self":[{"href":"https:\/\/wp.unil.ch\/confluence\/wp-json\/wp\/v2\/posts\/197","targetHints":{"allow":["GET"]}}],"collection":[{"href":"https:\/\/wp.unil.ch\/confluence\/wp-json\/wp\/v2\/posts"}],"about":[{"href":"https:\/\/wp.unil.ch\/confluence\/wp-json\/wp\/v2\/types\/post"}],"author":[{"embeddable":true,"href":"https:\/\/wp.unil.ch\/confluence\/wp-json\/wp\/v2\/users\/108"}],"replies":[{"embeddable":true,"href":"https:\/\/wp.unil.ch\/confluence\/wp-json\/wp\/v2\/comments?post=197"}],"version-history":[{"count":0,"href":"https:\/\/wp.unil.ch\/confluence\/wp-json\/wp\/v2\/posts\/197\/revisions"}],"wp:featuredmedia":[{"embeddable":true,"href":"https:\/\/wp.unil.ch\/confluence\/wp-json\/wp\/v2\/media\/1197"}],"wp:attachment":[{"href":"https:\/\/wp.unil.ch\/confluence\/wp-json\/wp\/v2\/media?parent=197"}],"wp:term":[{"taxonomy":"category","embeddable":true,"href":"https:\/\/wp.unil.ch\/confluence\/wp-json\/wp\/v2\/categories?post=197"},{"taxonomy":"post_tag","embeddable":true,"href":"https:\/\/wp.unil.ch\/confluence\/wp-json\/wp\/v2\/tags?post=197"}],"curies":[{"name":"wp","href":"https:\/\/api.w.org\/{rel}","templated":true}]}}