{"id":1529,"date":"2024-11-12T12:14:16","date_gmt":"2024-11-12T11:14:16","guid":{"rendered":"https:\/\/wp.unil.ch\/confluence\/?p=1529"},"modified":"2024-11-12T17:32:27","modified_gmt":"2024-11-12T16:32:27","slug":"mon-quartier-nord-ma-voix","status":"publish","type":"post","link":"https:\/\/wp.unil.ch\/confluence\/mon-quartier-nord-ma-voix\/","title":{"rendered":"Mon quartier Nord, ma voix"},"content":{"rendered":"\n<div class=\"wp-block-columns is-layout-flex wp-container-core-columns-is-layout-9d6595d7 wp-block-columns-is-layout-flex\">\n<div class=\"wp-block-column is-layout-flow wp-block-column-is-layout-flow\" style=\"flex-basis:66.66%\">\n<div class=\"wp-block-group infostech has-primary-color has-light-background-background-color has-text-color has-background\"><div class=\"wp-block-group__inner-container is-layout-constrained wp-block-group-is-layout-constrained\">\n<h6 class=\"wp-block-heading has-text-align-center has-primary-color has-text-color\">Objectifs envisag\u00e9s<\/h6>\n\n\n\n<p class=\"has-text-align-center\">Comprendre le rapport au lieu des habitant\u00b7es du quartier Nord de Prilly par la r\u00e9alisation de cartographies sensibles<\/p>\n<\/div><\/div>\n\n\n\n<p>La ville de Prilly vit des d\u00e9veloppements urbains et d\u00e9mographiques d\u2019envergure qui sont accompagn\u00e9s d\u2019enjeux sociaux importants. Comptant actuellement 12 500 habitant\u00b7es, Il est estim\u00e9 que la Ville de Prilly va croitre de 5\u2019000 nouveaux habitant-e-s d\u2019ici 2030. En 2017 (donn\u00e9es stat Vaud), la population de seniors (55+) repr\u00e9sentait 2553 habitant-e-s et 29% de la population de Prilly. Les nombreux d\u00e9veloppements urbains en cours et futurs am\u00e8neront de nouveaux habitant\u00b7es, en diversifiant, certainement encore plus, la population actuelle. Ces changements d\u00e9mographiques, \u00e9conomiques et sociaux, qui marqueront les prochaines ann\u00e9es, auront un impact sur le vivre-ensemble des diff\u00e9rentes g\u00e9n\u00e9rations et, en particulier, sur la place des seniors dans la soci\u00e9t\u00e9.<\/p>\n\n\n\n<p>Anticipant ces d\u00e9fis dans le cadre de sa politique de coh\u00e9sion sociale, la Ville de Prilly met en \u0153uvre le projet \u00ab\u00a0Mon quartier Nord, ma voix\u00a0\u00bb. Inspir\u00e9e par la d\u00e9marche \u00ab\u00a0Cause Commune\u00a0\u00bb impliaquant le centre LIVES. Les objectifs de cette d\u00e9marche sont multiples\u00a0:<\/p>\n\n\n\n<ul class=\"wp-block-list\">\n<li>Am\u00e9liorer l\u2019int\u00e9gration sociale, la coh\u00e9sion sociale et le pouvoir d\u2019agir des habitant\u00b7es, avec des effets attendus tr\u00e8s positifs sur le cadre de vie, le bien-\u00eatre et la sant\u00e9 globale (selon tous ses d\u00e9terminants) des habitant\u00b7es, notamment des seniors.<\/li>\n\n\n\n<li>Adopter une approche partenariale \u00ab solide \u00bb, intersectorielle et multipartite sur le plan local et cantonal.<\/li>\n\n\n\n<li>Encourager une d\u00e9marche inclusive, interg\u00e9n\u00e9rationnelle, intersectionnelle et interculturelle.<\/li>\n<\/ul>\n\n\n\n<p>\u00c0 cette fin, des collaborations enrichissantes ont \u00e9t\u00e9 mises en place, notamment entre Prilly, l&rsquo;Universit\u00e9 de Lausanne (le centre LIVES, l\u2019Institut de g\u00e9ographie et durabilit\u00e9 et le ColLaboratoire).\u00a0<\/p>\n\n\n\n<p>Anticiper les transformations souhaitables demande de comprendre le rapport des habitant\u00b7es \u00e0 leur quartier. Outil d\u00e9velopp\u00e9 par la g\u00e9ographie urbaine, les promenades sensibles portent une approche transdisciplinaire m\u00ealant g\u00e9ographie, sociologie et psychologie sociale. Elles\u00a0permettent de r\u00e9v\u00e9ler \u00a0les ressentis des habitant.e.s par rapport \u00e0 leur environnement urbain, en fonction de l\u2019\u00e2ge, de l\u2019utilisation des espaces et des lieux de sociabilit\u00e9. Pour ce faire, les habitant\u00b7e.s parcourent leur quartier tout en partageant leurs impressions sur un support artistique (dessin, maquette, art visuel, fichier informatique\u2026). Une ligne de temps retracera ensuite le parcours sur laquelle ils et elles pourront repr\u00e9senter leurs sentis et ressentis de mani\u00e8re libre. Il s\u2019agit donc d\u2019une d\u00e9marche d\u2019observation et d\u2019interpr\u00e9tation. Ensuite, les donn\u00e9es seront compl\u00e9t\u00e9es par le moyen de courts entretiens et t\u00e9moignages afin de pouvoir interpr\u00e9ter les r\u00e9sultats illustr\u00e9s de la mani\u00e8re la plus fid\u00e8le possible. Le but \u00e9tant de cr\u00e9er une carte assembl\u00e9e de toutes les cartes re\u00e7ues afin d\u2019y d\u00e9celer les diff\u00e9rentes lignes, points, noeuds relev\u00e9s par les habitant\u00b7e.s. La superposition de cartes individuelles permettra par la suite de d\u00e9gager des tendances communes et des variations interg\u00e9n\u00e9rationnelles \u00e0 travers des aspects affectifs et subjectifs des perceptions de l\u2019espace.<\/p>\n\n\n\n<p>Questions de d\u00e9part :<\/p>\n\n\n\n<ol class=\"wp-block-list\">\n<li>Comment les habitant\u00b7es de Prilly Nord per\u00e7oivent-ils leur quartier \u00e0 travers les promenades sensibles ?<\/li>\n\n\n\n<li>Quelles sont les forces et fragilit\u00e9s du territoire, telles que v\u00e9cues par les habitant\u00b7es ?<\/li>\n\n\n\n<li>Quelles sont les similitudes et disparit\u00e9s dans l&rsquo;exp\u00e9rience du quartier selon les diff\u00e9rentes tranches d&rsquo;\u00e2ge ?<\/li>\n<\/ol>\n<\/div>\n\n\n\n<div class=\"wp-block-column is-layout-flow wp-block-column-is-layout-flow\" style=\"flex-basis:33.33%\">\n<div class=\"wp-block-group infostech has-primary-color has-light-background-background-color has-text-color has-background\"><div class=\"wp-block-group__inner-container is-layout-constrained wp-block-group-is-layout-constrained\">\n<h6 class=\"wp-block-heading has-text-align-center\">Date de d\u00e9but <\/h6>\n\n\n\n<p class=\"has-text-align-center\">01.09.2024<\/p>\n\n\n\n<hr class=\"wp-block-separator has-text-color has-buttons-text-color has-alpha-channel-opacity has-buttons-text-background-color has-background is-style-wide\" \/>\n\n\n\n<h6 class=\"wp-block-heading has-text-align-center\">Date de fin <\/h6>\n\n\n\n<p class=\"has-text-align-center\">30.06.2025<\/p>\n\n\n\n<hr class=\"wp-block-separator has-text-color has-buttons-text-color has-alpha-channel-opacity has-buttons-text-background-color has-background is-style-wide\" \/>\n\n\n\n<h6 class=\"wp-block-heading has-text-align-center\">Partenaire <\/h6>\n\n\n\n<p class=\"has-text-align-center\">&nbsp;<a href=\"https:\/\/www.prilly.ch\/vivre-a-prilly\/cohesion-sociale\/seniors\" data-type=\"link\" data-id=\"https:\/\/www.prilly.ch\/vivre-a-prilly\/cohesion-sociale\/seniors\" target=\"_blank\" rel=\"noreferrer noopener\">Ville de Prilly, Service jeunesse, sport et coh\u00e9sion sociale<\/a><\/p>\n\n\n\n<hr class=\"wp-block-separator has-text-color has-buttons-text-color has-alpha-channel-opacity has-buttons-text-background-color has-background largeur100 is-style-wide\" \/>\n\n\n\n<h6 class=\"wp-block-heading has-text-align-center\">Profil \u00e9tudiant<\/h6>\n\n\n<div class=\"taxonomy-post_tag has-text-align-center wp-block-post-terms\"><a href=\"https:\/\/wp.unil.ch\/confluence\/tag\/master-gse-geographie\/\" rel=\"tag\">Master GSE &#8211; G\u00e9ographie<\/a><\/div><\/div><\/div>\n\n\n\n<div class=\"wp-block-buttons alignwide is-layout-flex wp-block-buttons-is-layout-flex\">\n<div class=\"wp-block-button has-custom-width wp-block-button__width-100 is-style-outline is-style-outline--1\"><a class=\"wp-block-button__link has-accent-color has-buttons-text-background-color has-text-color has-background wp-element-button\" href=\"https:\/\/wp.unil.ch\/confluence\/contact\/\" style=\"border-radius:3px\">En savoir plus sur ce projet<\/a><\/div>\n<\/div>\n<\/div>\n<\/div>\n\n\n\n<p><\/p>\n\n\n\n<p><\/p>\n","protected":false},"excerpt":{"rendered":"<p>Objectifs envisag\u00e9s Comprendre le rapport au lieu des habitant\u00b7es du quartier Nord de Prilly par la r\u00e9alisation de cartographies sensibles La ville de Prilly vit des d\u00e9veloppements urbains&hellip;<\/p>\n","protected":false},"author":1002579,"featured_media":1533,"comment_status":"closed","ping_status":"closed","sticky":false,"template":"template-full-width.php","format":"standard","meta":{"_seopress_robots_primary_cat":"","_seopress_titles_title":"","_seopress_titles_desc":"","_seopress_robots_index":"","_uag_custom_page_level_css":"","footnotes":""},"categories":[5],"tags":[23],"class_list":{"0":"post-1529","1":"post","2":"type-post","3":"status-publish","4":"format-standard","5":"has-post-thumbnail","7":"category-projets-en-cours-ou-acheves","8":"tag-master-gse-geographie"},"uagb_featured_image_src":{"full":["https:\/\/wp.unil.ch\/confluence\/files\/2024\/11\/Logo-1-hig-res.png",1800,1200,false],"thumbnail":["https:\/\/wp.unil.ch\/confluence\/files\/2024\/11\/Logo-1-hig-res-150x150.png",150,150,true],"medium":["https:\/\/wp.unil.ch\/confluence\/files\/2024\/11\/Logo-1-hig-res-300x200.png",300,200,true],"medium_large":["https:\/\/wp.unil.ch\/confluence\/files\/2024\/11\/Logo-1-hig-res-768x512.png",580,387,true],"large":["https:\/\/wp.unil.ch\/confluence\/files\/2024\/11\/Logo-1-hig-res-1024x683.png",580,387,true],"1536x1536":["https:\/\/wp.unil.ch\/confluence\/files\/2024\/11\/Logo-1-hig-res-1536x1024.png",1536,1024,true],"2048x2048":["https:\/\/wp.unil.ch\/confluence\/files\/2024\/11\/Logo-1-hig-res.png",1800,1200,false],"post-thumbnail":["https:\/\/wp.unil.ch\/confluence\/files\/2024\/11\/Logo-1-hig-res.png",1800,1200,false],"chaplin_preview_image_low_resolution":["https:\/\/wp.unil.ch\/confluence\/files\/2024\/11\/Logo-1-hig-res-540x360.png",540,360,true],"chaplin_preview_image_high_resolution":["https:\/\/wp.unil.ch\/confluence\/files\/2024\/11\/Logo-1-hig-res-1080x720.png",1080,720,true],"chaplin_fullscreen":["https:\/\/wp.unil.ch\/confluence\/files\/2024\/11\/Logo-1-hig-res.png",1800,1200,false],"gform-image-choice-sm":["https:\/\/wp.unil.ch\/confluence\/files\/2024\/11\/Logo-1-hig-res.png",300,200,false],"gform-image-choice-md":["https:\/\/wp.unil.ch\/confluence\/files\/2024\/11\/Logo-1-hig-res.png",400,267,false],"gform-image-choice-lg":["https:\/\/wp.unil.ch\/confluence\/files\/2024\/11\/Logo-1-hig-res.png",600,400,false]},"uagb_author_info":{"display_name":"Alexandre Camus","author_link":"https:\/\/wp.unil.ch\/confluence\/author\/acamus\/"},"uagb_comment_info":0,"uagb_excerpt":"Objectifs envisag\u00e9s Comprendre le rapport au lieu des habitant\u00b7es du quartier Nord de Prilly par la r\u00e9alisation de cartographies sensibles La ville de Prilly vit des d\u00e9veloppements urbains&hellip;","_links":{"self":[{"href":"https:\/\/wp.unil.ch\/confluence\/wp-json\/wp\/v2\/posts\/1529","targetHints":{"allow":["GET"]}}],"collection":[{"href":"https:\/\/wp.unil.ch\/confluence\/wp-json\/wp\/v2\/posts"}],"about":[{"href":"https:\/\/wp.unil.ch\/confluence\/wp-json\/wp\/v2\/types\/post"}],"author":[{"embeddable":true,"href":"https:\/\/wp.unil.ch\/confluence\/wp-json\/wp\/v2\/users\/1002579"}],"replies":[{"embeddable":true,"href":"https:\/\/wp.unil.ch\/confluence\/wp-json\/wp\/v2\/comments?post=1529"}],"version-history":[{"count":5,"href":"https:\/\/wp.unil.ch\/confluence\/wp-json\/wp\/v2\/posts\/1529\/revisions"}],"predecessor-version":[{"id":1537,"href":"https:\/\/wp.unil.ch\/confluence\/wp-json\/wp\/v2\/posts\/1529\/revisions\/1537"}],"wp:featuredmedia":[{"embeddable":true,"href":"https:\/\/wp.unil.ch\/confluence\/wp-json\/wp\/v2\/media\/1533"}],"wp:attachment":[{"href":"https:\/\/wp.unil.ch\/confluence\/wp-json\/wp\/v2\/media?parent=1529"}],"wp:term":[{"taxonomy":"category","embeddable":true,"href":"https:\/\/wp.unil.ch\/confluence\/wp-json\/wp\/v2\/categories?post=1529"},{"taxonomy":"post_tag","embeddable":true,"href":"https:\/\/wp.unil.ch\/confluence\/wp-json\/wp\/v2\/tags?post=1529"}],"curies":[{"name":"wp","href":"https:\/\/api.w.org\/{rel}","templated":true}]}}