{"id":1410,"date":"2023-09-27T15:11:22","date_gmt":"2023-09-27T13:11:22","guid":{"rendered":"https:\/\/wp.unil.ch\/confluence\/?p=1410"},"modified":"2024-11-07T09:08:04","modified_gmt":"2024-11-07T08:08:04","slug":"les-strategies-douverture-de-la-participation","status":"publish","type":"post","link":"https:\/\/wp.unil.ch\/confluence\/les-strategies-douverture-de-la-participation\/","title":{"rendered":"Les strat\u00e9gies d\u2019ouverture de la participation"},"content":{"rendered":"\n<div class=\"wp-block-columns is-layout-flex wp-container-core-columns-is-layout-9d6595d7 wp-block-columns-is-layout-flex\">\n<div class=\"wp-block-column is-layout-flow wp-block-column-is-layout-flow\" style=\"flex-basis:66.66%\">\n<div class=\"wp-block-group infostech has-primary-color has-light-background-background-color has-text-color has-background\"><div class=\"wp-block-group__inner-container is-layout-constrained wp-block-group-is-layout-constrained\">\n<h6 class=\"wp-block-heading has-text-align-center has-primary-color has-text-color\">Objectifs envisag\u00e9s<\/h6>\n\n\n\n<p class=\"has-text-align-center\">\u00c0 partir d\u2019exemples issus d\u2019exp\u00e9riences internationales, comprendre quels sont les ressorts permettant d\u2019ouvrir la participation \u00e0 l\u2019ensemble des publics ou \u00e0 des groupes pr\u00e9caires ou minoris\u00e9s.<\/p>\n<\/div><\/div>\n\n\n\n<p>L\u2019Unit\u00e9 durabilit\u00e9 et participation porte et pilote les strat\u00e9gies de la Ville de Lausanne en mati\u00e8re de durabilit\u00e9 et de participation. Elle agit comme un p\u00f4le de comp\u00e9tences et ressources transversal aupr\u00e8s des services et de la population. Elle d\u00e9veloppe et accompagne divers projets et actions de mobilisation et de sensibilisation en faveur de la transition \u00e9cologique et sociale.&nbsp;<\/p>\n\n\n\n<p>La participation est en plein essor. Plusieurs collectivit\u00e9s publiques sont d\u00e9sormais dot\u00e9es d\u2019\u00e9quipes d\u00e9di\u00e9es \u00e0 l\u2019organisation de d\u00e9marches participatives sur des sujets vari\u00e9s et \u00e0 diverses \u00e9chelles. C\u2019est le cas par exemple \u00e0 Lausanne, Gen\u00e8ve, Z\u00fcrich ou Lucerne pour ne citer que quelques grandes villes suisses qui ont, par ailleurs, d\u00e9velopp\u00e9 des plateformes de participation en ligne avec le logiciel 100% open source Decidim (comme \u00ab&nbsp;Lausanne Participe&nbsp;\u00bb&nbsp;: participer.lausanne.ch).<\/p>\n\n\n\n<p>L\u2019un des grands d\u00e9fis de la&nbsp;participation est celui d\u2019atteindre les publics concern\u00e9s, alors que bien souvent certains d\u2019entre eux restent \u00e9loign\u00e9s de ces processus. Les outils num\u00e9riques sont r\u00e9put\u00e9s favoriser l\u2019ouverture \u00e0 diff\u00e9rents publics mais l\u2019enthousiasme de la fin des ann\u00e9es 2000 laisse aujourd\u2019hui place \u00e0 des interrogations. En effet, les technologies num\u00e9riques r\u00e9introduisent des in\u00e9galit\u00e9s notamment sur les comp\u00e9tences d\u2019usage ou m\u00eame d\u2019\u00e9quipement et cela s\u2019accompagne d\u2019un double mouvement, ouvrant des potentiels et, en m\u00eame temps, produisant des exclusions<\/p>\n\n\n\n<p>Plus fondamentalement, les publics de la participation ont tendance \u00e0 se ressembler. Les projets participatifs peinent \u00e0 recruter au-del\u00e0 des couches sup\u00e9rieures de la soci\u00e9t\u00e9. Ainsi, les projets qui souhaitent atteindre ces publics&nbsp;et toucher notamment les publics jeunes, pr\u00e9caires ou minoritaires se heurtent \u00e0 ce d\u00e9fi de mobilisation<em>.<\/em>&nbsp;Ces publics \u00e9loign\u00e9s sont divers et les raisons de cet \u00e9loignement sont&nbsp;toutes autant diff\u00e9rentes que les publics. Toutefois, ce travail de recherche fera le pari qu\u2019en croisant les exp\u00e9riences de d\u00e9marches participatives, dans leur diversit\u00e9, il est possible d\u2019identifier des solutions transposables, en partie au moins, pour mobiliser ces publics \u00e9loign\u00e9s et les faire participer aux projets et politiques publiques locales.<\/p>\n\n\n\n<p>Ce souci d\u00e9mocratique d\u2019ouverture de la participation \u00e0 l\u2019ensemble des publics concern\u00e9s par les d\u00e9marches est tr\u00e8s largement partag\u00e9 par les promoteur\u00b7trices et animateur\u00b7rices de la participation \u00e0 travers le monde. Pour autant, des initiatives voient le jour et obtiennent des succ\u00e8s dont il serait utile d\u2019analyser les ressorts. L\u2019espace urbain concentre \u00e9galement une s\u00e9rie d\u2019initiatives participatives innovantes mobilisant des publics dans la rue<em>,&nbsp;<\/em>en partie sous l\u2019effet de la dynamique dite de&nbsp;<em>new urbanism.<\/em><\/p>\n\n\n\n<p>Ainsi, afin d\u2019aider l\u2019Unit\u00e9 durabilit\u00e9 et participation dans son action d\u2019accompagnement des services de la Ville de Lausanne pour renforcer la participation,&nbsp;cette \u00e9tude identifiera des bons exemples \u00e0 l\u2019\u00e9chelle suisse et internationale et en tirera des conclusions sur les conditions-cadre pour favoriser l\u2019ouverture de la participation. Elle documentera les publics touch\u00e9s et les moyens mis en \u0153uvre et sera \u00e9galement attentive aux modalit\u00e9s d\u2019appui sur les technologies num\u00e9riques.<\/p>\n\n\n\n<p>Questions de d\u00e9part :&nbsp;<\/p>\n\n\n\n<p>&#8211;&nbsp;&nbsp;&nbsp;&nbsp;&nbsp;&nbsp;&nbsp;&nbsp;&nbsp;&nbsp;Quels sont les bons exemples issus d\u2019initiatives en Suisse et\/ou en dehors qui r\u00e9ussissent \u00e0 ouvrir la participation \u00e0 des publics jeunes, pr\u00e9caires ou minoris\u00e9s&nbsp;?&nbsp;<\/p>\n\n\n\n<p>&#8211;&nbsp;&nbsp;&nbsp;&nbsp;&nbsp;&nbsp;&nbsp;&nbsp;&nbsp;&nbsp;Dans quelle mesure le recours aux technologies num\u00e9riques participe \u00e0 r\u00e9aliser l\u2019ouverture de la participation dans ces projets embl\u00e9matiques ?<\/p>\n\n\n\n<p>&#8211;&nbsp;&nbsp;&nbsp;&nbsp;&nbsp;&nbsp;&nbsp;&nbsp;&nbsp;&nbsp;Quels enseignements tirer de ces exp\u00e9riences&nbsp;? Quid des bonnes pratiques&nbsp;?<\/p>\n<\/div>\n\n\n\n<div class=\"wp-block-column is-layout-flow wp-block-column-is-layout-flow\" style=\"flex-basis:33.33%\">\n<div class=\"wp-block-group infostech has-primary-color has-light-background-background-color has-text-color has-background\"><div class=\"wp-block-group__inner-container is-layout-constrained wp-block-group-is-layout-constrained\">\n<h6 class=\"wp-block-heading has-text-align-center\">Date de d\u00e9but <\/h6>\n\n\n\n<p class=\"has-text-align-center\">\u00c0 convenir<\/p>\n\n\n\n<hr class=\"wp-block-separator has-text-color has-buttons-text-color has-alpha-channel-opacity has-buttons-text-background-color has-background is-style-wide\" \/>\n\n\n\n<h6 class=\"wp-block-heading has-text-align-center\">Date de fin <\/h6>\n\n\n\n<p class=\"has-text-align-center\">\u00c0 convenir<\/p>\n\n\n\n<hr class=\"wp-block-separator has-text-color has-buttons-text-color has-alpha-channel-opacity has-buttons-text-background-color has-background is-style-wide\" \/>\n\n\n\n<h6 class=\"wp-block-heading has-text-align-center\">Partenaire <\/h6>\n\n\n\n<p class=\"has-text-align-center\"><a href=\"https:\/\/www.lausanne.ch\/portrait\/durabilite\/developpement-durable\/developpement-durable\" data-type=\"link\" data-id=\"https:\/\/www.lausanne.ch\/portrait\/durabilite\/developpement-durable\/developpement-durable\">Unit\u00e9 durabilit\u00e9 et participation de la Ville de Lausanne<\/a><\/p>\n\n\n\n<hr class=\"wp-block-separator has-text-color has-buttons-text-color has-alpha-channel-opacity has-buttons-text-background-color has-background largeur100 is-style-wide\" \/>\n\n\n\n<h6 class=\"wp-block-heading has-text-align-center\">Profil \u00e9tudiant<\/h6>\n\n\n<div class=\"taxonomy-post_tag has-text-align-center wp-block-post-terms\"><a href=\"https:\/\/wp.unil.ch\/confluence\/tag\/master\/\" rel=\"tag\">Master<\/a><span class=\"wp-block-post-terms__suffix\"> <\/span><\/div><\/div><\/div>\n\n\n\n<div class=\"wp-block-buttons alignwide is-layout-flex wp-block-buttons-is-layout-flex\">\n<div class=\"wp-block-button has-custom-width wp-block-button__width-100 is-style-outline is-style-outline--1\"><a class=\"wp-block-button__link has-accent-color has-buttons-text-background-color has-text-color has-background wp-element-button\" href=\"https:\/\/wp.unil.ch\/confluence\/contact\/\" style=\"border-radius:3px\">En savoir plus sur ce projet<\/a><\/div>\n<\/div>\n<\/div>\n<\/div>\n","protected":false},"excerpt":{"rendered":"<p>Objectifs envisag\u00e9s \u00c0 partir d\u2019exemples issus d\u2019exp\u00e9riences internationales, comprendre quels sont les ressorts permettant d\u2019ouvrir la participation \u00e0 l\u2019ensemble des publics ou \u00e0 des groupes pr\u00e9caires ou minoris\u00e9s.&hellip;<\/p>\n","protected":false},"author":1002579,"featured_media":1413,"comment_status":"closed","ping_status":"closed","sticky":false,"template":"template-full-width.php","format":"standard","meta":{"_seopress_robots_primary_cat":"","_seopress_titles_title":"","_seopress_titles_desc":"","_seopress_robots_index":"","_uag_custom_page_level_css":"","footnotes":""},"categories":[3],"tags":[12],"class_list":{"0":"post-1410","1":"post","2":"type-post","3":"status-publish","4":"format-standard","5":"has-post-thumbnail","7":"category-offre","8":"tag-master"},"uagb_featured_image_src":{"full":["https:\/\/wp.unil.ch\/confluence\/files\/2023\/09\/Logo-Loz.png",1116,222,false],"thumbnail":["https:\/\/wp.unil.ch\/confluence\/files\/2023\/09\/Logo-Loz-150x150.png",150,150,true],"medium":["https:\/\/wp.unil.ch\/confluence\/files\/2023\/09\/Logo-Loz-300x60.png",300,60,true],"medium_large":["https:\/\/wp.unil.ch\/confluence\/files\/2023\/09\/Logo-Loz-768x153.png",580,116,true],"large":["https:\/\/wp.unil.ch\/confluence\/files\/2023\/09\/Logo-Loz-1024x204.png",580,116,true],"1536x1536":["https:\/\/wp.unil.ch\/confluence\/files\/2023\/09\/Logo-Loz.png",1116,222,false],"2048x2048":["https:\/\/wp.unil.ch\/confluence\/files\/2023\/09\/Logo-Loz.png",1116,222,false],"post-thumbnail":["https:\/\/wp.unil.ch\/confluence\/files\/2023\/09\/Logo-Loz.png",1116,222,false],"chaplin_preview_image_low_resolution":["https:\/\/wp.unil.ch\/confluence\/files\/2023\/09\/Logo-Loz-540x107.png",540,107,true],"chaplin_preview_image_high_resolution":["https:\/\/wp.unil.ch\/confluence\/files\/2023\/09\/Logo-Loz-1080x215.png",1080,215,true],"chaplin_fullscreen":["https:\/\/wp.unil.ch\/confluence\/files\/2023\/09\/Logo-Loz.png",1116,222,false],"gform-image-choice-sm":["https:\/\/wp.unil.ch\/confluence\/files\/2023\/09\/Logo-Loz.png",300,60,false],"gform-image-choice-md":["https:\/\/wp.unil.ch\/confluence\/files\/2023\/09\/Logo-Loz.png",400,80,false],"gform-image-choice-lg":["https:\/\/wp.unil.ch\/confluence\/files\/2023\/09\/Logo-Loz.png",600,119,false]},"uagb_author_info":{"display_name":"Alexandre Camus","author_link":"https:\/\/wp.unil.ch\/confluence\/author\/acamus\/"},"uagb_comment_info":0,"uagb_excerpt":"Objectifs envisag\u00e9s \u00c0 partir d\u2019exemples issus d\u2019exp\u00e9riences internationales, comprendre quels sont les ressorts permettant d\u2019ouvrir la participation \u00e0 l\u2019ensemble des publics ou \u00e0 des groupes pr\u00e9caires ou minoris\u00e9s.&hellip;","_links":{"self":[{"href":"https:\/\/wp.unil.ch\/confluence\/wp-json\/wp\/v2\/posts\/1410","targetHints":{"allow":["GET"]}}],"collection":[{"href":"https:\/\/wp.unil.ch\/confluence\/wp-json\/wp\/v2\/posts"}],"about":[{"href":"https:\/\/wp.unil.ch\/confluence\/wp-json\/wp\/v2\/types\/post"}],"author":[{"embeddable":true,"href":"https:\/\/wp.unil.ch\/confluence\/wp-json\/wp\/v2\/users\/1002579"}],"replies":[{"embeddable":true,"href":"https:\/\/wp.unil.ch\/confluence\/wp-json\/wp\/v2\/comments?post=1410"}],"version-history":[{"count":4,"href":"https:\/\/wp.unil.ch\/confluence\/wp-json\/wp\/v2\/posts\/1410\/revisions"}],"predecessor-version":[{"id":1502,"href":"https:\/\/wp.unil.ch\/confluence\/wp-json\/wp\/v2\/posts\/1410\/revisions\/1502"}],"wp:featuredmedia":[{"embeddable":true,"href":"https:\/\/wp.unil.ch\/confluence\/wp-json\/wp\/v2\/media\/1413"}],"wp:attachment":[{"href":"https:\/\/wp.unil.ch\/confluence\/wp-json\/wp\/v2\/media?parent=1410"}],"wp:term":[{"taxonomy":"category","embeddable":true,"href":"https:\/\/wp.unil.ch\/confluence\/wp-json\/wp\/v2\/categories?post=1410"},{"taxonomy":"post_tag","embeddable":true,"href":"https:\/\/wp.unil.ch\/confluence\/wp-json\/wp\/v2\/tags?post=1410"}],"curies":[{"name":"wp","href":"https:\/\/api.w.org\/{rel}","templated":true}]}}