{"id":1287,"date":"2023-07-19T15:57:40","date_gmt":"2023-07-19T13:57:40","guid":{"rendered":"https:\/\/wp.unil.ch\/confluence\/?p=1287"},"modified":"2024-10-02T22:59:01","modified_gmt":"2024-10-02T20:59:01","slug":"employabilite-des-migrants-adultes-analphabetes-a-lausanne-et-dans-le-canton-de-vaud","status":"publish","type":"post","link":"https:\/\/wp.unil.ch\/confluence\/employabilite-des-migrants-adultes-analphabetes-a-lausanne-et-dans-le-canton-de-vaud\/","title":{"rendered":"Employabilit\u00e9 des migrants adultes analphab\u00e8tes\u00a0\u00e0 Lausanne et dans le Canton de Vaud\u00a0"},"content":{"rendered":"\n<div class=\"wp-block-columns is-layout-flex wp-container-core-columns-is-layout-9d6595d7 wp-block-columns-is-layout-flex\">\n<div class=\"wp-block-column is-layout-flow wp-block-column-is-layout-flow\" style=\"flex-basis:100%\">\n<figure class=\"wp-block-image size-full\"><img alt=\"\" loading=\"lazy\" decoding=\"async\" width=\"130\" height=\"130\" src=\"https:\/\/wp.unil.ch\/confluence\/files\/2023\/07\/OpreRrom_Logo_130x130.png\" alt=\"\" class=\"wp-image-1305\" \/><\/figure>\n\n\n\n<div class=\"wp-block-group infostech has-primary-color has-light-background-background-color has-text-color has-background\"><div class=\"wp-block-group__inner-container is-layout-constrained wp-block-group-is-layout-constrained\">\n<div class=\"wp-block-group\"><div class=\"wp-block-group__inner-container is-layout-constrained wp-block-group-is-layout-constrained\">\n<h6 class=\"wp-block-heading has-text-align-center has-primary-color has-text-color\">Objectifs envisag\u00e9s<\/h6>\n<\/div><\/div>\n\n\n\n<p class=\"has-text-align-center\">Reconna\u00eetre et valoriser les comp\u00e9tences des migrant\u00b7es adultes analphab\u00e8tes pour favoriser leur acc\u00e8s \u00e0 l&#8217;emploi<\/p>\n<\/div><\/div>\n\n\n\n<p>Fond\u00e9e en 2011, l\u2019Association Lausannoise d&rsquo;action et de solidarit\u00e9 avec les Roms, Opre Rrom (\u00ab&nbsp;Debout Rom&nbsp;\u00bb), organise son action dans deux directions compl\u00e9mentaires&nbsp;: d\u2019une part, une aide directe de type humanitaire et, d\u2019autre part, un travail d\u2019information et de d\u00e9fense des droits et la lutte contre l\u2019antitsiganisme.<\/p>\n\n\n\n<p>Situation r\u00e9pandue dans les communaut\u00e9s de migrants n\u2019ayant pas ou tr\u00e8s peu suivi de parcours scolaire dans leur pays d\u2019origine, l\u2019analphab\u00e9tisme touche de plein fouet les Roms europ\u00e9ens. Pour autant, cette communaut\u00e9 particuli\u00e8rement stigmatis\u00e9e r\u00eave elle aussi d\u2019emploi et trouve sur ce chemin une barri\u00e8re infranchissable&nbsp;: en Suisse, l\u2019emploi est largement tributaire d\u2019une qualification certifi\u00e9e par des institutions scolaires ou parascolaires. Cette impasse emp\u00eache de valoriser les comp\u00e9tences et les savoirs-faires d\u00e9velopp\u00e9s par des personnes qui ne disposent pas de ces certifications ni des comp\u00e9tences scolaires de base (lecture et \u00e9criture) pour entrer dans la trajectoire actuellement con\u00e7ue par les dispositifs d\u2019int\u00e9gration. En effet, ceux-ci pr\u00e9supposent d\u2019une s\u00e9quence dans laquelle les Roms europ\u00e9ens ne peuvent s\u2019inscrire&nbsp;: suivre un cours de fran\u00e7ais puis une formation certifiante et, enfin, trouver un emploi. Les adultes analphab\u00e8tes ne peuvent trouver pour seule r\u00e9ponse qu\u2019ils et elles doivent apprendre \u00e0 lire et \u00e9crire, qui plus est dans une nouvelle langue. Un adulte analphab\u00e8te ne peut que marginalement rattraper un apprentissage complet de la langue et des syst\u00e8mes de raisonnement accroch\u00e9s. L\u2019alphab\u00e9tisation tardive est une v\u00e9ritable \u00e9preuve dont l\u2019issue est plus qu\u2019incertaine. Le paradigme de l\u2019int\u00e9gration montre ici des limites fortes qu\u2019un travail sur l\u2019employabilit\u00e9 des Roms analphab\u00e8tes permettra d\u2019\u00e9clairer sous un jour nouveau.<\/p>\n\n\n\n<p>Ainsi, le projet explorera les pistes suivantes&nbsp;:<\/p>\n\n\n\n<ol class=\"wp-block-list\">\n<li>Comment reconna\u00eetre et valoriser les comp\u00e9tences de populations analphab\u00e8tes en dehors d\u2019une marche forc\u00e9e vers l\u2019\u00e9crit&nbsp;?<\/li>\n\n\n\n<li>Comment faire \u00e9voluer la conception des comp\u00e9tences en dehors des certifications habituelles&nbsp;?<\/li>\n\n\n\n<li>Comment identifier les domaines professionnels dans lesquels les Roms europ\u00e9ens pourraient s\u2019inscrire&nbsp;?<\/li>\n<\/ol>\n\n\n\n<p><\/p>\n<\/div>\n\n\n\n<div class=\"wp-block-column is-layout-flow wp-block-column-is-layout-flow\" style=\"flex-basis:100%\">\n<div class=\"wp-block-group infostech has-primary-color has-light-background-background-color has-text-color has-background\"><div class=\"wp-block-group__inner-container is-layout-constrained wp-block-group-is-layout-constrained\">\n<h6 class=\"wp-block-heading has-text-align-center\">Date de d\u00e9but <\/h6>\n\n\n\n<p class=\"has-text-align-center\">01.09.24<\/p>\n\n\n\n<hr class=\"wp-block-separator has-text-color has-buttons-text-color has-alpha-channel-opacity has-buttons-text-background-color has-background is-style-wide\" \/>\n\n\n\n<h6 class=\"wp-block-heading has-text-align-center\">Date de fin <\/h6>\n\n\n\n<p class=\"has-text-align-center\">30.06.25<\/p>\n\n\n\n<hr class=\"wp-block-separator has-text-color has-buttons-text-color has-alpha-channel-opacity has-buttons-text-background-color has-background is-style-wide\" \/>\n\n\n\n<h6 class=\"wp-block-heading has-text-align-center\">Partenaire <\/h6>\n\n\n\n<p class=\"has-text-align-center\"><a href=\"https:\/\/www.oprerrom.org\/\" data-type=\"URL\" data-id=\"https:\/\/www.oprerrom.org\/\">Association Opre Rrom<\/a><\/p>\n\n\n\n<hr class=\"wp-block-separator has-text-color has-buttons-text-color has-alpha-channel-opacity has-buttons-text-background-color has-background largeur100 is-style-wide\" \/>\n\n\n\n<h6 class=\"wp-block-heading has-text-align-center\">Profil \u00e9tudiant<\/h6>\n\n\n<div class=\"taxonomy-post_tag has-text-align-center wp-block-post-terms\"><a href=\"https:\/\/wp.unil.ch\/confluence\/tag\/master-ssp-droits-humains\/\" rel=\"tag\">Master SSP &#8211; Droits humains<\/a><\/div><\/div><\/div>\n\n\n\n<div class=\"wp-block-buttons alignwide is-layout-flex wp-block-buttons-is-layout-flex\">\n<div class=\"wp-block-button has-custom-width wp-block-button__width-100 is-style-outline is-style-outline--1\"><a class=\"wp-block-button__link has-accent-color has-buttons-text-background-color has-text-color has-background wp-element-button\" href=\"https:\/\/wp.unil.ch\/confluence\/contact\/\" style=\"border-radius:3px\" target=\"_blank\" rel=\"noreferrer noopener\">En savoir plus sur ce projet<\/a><\/div>\n<\/div>\n<\/div>\n<\/div>\n","protected":false},"excerpt":{"rendered":"<p>Objectifs envisag\u00e9s Reconna\u00eetre et valoriser les comp\u00e9tences des migrant\u00b7es adultes analphab\u00e8tes pour favoriser leur acc\u00e8s \u00e0 l&#8217;emploi Fond\u00e9e en 2011, l\u2019Association Lausannoise d&rsquo;action et de solidarit\u00e9 avec les&hellip;<\/p>\n","protected":false},"author":1002579,"featured_media":1302,"comment_status":"closed","ping_status":"closed","sticky":false,"template":"template-full-width.php","format":"standard","meta":{"_seopress_robots_primary_cat":"","_seopress_titles_title":"","_seopress_titles_desc":"","_seopress_robots_index":"","_uag_custom_page_level_css":"","footnotes":""},"categories":[5],"tags":[17],"class_list":{"0":"post-1287","1":"post","2":"type-post","3":"status-publish","4":"format-standard","5":"has-post-thumbnail","7":"category-projets-en-cours-ou-acheves","8":"tag-master-ssp-droits-humains"},"uagb_featured_image_src":{"full":["https:\/\/wp.unil.ch\/confluence\/files\/2023\/07\/pexels-akil-mazumder-1072824.jpeg",1800,1200,false],"thumbnail":["https:\/\/wp.unil.ch\/confluence\/files\/2023\/07\/pexels-akil-mazumder-1072824-150x150.jpeg",150,150,true],"medium":["https:\/\/wp.unil.ch\/confluence\/files\/2023\/07\/pexels-akil-mazumder-1072824-300x200.jpeg",300,200,true],"medium_large":["https:\/\/wp.unil.ch\/confluence\/files\/2023\/07\/pexels-akil-mazumder-1072824-768x512.jpeg",580,387,true],"large":["https:\/\/wp.unil.ch\/confluence\/files\/2023\/07\/pexels-akil-mazumder-1072824-1024x683.jpeg",580,387,true],"1536x1536":["https:\/\/wp.unil.ch\/confluence\/files\/2023\/07\/pexels-akil-mazumder-1072824-1536x1024.jpeg",1536,1024,true],"2048x2048":["https:\/\/wp.unil.ch\/confluence\/files\/2023\/07\/pexels-akil-mazumder-1072824.jpeg",1800,1200,false],"post-thumbnail":["https:\/\/wp.unil.ch\/confluence\/files\/2023\/07\/pexels-akil-mazumder-1072824.jpeg",1800,1200,false],"chaplin_preview_image_low_resolution":["https:\/\/wp.unil.ch\/confluence\/files\/2023\/07\/pexels-akil-mazumder-1072824-540x360.jpeg",540,360,true],"chaplin_preview_image_high_resolution":["https:\/\/wp.unil.ch\/confluence\/files\/2023\/07\/pexels-akil-mazumder-1072824-1080x720.jpeg",1080,720,true],"chaplin_fullscreen":["https:\/\/wp.unil.ch\/confluence\/files\/2023\/07\/pexels-akil-mazumder-1072824.jpeg",1800,1200,false],"gform-image-choice-sm":["https:\/\/wp.unil.ch\/confluence\/files\/2023\/07\/pexels-akil-mazumder-1072824.jpeg",300,200,false],"gform-image-choice-md":["https:\/\/wp.unil.ch\/confluence\/files\/2023\/07\/pexels-akil-mazumder-1072824.jpeg",400,267,false],"gform-image-choice-lg":["https:\/\/wp.unil.ch\/confluence\/files\/2023\/07\/pexels-akil-mazumder-1072824.jpeg",600,400,false]},"uagb_author_info":{"display_name":"Alexandre Camus","author_link":"https:\/\/wp.unil.ch\/confluence\/author\/acamus\/"},"uagb_comment_info":0,"uagb_excerpt":"Objectifs envisag\u00e9s Reconna\u00eetre et valoriser les comp\u00e9tences des migrant\u00b7es adultes analphab\u00e8tes pour favoriser leur acc\u00e8s \u00e0 l&#8217;emploi Fond\u00e9e en 2011, l\u2019Association Lausannoise d&rsquo;action et de solidarit\u00e9 avec les&hellip;","_links":{"self":[{"href":"https:\/\/wp.unil.ch\/confluence\/wp-json\/wp\/v2\/posts\/1287","targetHints":{"allow":["GET"]}}],"collection":[{"href":"https:\/\/wp.unil.ch\/confluence\/wp-json\/wp\/v2\/posts"}],"about":[{"href":"https:\/\/wp.unil.ch\/confluence\/wp-json\/wp\/v2\/types\/post"}],"author":[{"embeddable":true,"href":"https:\/\/wp.unil.ch\/confluence\/wp-json\/wp\/v2\/users\/1002579"}],"replies":[{"embeddable":true,"href":"https:\/\/wp.unil.ch\/confluence\/wp-json\/wp\/v2\/comments?post=1287"}],"version-history":[{"count":2,"href":"https:\/\/wp.unil.ch\/confluence\/wp-json\/wp\/v2\/posts\/1287\/revisions"}],"predecessor-version":[{"id":1525,"href":"https:\/\/wp.unil.ch\/confluence\/wp-json\/wp\/v2\/posts\/1287\/revisions\/1525"}],"wp:featuredmedia":[{"embeddable":true,"href":"https:\/\/wp.unil.ch\/confluence\/wp-json\/wp\/v2\/media\/1302"}],"wp:attachment":[{"href":"https:\/\/wp.unil.ch\/confluence\/wp-json\/wp\/v2\/media?parent=1287"}],"wp:term":[{"taxonomy":"category","embeddable":true,"href":"https:\/\/wp.unil.ch\/confluence\/wp-json\/wp\/v2\/categories?post=1287"},{"taxonomy":"post_tag","embeddable":true,"href":"https:\/\/wp.unil.ch\/confluence\/wp-json\/wp\/v2\/tags?post=1287"}],"curies":[{"name":"wp","href":"https:\/\/api.w.org\/{rel}","templated":true}]}}