{"id":339,"date":"2025-02-05T11:37:05","date_gmt":"2025-02-05T10:37:05","guid":{"rendered":"https:\/\/wp.unil.ch\/chaquevoixcompte\/?p=339"},"modified":"2025-02-10T10:08:48","modified_gmt":"2025-02-10T09:08:48","slug":"les-echos-mediatiques-de-chaque-voix-compte","status":"publish","type":"post","link":"https:\/\/wp.unil.ch\/chaquevoixcompte\/les-echos-mediatiques-de-chaque-voix-compte\/","title":{"rendered":"Les \u00e9chos de Chaque Voix Compte !"},"content":{"rendered":"\n<p>Nous sommes ravis des \u00e9chos suscit\u00e9s par notre projet \u00ab\u00a0Chaque voix compte\u00a0!\u00a0\u00bb.<\/p>\n\n\n\n<p>Le Secr\u00e9tariat g\u00e9n\u00e9ral du Grand Conseil vaudois, qui nous avait g\u00e9n\u00e9reusement accueillis lors du tournage, a diffus\u00e9 les vid\u00e9os sur son site : <a href=\"https:\/\/www.vd.ch\/actualites\/actualite\/news\/24838-votation-du-9-fevrier-des-argumentaires-accessibles-a-toutes-et-tous\" data-type=\"link\" data-id=\"https:\/\/www.vd.ch\/actualites\/actualite\/news\/24838-votation-du-9-fevrier-des-argumentaires-accessibles-a-toutes-et-tous\">Article sur vd.ch<\/a><\/p>\n\n\n\n<p>Le projet a \u00e9galement b\u00e9n\u00e9fici\u00e9 d\u2019une couverture m\u00e9diatique, permettant de visibiliser les objectifs de la recherche et ses toutes premi\u00e8res r\u00e9alisations\u00a0:<\/p>\n\n\n\n<p><a href=\"https:\/\/www.24heures.ch\/la-votation-du-9-fevrier-expliquee-aux-handicapes-mentaux-170135664806\">Article sur <em>24 heures<\/em><\/a><\/p>\n\n\n\n<p><a href=\"https:\/\/avisdexperts.ch\/videos\/view\/18422\" data-type=\"link\" data-id=\"https:\/\/avisdexperts.ch\/videos\/view\/18422\">Interview sur <em>RTS<\/em><\/a><\/p>\n\n\n\n<p><a href=\"https:\/\/latele.ch\/emissions\/info-vaud\/info-vaud-s-2025-e-23\" data-type=\"link\" data-id=\"https:\/\/latele.ch\/emissions\/info-vaud\/info-vaud-s-2025-e-23\">Interview sur <em>La T\u00e9l\u00e9<\/em><\/a><\/p>\n\n\n\n<p>Restez connect\u00e9s pour d\u2019autres actualit\u00e9s sur notre projet !<\/p>\n","protected":false},"excerpt":{"rendered":"<p>Nous sommes ravis des \u00e9chos suscit\u00e9s par notre projet \u00ab\u00a0Chaque voix compte\u00a0!\u00a0\u00bb. Le Secr\u00e9tariat g\u00e9n\u00e9ral du Grand Conseil vaudois, qui nous avait g\u00e9n\u00e9reusement accueillis lors du tournage, a&hellip;<\/p>\n","protected":false},"author":1002952,"featured_media":340,"comment_status":"closed","ping_status":"closed","sticky":false,"template":"","format":"standard","meta":{"_seopress_robots_primary_cat":"","_seopress_titles_title":"","_seopress_titles_desc":"","_seopress_robots_index":"","footnotes":""},"categories":[1],"tags":[],"class_list":{"0":"post-339","1":"post","2":"type-post","3":"status-publish","4":"format-standard","5":"has-post-thumbnail","7":"category-uncategorized"},"_links":{"self":[{"href":"https:\/\/wp.unil.ch\/chaquevoixcompte\/wp-json\/wp\/v2\/posts\/339","targetHints":{"allow":["GET"]}}],"collection":[{"href":"https:\/\/wp.unil.ch\/chaquevoixcompte\/wp-json\/wp\/v2\/posts"}],"about":[{"href":"https:\/\/wp.unil.ch\/chaquevoixcompte\/wp-json\/wp\/v2\/types\/post"}],"author":[{"embeddable":true,"href":"https:\/\/wp.unil.ch\/chaquevoixcompte\/wp-json\/wp\/v2\/users\/1002952"}],"replies":[{"embeddable":true,"href":"https:\/\/wp.unil.ch\/chaquevoixcompte\/wp-json\/wp\/v2\/comments?post=339"}],"version-history":[{"count":5,"href":"https:\/\/wp.unil.ch\/chaquevoixcompte\/wp-json\/wp\/v2\/posts\/339\/revisions"}],"predecessor-version":[{"id":346,"href":"https:\/\/wp.unil.ch\/chaquevoixcompte\/wp-json\/wp\/v2\/posts\/339\/revisions\/346"}],"wp:featuredmedia":[{"embeddable":true,"href":"https:\/\/wp.unil.ch\/chaquevoixcompte\/wp-json\/wp\/v2\/media\/340"}],"wp:attachment":[{"href":"https:\/\/wp.unil.ch\/chaquevoixcompte\/wp-json\/wp\/v2\/media?parent=339"}],"wp:term":[{"taxonomy":"category","embeddable":true,"href":"https:\/\/wp.unil.ch\/chaquevoixcompte\/wp-json\/wp\/v2\/categories?post=339"},{"taxonomy":"post_tag","embeddable":true,"href":"https:\/\/wp.unil.ch\/chaquevoixcompte\/wp-json\/wp\/v2\/tags?post=339"}],"curies":[{"name":"wp","href":"https:\/\/api.w.org\/{rel}","templated":true}]}}