{"id":179,"date":"2025-01-21T17:27:31","date_gmt":"2025-01-21T16:27:31","guid":{"rendered":"https:\/\/wp.unil.ch\/chaquevoixcompte\/?p=179"},"modified":"2025-01-29T12:51:32","modified_gmt":"2025-01-29T11:51:32","slug":"tournage-des-capsules-videos-au-grand-conseil-vaudois","status":"publish","type":"post","link":"https:\/\/wp.unil.ch\/chaquevoixcompte\/tournage-des-capsules-videos-au-grand-conseil-vaudois\/","title":{"rendered":"Tournage des capsules vid\u00e9o au Grand Conseil vaudois"},"content":{"rendered":"\n<p>Les 14 et 21 janvier 2025, notre projet a franchi une \u00e9tape majeure avec le tournage de capsules vid\u00e9o dans la salle Romane du Grand Conseil vaudois. Les six partis politiques repr\u00e9sent\u00e9s au Grand Conseil ont pr\u00e9sent\u00e9, en langage facile \u00e0 lire et \u00e0 comprendre (FALC), leur argumentaire simplifi\u00e9 sur l\u2019initiative populaire f\u00e9d\u00e9rale \u00ab\u2009Pour une \u00e9conomie responsable respectant les limites plan\u00e9taires (initiative pour la responsabilit\u00e9 environnementale)\u2009\u00bb.<\/p>\n\n\n\n<p>Ces vid\u00e9os, r\u00e9alis\u00e9es par les partis, seront utilis\u00e9es avant le scrutin lors d\u2019entretiens individuels avec des personnes en situation de handicap intellectuel. L\u2019objectif est d\u2019\u00e9valuer comment des contenus politiques accessibles peuvent favoriser une meilleure compr\u00e9hension des enjeux et renforcer leur capacit\u00e9 de d\u00e9cision.<\/p>\n","protected":false},"excerpt":{"rendered":"<p>Les 14 et 21 janvier 2025, notre projet a franchi une \u00e9tape majeure avec le tournage de capsules vid\u00e9o dans la salle Romane du Grand Conseil vaudois. Les&hellip;<\/p>\n","protected":false},"author":1002952,"featured_media":292,"comment_status":"closed","ping_status":"closed","sticky":false,"template":"","format":"standard","meta":{"_seopress_robots_primary_cat":"","_seopress_titles_title":"","_seopress_titles_desc":"","_seopress_robots_index":"","footnotes":""},"categories":[1],"tags":[],"class_list":{"0":"post-179","1":"post","2":"type-post","3":"status-publish","4":"format-standard","5":"has-post-thumbnail","7":"category-uncategorized"},"_links":{"self":[{"href":"https:\/\/wp.unil.ch\/chaquevoixcompte\/wp-json\/wp\/v2\/posts\/179","targetHints":{"allow":["GET"]}}],"collection":[{"href":"https:\/\/wp.unil.ch\/chaquevoixcompte\/wp-json\/wp\/v2\/posts"}],"about":[{"href":"https:\/\/wp.unil.ch\/chaquevoixcompte\/wp-json\/wp\/v2\/types\/post"}],"author":[{"embeddable":true,"href":"https:\/\/wp.unil.ch\/chaquevoixcompte\/wp-json\/wp\/v2\/users\/1002952"}],"replies":[{"embeddable":true,"href":"https:\/\/wp.unil.ch\/chaquevoixcompte\/wp-json\/wp\/v2\/comments?post=179"}],"version-history":[{"count":3,"href":"https:\/\/wp.unil.ch\/chaquevoixcompte\/wp-json\/wp\/v2\/posts\/179\/revisions"}],"predecessor-version":[{"id":325,"href":"https:\/\/wp.unil.ch\/chaquevoixcompte\/wp-json\/wp\/v2\/posts\/179\/revisions\/325"}],"wp:featuredmedia":[{"embeddable":true,"href":"https:\/\/wp.unil.ch\/chaquevoixcompte\/wp-json\/wp\/v2\/media\/292"}],"wp:attachment":[{"href":"https:\/\/wp.unil.ch\/chaquevoixcompte\/wp-json\/wp\/v2\/media?parent=179"}],"wp:term":[{"taxonomy":"category","embeddable":true,"href":"https:\/\/wp.unil.ch\/chaquevoixcompte\/wp-json\/wp\/v2\/categories?post=179"},{"taxonomy":"post_tag","embeddable":true,"href":"https:\/\/wp.unil.ch\/chaquevoixcompte\/wp-json\/wp\/v2\/tags?post=179"}],"curies":[{"name":"wp","href":"https:\/\/api.w.org\/{rel}","templated":true}]}}