{"id":176,"date":"2024-11-07T17:26:00","date_gmt":"2024-11-07T16:26:00","guid":{"rendered":"https:\/\/wp.unil.ch\/chaquevoixcompte\/?p=176"},"modified":"2025-01-28T17:07:07","modified_gmt":"2025-01-28T16:07:07","slug":"presentation-de-notre-protocole-de-recherche-a-la-journee-de-la-recherche-fdca-unil","status":"publish","type":"post","link":"https:\/\/wp.unil.ch\/chaquevoixcompte\/presentation-de-notre-protocole-de-recherche-a-la-journee-de-la-recherche-fdca-unil\/","title":{"rendered":"Pr\u00e9sentation de notre protocole de recherche \u00e0 la Journ\u00e9e de la Recherche FDCA\/UNIL"},"content":{"rendered":"\n<p>Le 7 novembre 2024, nous avons eu l&rsquo;opportunit\u00e9 de pr\u00e9senter le protocole de recherche du projet&nbsp;<em>Chaque voix compte !<\/em>&nbsp;lors de la Journ\u00e9e de la Recherche de la Facult\u00e9 de droit, des sciences criminelles et de l\u2019administration publique (FDCA) de l\u2019Universit\u00e9 de Lausanne.<\/p>\n\n\n\n<p>\u00c0 cette occasion, notre \u00e9quipe a d\u00e9voil\u00e9 un poster d\u00e9taillant notre protocole de recherche, qui vise \u00e0 mieux comprendre la comp\u00e9tence politique des personnes vivant avec une d\u00e9ficience intellectuelle lorsque celle-ci est renforc\u00e9e par des argumentaires simplifi\u00e9s.<\/p>\n\n\n\n<p>D\u00e9couvrez ci-dessous notre protocole de recherche :<\/p>\n\n\n\n<figure class=\"wp-block-image size-full\"><img alt=\"\" loading=\"lazy\" decoding=\"async\" width=\"870\" height=\"1023\" src=\"https:\/\/wp.unil.ch\/chaquevoixcompte\/files\/2025\/01\/poster_png-2.webp\" alt=\"\" class=\"wp-image-177\" srcset=\"https:\/\/wp.unil.ch\/chaquevoixcompte\/files\/2025\/01\/poster_png-2.webp 870w, https:\/\/wp.unil.ch\/chaquevoixcompte\/files\/2025\/01\/poster_png-2-255x300.webp 255w, https:\/\/wp.unil.ch\/chaquevoixcompte\/files\/2025\/01\/poster_png-2-768x903.webp 768w, https:\/\/wp.unil.ch\/chaquevoixcompte\/files\/2025\/01\/poster_png-2-540x635.webp 540w\" sizes=\"auto, (max-width: 870px) 100vw, 870px\" \/><\/figure>\n\n\n\n<p>Nous remercions chaleureusement les participantes et participants pour leurs questions enrichissantes et leurs suggestions stimulantes.<\/p>\n","protected":false},"excerpt":{"rendered":"<p>Le 7 novembre 2024, nous avons eu l&rsquo;opportunit\u00e9 de pr\u00e9senter le protocole de recherche du projet&nbsp;Chaque voix compte !&nbsp;lors de la Journ\u00e9e de la Recherche de la Facult\u00e9&hellip;<\/p>\n","protected":false},"author":1002952,"featured_media":282,"comment_status":"closed","ping_status":"closed","sticky":false,"template":"","format":"standard","meta":{"_seopress_robots_primary_cat":"","_seopress_titles_title":"","_seopress_titles_desc":"","_seopress_robots_index":"","footnotes":""},"categories":[1],"tags":[],"class_list":{"0":"post-176","1":"post","2":"type-post","3":"status-publish","4":"format-standard","5":"has-post-thumbnail","7":"category-uncategorized"},"_links":{"self":[{"href":"https:\/\/wp.unil.ch\/chaquevoixcompte\/wp-json\/wp\/v2\/posts\/176","targetHints":{"allow":["GET"]}}],"collection":[{"href":"https:\/\/wp.unil.ch\/chaquevoixcompte\/wp-json\/wp\/v2\/posts"}],"about":[{"href":"https:\/\/wp.unil.ch\/chaquevoixcompte\/wp-json\/wp\/v2\/types\/post"}],"author":[{"embeddable":true,"href":"https:\/\/wp.unil.ch\/chaquevoixcompte\/wp-json\/wp\/v2\/users\/1002952"}],"replies":[{"embeddable":true,"href":"https:\/\/wp.unil.ch\/chaquevoixcompte\/wp-json\/wp\/v2\/comments?post=176"}],"version-history":[{"count":2,"href":"https:\/\/wp.unil.ch\/chaquevoixcompte\/wp-json\/wp\/v2\/posts\/176\/revisions"}],"predecessor-version":[{"id":281,"href":"https:\/\/wp.unil.ch\/chaquevoixcompte\/wp-json\/wp\/v2\/posts\/176\/revisions\/281"}],"wp:featuredmedia":[{"embeddable":true,"href":"https:\/\/wp.unil.ch\/chaquevoixcompte\/wp-json\/wp\/v2\/media\/282"}],"wp:attachment":[{"href":"https:\/\/wp.unil.ch\/chaquevoixcompte\/wp-json\/wp\/v2\/media?parent=176"}],"wp:term":[{"taxonomy":"category","embeddable":true,"href":"https:\/\/wp.unil.ch\/chaquevoixcompte\/wp-json\/wp\/v2\/categories?post=176"},{"taxonomy":"post_tag","embeddable":true,"href":"https:\/\/wp.unil.ch\/chaquevoixcompte\/wp-json\/wp\/v2\/tags?post=176"}],"curies":[{"name":"wp","href":"https:\/\/api.w.org\/{rel}","templated":true}]}}