{"id":2120,"date":"2023-05-09T10:59:12","date_gmt":"2023-05-09T08:59:12","guid":{"rendered":"https:\/\/wp.unil.ch\/cavousestegal\/?p=2120"},"modified":"2023-09-12T14:53:22","modified_gmt":"2023-09-12T12:53:22","slug":"minyue-dong-participante-du-programme-h-i-t-2023","status":"publish","type":"post","link":"https:\/\/wp.unil.ch\/cavousestegal\/2023\/05\/minyue-dong-participante-du-programme-h-i-t-2023\/","title":{"rendered":"Minyue Dong, participante du programme H.I.T 2023"},"content":{"rendered":"\n<h4 class=\"wp-block-heading\"><a rel=\"noreferrer noopener\" href=\"https:\/\/applicationspub.unil.ch\/interpub\/noauth\/php\/Un\/UnPers.php?PerNum=37926&amp;LanCode=37\" target=\"_blank\">Minyue Dong <\/a>est professeure ordinaire au D\u00e9partement de comptabilit\u00e9 et contr\u00f4le (DCC) de la Facult\u00e9 des HEC<\/h4>\n\n\n\n<p><em><strong>Pourriez-vous nous pr\u00e9senter bri\u00e8vement vos recherches, vos enseignements ainsi que votre implication au sein de la communaut\u00e9 universitaire?<\/strong><\/em><\/p>\n\n\n\n<p>Mes axes de recherche sont les suivants : le traitement comptable des pertes de cr\u00e9dit, le r\u00f4le de l&rsquo;environnement informationnel dans l&rsquo;influence de la qualit\u00e9 comptable, la discr\u00e9tion des banques sur l&rsquo;ajustement de l&rsquo;\u00e9valuation de la dette, la n\u00e9gociation s\u00e9lective des titres disponibles \u00e0 la vente.<br \/><br \/>Actuellement, j&rsquo;enseigne deux cours li\u00e9s \u00e0 mes int\u00e9r\u00eats de recherche : \u00ab\u00a0Bank Accounting and Reporting\u00a0\u00bb et \u00ab\u00a0Research in Fair Value and Bank Accounting\u00a0\u00bb, respectivement pour les 1\u00e8re et 2\u00e8me ann\u00e9es du Master en Comptabilit\u00e9, Contr\u00f4le et Finance.<\/p>\n\n\n\n<p>Mes activit\u00e9s de recherche et d&rsquo;enseignement s&rsquo;articulent autour d&rsquo;une approche interdisciplinaire qui associe comptabilit\u00e9, finance et banque, avec un accent particulier sur la banque. Les cours que j&rsquo;enseigne sont uniques au sein du programme de Master puisqu&rsquo;ils sont consacr\u00e9s uniquement \u00e0 la banque.<\/p>\n\n\n\n<p><strong><em>Ce que vous attendez du programme de leadership pour professeures H.I.T?<\/em><\/strong><\/p>\n\n\n\n<ol class=\"wp-block-list\">\n<li>Comp\u00e9tences en mati\u00e8re de communication. En tant que personne dont le fran\u00e7ais n&rsquo;est pas la langue maternelle, je rencontre des difficult\u00e9s pour m&rsquo;exprimer efficacement.<\/li>\n\n\n\n<li>Apprendre \u00e0 planifier strat\u00e9giquement et \u00e0 prendre des mesures d\u00e9lib\u00e9r\u00e9es pour atteindre mes objectifs de carri\u00e8re, tout en am\u00e9liorant mes comp\u00e9tences en mati\u00e8re de leadership et en construisant un r\u00e9seau de soutien.<\/li>\n\n\n\n<li>D\u00e9velopper des comp\u00e9tences de leadership f\u00e9minin ayant un impact r\u00e9el. Am\u00e9liorer l&rsquo;atmosph\u00e8re de travail, en particulier pour les femmes professeures, cr\u00e9er un environnement inclusif et favorable.<\/li>\n\n\n\n<li>Impacts g\u00e9n\u00e9raux : renforcer la diversit\u00e9 au sein de l&rsquo;universit\u00e9, encourager les femmes professeures d&rsquo;origines et de milieux culturels diff\u00e9rents \u00e0 participer plus activement au sein de la direction de l&rsquo;universit\u00e9. En particulier, \u00e9tant membre du corps enseignant depuis 2006, je m&rsquo;attends \u00e0 apporter une plus grande valeur ajout\u00e9e \u00e0 l&rsquo;UNIL.<\/li>\n<\/ol>\n","protected":false},"excerpt":{"rendered":"<p>Minyue Dong est professeure ordinaire au D\u00e9partement de comptabilit\u00e9 et contr\u00f4le (DCC) de la Facult\u00e9 des HEC Pourriez-vous nous pr\u00e9senter bri\u00e8vement vos recherches, vos enseignements ainsi que votre&hellip;<\/p>\n","protected":false},"author":1002422,"featured_media":2121,"comment_status":"closed","ping_status":"closed","sticky":false,"template":"template-full-width.php","format":"standard","meta":{"_seopress_robots_primary_cat":"","_seopress_titles_title":"","_seopress_titles_desc":"","_seopress_robots_index":"","footnotes":""},"categories":[47,6,1],"tags":[],"class_list":{"0":"post-2120","1":"post","2":"type-post","3":"status-publish","4":"format-standard","5":"has-post-thumbnail","7":"category-portraits","8":"category-releve","9":"category-tous-les-articles"},"_links":{"self":[{"href":"https:\/\/wp.unil.ch\/cavousestegal\/wp-json\/wp\/v2\/posts\/2120","targetHints":{"allow":["GET"]}}],"collection":[{"href":"https:\/\/wp.unil.ch\/cavousestegal\/wp-json\/wp\/v2\/posts"}],"about":[{"href":"https:\/\/wp.unil.ch\/cavousestegal\/wp-json\/wp\/v2\/types\/post"}],"author":[{"embeddable":true,"href":"https:\/\/wp.unil.ch\/cavousestegal\/wp-json\/wp\/v2\/users\/1002422"}],"replies":[{"embeddable":true,"href":"https:\/\/wp.unil.ch\/cavousestegal\/wp-json\/wp\/v2\/comments?post=2120"}],"version-history":[{"count":0,"href":"https:\/\/wp.unil.ch\/cavousestegal\/wp-json\/wp\/v2\/posts\/2120\/revisions"}],"wp:featuredmedia":[{"embeddable":true,"href":"https:\/\/wp.unil.ch\/cavousestegal\/wp-json\/wp\/v2\/media\/2121"}],"wp:attachment":[{"href":"https:\/\/wp.unil.ch\/cavousestegal\/wp-json\/wp\/v2\/media?parent=2120"}],"wp:term":[{"taxonomy":"category","embeddable":true,"href":"https:\/\/wp.unil.ch\/cavousestegal\/wp-json\/wp\/v2\/categories?post=2120"},{"taxonomy":"post_tag","embeddable":true,"href":"https:\/\/wp.unil.ch\/cavousestegal\/wp-json\/wp\/v2\/tags?post=2120"}],"curies":[{"name":"wp","href":"https:\/\/api.w.org\/{rel}","templated":true}]}}