{"id":950,"date":"2022-05-28T17:59:00","date_gmt":"2022-05-28T15:59:00","guid":{"rendered":"https:\/\/wp.unil.ch\/bluemount\/?p=950"},"modified":"2022-07-11T21:44:57","modified_gmt":"2022-07-11T19:44:57","slug":"episode-2-et-quid-de-la-biomasse","status":"publish","type":"post","link":"https:\/\/wp.unil.ch\/bluemount\/episode-2-et-quid-de-la-biomasse\/","title":{"rendered":"Episode 2 &#8211; Et quid de la biomasse"},"content":{"rendered":"\n<p>Le 27 mai c\u2019est encore un nouveau chapitre du projet qui s\u2019\u00e9crit. Equip\u00e9 d\u2019un p\u00e8se-marchandise improvis\u00e9, de 4 ancrages et d\u2019un m\u00e8tre \u00e0 mesurer, Christophe Randin rejoint une des parcelles test qui vient d\u2019\u00eatre fauch\u00e9e pour la premi\u00e8re coupe de la saison. <\/p>\n\n\n<div class=\"wp-block-image\">\n<figure class=\"aligncenter size-large is-resized\"><img alt=\"\" loading=\"lazy\" decoding=\"async\" src=\"https:\/\/wp.unil.ch\/bluemount\/files\/2022\/06\/la-fauche-1024x768.jpg\" alt=\"\" class=\"wp-image-953\" width=\"512\" height=\"384\" srcset=\"https:\/\/wp.unil.ch\/bluemount\/files\/2022\/06\/la-fauche-1024x768.jpg 1024w, https:\/\/wp.unil.ch\/bluemount\/files\/2022\/06\/la-fauche-300x225.jpg 300w, https:\/\/wp.unil.ch\/bluemount\/files\/2022\/06\/la-fauche-768x576.jpg 768w, https:\/\/wp.unil.ch\/bluemount\/files\/2022\/06\/la-fauche-1536x1152.jpg 1536w, https:\/\/wp.unil.ch\/bluemount\/files\/2022\/06\/la-fauche-540x405.jpg 540w, https:\/\/wp.unil.ch\/bluemount\/files\/2022\/06\/la-fauche-1080x810.jpg 1080w, https:\/\/wp.unil.ch\/bluemount\/files\/2022\/06\/la-fauche.jpg 1600w\" sizes=\"auto, (max-width: 512px) 100vw, 512px\" \/><figcaption>C&rsquo;est l&rsquo;heure de faucher<\/figcaption><\/figure>\n<\/div>\n\n\n<p>Pour savoir si l\u2019irrigation programm\u00e9e affecte la productivit\u00e9 de la prairie, il faut peser l\u2019herbe \u00e0 la coupe et comparer les poids entre la demi-parcelle irrigu\u00e9e manuellement et l\u2019autre irrigu\u00e9e sur la base des mod\u00e8les ODILE. A peine la faucheuse pass\u00e9e, Christophe place ses carr\u00e9s de relev\u00e9 et ramasse ce qui s\u2019y trouve pour la pes\u00e9e. <\/p>\n\n\n\n<div class=\"wp-block-columns is-layout-flex wp-container-core-columns-is-layout-9d6595d7 wp-block-columns-is-layout-flex\">\n<div class=\"wp-block-column is-layout-flow wp-block-column-is-layout-flow\">\n<figure class=\"wp-block-image size-full\"><img alt=\"\" loading=\"lazy\" decoding=\"async\" width=\"768\" height=\"1024\" src=\"https:\/\/wp.unil.ch\/bluemount\/files\/2022\/06\/carre.jpeg\" alt=\"\" class=\"wp-image-957\" srcset=\"https:\/\/wp.unil.ch\/bluemount\/files\/2022\/06\/carre.jpeg 768w, https:\/\/wp.unil.ch\/bluemount\/files\/2022\/06\/carre-225x300.jpeg 225w, https:\/\/wp.unil.ch\/bluemount\/files\/2022\/06\/carre-540x720.jpeg 540w\" sizes=\"auto, (max-width: 768px) 100vw, 768px\" \/><figcaption>Carr\u00e9 de mesure<\/figcaption><\/figure>\n<\/div>\n\n\n\n<div class=\"wp-block-column is-layout-flow wp-block-column-is-layout-flow\">\n<figure class=\"wp-block-image size-large\"><img alt=\"\" loading=\"lazy\" decoding=\"async\" width=\"768\" height=\"1024\" src=\"https:\/\/wp.unil.ch\/bluemount\/files\/2022\/06\/biomasse-768x1024.jpg\" alt=\"\" class=\"wp-image-959\" srcset=\"https:\/\/wp.unil.ch\/bluemount\/files\/2022\/06\/biomasse-768x1024.jpg 768w, https:\/\/wp.unil.ch\/bluemount\/files\/2022\/06\/biomasse-225x300.jpg 225w, https:\/\/wp.unil.ch\/bluemount\/files\/2022\/06\/biomasse-540x720.jpg 540w, https:\/\/wp.unil.ch\/bluemount\/files\/2022\/06\/biomasse.jpg 900w\" sizes=\"auto, (max-width: 768px) 100vw, 768px\" \/><figcaption>La pes\u00e9e<\/figcaption><\/figure>\n<\/div>\n<\/div>\n\n\n\n<p>En m\u00eame temps, les images du satellite Sentinelle s\u2019accumulent sur un serveur. Elles serviront \u00e0 d\u00e9river des indicateurs de croissance des prairies, d\u00e9tecter les irrigations, les coupes, et suivre \u00e0 prix r\u00e9duit le d\u00e9veloppement des parcelles au cours du temps.<\/p>\n\n\n\n<p>Avec les mesures de productivit\u00e9s, c\u2019est un indicateur de plus qui s\u2019ajoute \u00e0 notre tableau de bord. Bient\u00f4t en ligne, ces indicateurs pourront \u00eatre consult\u00e9s et utilis\u00e9s.<\/p>\n","protected":false},"excerpt":{"rendered":"<p>Le 27 mai c\u2019est encore un nouveau chapitre du projet qui s\u2019\u00e9crit. Equip\u00e9 d\u2019un p\u00e8se-marchandise improvis\u00e9, de 4 ancrages et d\u2019un m\u00e8tre \u00e0 mesurer, Christophe Randin rejoint une&hellip;<\/p>\n","protected":false},"author":1002192,"featured_media":955,"comment_status":"open","ping_status":"closed","sticky":false,"template":"template-full-width-cover.php","format":"standard","meta":{"_seopress_robots_primary_cat":"","_seopress_titles_title":"","_seopress_titles_desc":"","_seopress_robots_index":"","footnotes":""},"categories":[6],"tags":[],"class_list":{"0":"post-950","1":"post","2":"type-post","3":"status-publish","4":"format-standard","5":"has-post-thumbnail","7":"category-blog-odile"},"_links":{"self":[{"href":"https:\/\/wp.unil.ch\/bluemount\/wp-json\/wp\/v2\/posts\/950","targetHints":{"allow":["GET"]}}],"collection":[{"href":"https:\/\/wp.unil.ch\/bluemount\/wp-json\/wp\/v2\/posts"}],"about":[{"href":"https:\/\/wp.unil.ch\/bluemount\/wp-json\/wp\/v2\/types\/post"}],"author":[{"embeddable":true,"href":"https:\/\/wp.unil.ch\/bluemount\/wp-json\/wp\/v2\/users\/1002192"}],"replies":[{"embeddable":true,"href":"https:\/\/wp.unil.ch\/bluemount\/wp-json\/wp\/v2\/comments?post=950"}],"version-history":[{"count":0,"href":"https:\/\/wp.unil.ch\/bluemount\/wp-json\/wp\/v2\/posts\/950\/revisions"}],"wp:featuredmedia":[{"embeddable":true,"href":"https:\/\/wp.unil.ch\/bluemount\/wp-json\/wp\/v2\/media\/955"}],"wp:attachment":[{"href":"https:\/\/wp.unil.ch\/bluemount\/wp-json\/wp\/v2\/media?parent=950"}],"wp:term":[{"taxonomy":"category","embeddable":true,"href":"https:\/\/wp.unil.ch\/bluemount\/wp-json\/wp\/v2\/categories?post=950"},{"taxonomy":"post_tag","embeddable":true,"href":"https:\/\/wp.unil.ch\/bluemount\/wp-json\/wp\/v2\/tags?post=950"}],"curies":[{"name":"wp","href":"https:\/\/api.w.org\/{rel}","templated":true}]}}