{"id":987,"date":"2023-03-04T17:52:37","date_gmt":"2023-03-04T16:52:37","guid":{"rendered":"https:\/\/wp.unil.ch\/biodiversite\/?p=987"},"modified":"2023-03-04T18:08:44","modified_gmt":"2023-03-04T17:08:44","slug":"le-pouillot-veloce","status":"publish","type":"post","link":"https:\/\/wp.unil.ch\/biodiversite\/le-pouillot-veloce\/","title":{"rendered":"Le pouillot v\u00e9loce"},"content":{"rendered":"\n<div class=\"wp-block-columns is-layout-flex wp-container-core-columns-is-layout-9d6595d7 wp-block-columns-is-layout-flex\">\n<div class=\"wp-block-column is-layout-flow wp-block-column-is-layout-flow\" style=\"flex-basis:50%\">\n<figure class=\"wp-block-image size-full\"><img alt=\"\" loading=\"lazy\" decoding=\"async\" width=\"600\" height=\"400\" src=\"https:\/\/wp.unil.ch\/biodiversite\/files\/2023\/03\/Pouillot-veloce_600_Mythier.jpg\" alt=\"\" class=\"wp-image-1005\" srcset=\"https:\/\/wp.unil.ch\/biodiversite\/files\/2023\/03\/Pouillot-veloce_600_Mythier.jpg 600w, https:\/\/wp.unil.ch\/biodiversite\/files\/2023\/03\/Pouillot-veloce_600_Mythier-300x200.jpg 300w\" sizes=\"auto, (max-width: 600px) 100vw, 600px\" \/><figcaption class=\"wp-element-caption\">Pouillot v\u00e9loce \u00a9 Mathilde Ythier<\/figcaption><\/figure>\n<\/div>\n\n\n\n<div class=\"wp-block-column is-layout-flow wp-block-column-is-layout-flow\" style=\"flex-basis:50%\">\n<p>A la belle saison, soit entre mars et septembre, le pouillot v\u00e9loce est pr\u00e9sent dans toute l\u2019Europe et sur le continent Asiatique, jusqu\u2019\u00e0 environ 2000 m d\u2019altitude. Le reste de l\u2019ann\u00e9e, il migre vers des zones plus cl\u00e9mentes, c\u2019est-\u00e0-dire dans le bassin m\u00e9diterran\u00e9en europ\u00e9en et Africain. Le plumage du pouillot v\u00e9loce est brun olive sur la partie sup\u00e9rieure du corps, les ailes sont brun fonc\u00e9 entre-m\u00eal\u00e9 de jaune-vert. La partie inf\u00e9rieure du corps est beige avec des stries grises et jaunes. La partie sup\u00e9rieure de la t\u00eate est brune-grise. Le bec est brun avec les commissures qui sont jaunes.<\/p>\n<\/div>\n<\/div>\n\n\n\n<p>Le pouillot v\u00e9loce est pr\u00e9sent dans les zones bois\u00e9es, tel que les for\u00eats, les lisi\u00e8res, les parcs, les jardins. La couleur de son plumage lui permet de se fondre facilement dans la masse du feuillage. Il se nourrit principalement d\u2019insectes et de leurs larves qu\u2019il trouve dans la v\u00e9g\u00e9tation. Les baies et les graines sont parfois consomm\u00e9 en \u00e9t\u00e9, mais en tr\u00e8s faible quantit\u00e9.<\/p>\n\n\n\n<h5 class=\"wp-block-heading\">Le saviez-vous&nbsp;?<\/h5>\n\n\n\n<ul class=\"wp-block-list\">\n<li>Bien qu\u2019il passe la plupart de son temps dans les arbres, les pouillots v\u00e9loces font leur nid au sol ou tr\u00e8s proche du sol.<\/li>\n\n\n\n<li>Ils sont particuli\u00e8rement utiles dans les jardins car ils se nourrissent des nuisibles qui abiment les cultures.<\/li>\n<\/ul>\n","protected":false},"excerpt":{"rendered":"<p>A la belle saison, soit entre mars et septembre, le pouillot v\u00e9loce est pr\u00e9sent dans toute l\u2019Europe et sur le continent Asiatique, jusqu\u2019\u00e0 environ 2000 m d\u2019altitude. Le reste de &hellip; <\/p>\n","protected":false},"author":1801,"featured_media":1005,"comment_status":"closed","ping_status":"closed","sticky":false,"template":"","format":"standard","meta":{"_seopress_robots_primary_cat":"","_seopress_titles_title":"","_seopress_titles_desc":"","_seopress_robots_index":"","footnotes":""},"categories":[4],"tags":[17],"class_list":{"0":"post-987","1":"post","2":"type-post","3":"status-publish","4":"format-standard","5":"has-post-thumbnail","7":"category-oiseaux","8":"tag-oiseau"},"_links":{"self":[{"href":"https:\/\/wp.unil.ch\/biodiversite\/wp-json\/wp\/v2\/posts\/987","targetHints":{"allow":["GET"]}}],"collection":[{"href":"https:\/\/wp.unil.ch\/biodiversite\/wp-json\/wp\/v2\/posts"}],"about":[{"href":"https:\/\/wp.unil.ch\/biodiversite\/wp-json\/wp\/v2\/types\/post"}],"author":[{"embeddable":true,"href":"https:\/\/wp.unil.ch\/biodiversite\/wp-json\/wp\/v2\/users\/1801"}],"replies":[{"embeddable":true,"href":"https:\/\/wp.unil.ch\/biodiversite\/wp-json\/wp\/v2\/comments?post=987"}],"version-history":[{"count":0,"href":"https:\/\/wp.unil.ch\/biodiversite\/wp-json\/wp\/v2\/posts\/987\/revisions"}],"wp:featuredmedia":[{"embeddable":true,"href":"https:\/\/wp.unil.ch\/biodiversite\/wp-json\/wp\/v2\/media\/1005"}],"wp:attachment":[{"href":"https:\/\/wp.unil.ch\/biodiversite\/wp-json\/wp\/v2\/media?parent=987"}],"wp:term":[{"taxonomy":"category","embeddable":true,"href":"https:\/\/wp.unil.ch\/biodiversite\/wp-json\/wp\/v2\/categories?post=987"},{"taxonomy":"post_tag","embeddable":true,"href":"https:\/\/wp.unil.ch\/biodiversite\/wp-json\/wp\/v2\/tags?post=987"}],"curies":[{"name":"wp","href":"https:\/\/api.w.org\/{rel}","templated":true}]}}